{"id":1000,"date":"2017-11-18T12:16:05","date_gmt":"2017-11-18T12:16:05","guid":{"rendered":"https:\/\/parafiakrzyzowa.pl\/?p=1000"},"modified":"2017-11-18T12:16:11","modified_gmt":"2017-11-18T12:16:11","slug":"1000","status":"publish","type":"post","link":"https:\/\/parafiakrzyzowa.pl\/?p=1000","title":{"rendered":""},"content":{"rendered":"<p>&nbsp;<\/p>\n<p>Krzy\u017cowa dn. 19.XI. 2017 r.<\/p>\n<p>&nbsp;<\/p>\n<p>&nbsp;<\/p>\n<p><strong><u>\u00a0XXXIII \u00a0NIEDZIELA \u00a0ZWYK\u0141A<\/u><\/strong><\/p>\n<p>&nbsp;<\/p>\n<p>Zapraszam jeszcze dzi\u015b na R\u00f3\u017caniec o godz. 17:30. Przez wszystkie niedziele listopada b\u0119dzie modlitwa r\u00f3\u017ca\u0144cowa za naszych bliskich zmar\u0142ych.<\/p>\n<p>Bardzo serdecznie zapraszam na codzienn\u0105 msz\u0119 \u015bw. do naszego ko\u015bcio\u0142a. S\u0105 ju\u017c d\u0142ugie wieczory mo\u017cna wi\u0119c wi\u0119cej poczyta\u0107 sobie jak\u0105\u015b dobr\u0105 ksi\u0105\u017ck\u0119 religijn\u0105 czy te\u017c gazet\u0119 cho\u0107by Go\u015bcia niedzielnego.<\/p>\n<p>W sobot\u0119 25 listopada w Jele\u015bni na mszy \u015bw. o godz. 11 lektorzy z naszego dekanatu , a w\u015br\u00f3d nich naszych 7 lektor\u00f3w\u00a0 zostan\u0105 w\u0142\u0105czeni do wsp\u00f3lnoty tych kt\u00f3rzy b\u0119d\u0105 mie\u0107 prawo czyta\u0107 S\u0142owo Bo\u017ce na mszach \u015bwi\u0119tych. Bardzo serdecznie prosz\u0119 rodzic\u00f3w ch\u0142opc\u00f3w o ich dowiezienie do ko\u015bcio\u0142a w Jele\u015bni. Ja zapraszam bardzo serdecznie rodziny nowych lektor\u00f3w koleg\u00f3w i kole\u017canek naszych lektor\u00f3w na ten wa\u017cny dzie\u0144 w kt\u00f3rym nasza rodzina parafialna wzbogaci si\u0119 o nowych g\u0142osicieli S\u0142owa Bo\u017cego.<\/p>\n<p>W niedziel\u0119 26 listopada na mszy \u015bw. o godz. 8:00 b\u0119dzie uroczyste przyj\u0119cie do grona ministrant\u00f3w 8 dziewczynek i 3 ch\u0142opc\u00f3w . Zapraszam na t\u0119 msz\u0119 \u015bw. szczeg\u00f3lnie rodzic\u00f3w nowych ministrant\u00f3w i ministrantek.<\/p>\n<p>Ju\u017c dzi\u015b zapowiadam, \u017ce w Adwencie msze \u015bw. roratnie ze wzgl\u0119du na dzieci b\u0119d\u0105 odprawiane o godz. 17:00.<\/p>\n<p>3 grudnia P. So\u0142tys zapowiada zebranie wiejskie w Stra\u017cnicy o godz. 15. Zebranie b\u0119dzie dotyczy\u0142o K\u00f3\u0142ka rolniczego.<\/p>\n<p>Zach\u0119cam do nabywania prasy katolickiej.<\/p>\n<p>B\u00f3g zap\u0142a\u0107 za sprz\u0105tanie ko\u015bcio\u0142a w tym tygodniu. Nast\u0119pne b\u0119dzie w sobot\u0119<\/p>\n<p>o godz. 9:00. Sprz\u0105taj\u0105 Panie:\u00a0 Katarzyna Barcik Katarzyna Fojtach W\u0142adys\u0142awa G\u00f3ra\u00a0 El\u017cbieta G\u00f3ra.<\/p>\n<p>&nbsp;<\/p>\n<p>Kalendarz liturgiczny<\/p>\n<p>Poniedzia\u0142ek \u2013 wsp. \u015bw. Rafa\u0142a Kalinowskiego<\/p>\n<p>Wtorek \u2013 wsp. Ofiarowania NM Panny<\/p>\n<p>\u015aroda \u2013 wsp. \u015bw. Cecylii m\u0119czennicy<\/p>\n<p>Pi\u0105tek \u2013 wsp. \u015bw. m\u0119czennik\u00f3w Andrzeja Dung laca i towarzyszy<\/p>\n<p>&nbsp;<\/p>\n<p>Spotkania : Z Rad\u0105 Duszpastersk\u0105 i Ekonomiczn\u0105 w sobot\u0119 po wieczornej mszy \u015bw. o godz. 17:00.<\/p>\n<p>Z dzie\u0107mi z klasy III w sobot\u0119 o godz. 9:00<\/p>\n<p>Z kandydatami na ministrant\u00f3w w pi\u0105tek po wieczornej mszy \u015bw.<\/p>\n","protected":false},"excerpt":{"rendered":"<p>&nbsp; Krzy\u017cowa dn. 19.XI. 2017 r. &nbsp; &nbsp; \u00a0XXXIII \u00a0NIEDZIELA \u00a0ZWYK\u0141A &nbsp; Zapraszam jeszcze dzi\u015b na R\u00f3\u017caniec o godz. 17:30. Przez wszystkie niedziele listopada b\u0119dzie modlitwa r\u00f3\u017ca\u0144cowa za naszych bliskich zmar\u0142ych. Bardzo serdecznie zapraszam na codzienn\u0105 msz\u0119 \u015bw. do naszego ko\u015bcio\u0142a. S\u0105 ju\u017c d\u0142ugie wieczory mo\u017cna wi\u0119c wi\u0119cej poczyta\u0107 sobie jak\u0105\u015b dobr\u0105 ksi\u0105\u017ck\u0119 religijn\u0105 czy [&hellip;]<\/p>\n","protected":false},"author":0,"featured_media":0,"comment_status":"closed","ping_status":"closed","sticky":false,"template":"","format":"standard","meta":{"ngg_post_thumbnail":0,"footnotes":""},"categories":[3],"tags":[],"class_list":["post-1000","post","type-post","status-publish","format-standard","hentry","category-ogloszenia"],"aioseo_notices":[],"_links":{"self":[{"href":"https:\/\/parafiakrzyzowa.pl\/index.php?rest_route=\/wp\/v2\/posts\/1000","targetHints":{"allow":["GET"]}}],"collection":[{"href":"https:\/\/parafiakrzyzowa.pl\/index.php?rest_route=\/wp\/v2\/posts"}],"about":[{"href":"https:\/\/parafiakrzyzowa.pl\/index.php?rest_route=\/wp\/v2\/types\/post"}],"replies":[{"embeddable":true,"href":"https:\/\/parafiakrzyzowa.pl\/index.php?rest_route=%2Fwp%2Fv2%2Fcomments&post=1000"}],"version-history":[{"count":1,"href":"https:\/\/parafiakrzyzowa.pl\/index.php?rest_route=\/wp\/v2\/posts\/1000\/revisions"}],"predecessor-version":[{"id":1001,"href":"https:\/\/parafiakrzyzowa.pl\/index.php?rest_route=\/wp\/v2\/posts\/1000\/revisions\/1001"}],"wp:attachment":[{"href":"https:\/\/parafiakrzyzowa.pl\/index.php?rest_route=%2Fwp%2Fv2%2Fmedia&parent=1000"}],"wp:term":[{"taxonomy":"category","embeddable":true,"href":"https:\/\/parafiakrzyzowa.pl\/index.php?rest_route=%2Fwp%2Fv2%2Fcategories&post=1000"},{"taxonomy":"post_tag","embeddable":true,"href":"https:\/\/parafiakrzyzowa.pl\/index.php?rest_route=%2Fwp%2Fv2%2Ftags&post=1000"}],"curies":[{"name":"wp","href":"https:\/\/api.w.org\/{rel}","templated":true}]}}