{"id":1002,"date":"2017-11-18T12:17:53","date_gmt":"2017-11-18T12:17:53","guid":{"rendered":"https:\/\/parafiakrzyzowa.pl\/?p=1002"},"modified":"2017-11-18T12:17:57","modified_gmt":"2017-11-18T12:17:57","slug":"1002","status":"publish","type":"post","link":"https:\/\/parafiakrzyzowa.pl\/?p=1002","title":{"rendered":""},"content":{"rendered":"<p>&nbsp;<\/p>\n<p>&nbsp;<\/p>\n<p><strong><u>\u00a0INTENCJE\u00a0 MSZY \u015aWI\u0118TYCH<\/u><\/strong><\/p>\n<p><strong><u>NIEDZIELA 19.XI. 2017r<\/u><\/strong><\/p>\n<p>Godz. 8:00\u00a0 &#8211;\u00a0\u00a0\u00a0\u00a0\u00a0\u00a0\u00a0\u00a0\u00a0 W intencji Parafian<\/p>\n<p>Godz. 11\u00a0\u00a0\u00a0\u00a0 &#8211;\u00a0\u00a0\u00a0\u00a0\u00a0\u00a0\u00a0\u00a0\u00a0 Dzi\u0119kczynna za dar d\u0142ugiego \u017cycia i za otrzymane \u0142aski<\/p>\n<p>Godz. 18\u00a0 \u00a0\u00a0\u00a0&#8211;\u00a0 \u00a0\u00a0\u00a0+\u00a0 W\u0142adys\u0142aw Krzesak<\/p>\n<p><strong><u>PONIEDZIA\u0141EK 20.XI. 2017r.<\/u><\/strong><\/p>\n<p>Godz. 17\u00a0\u00a0 \u00a0\u00a0&#8211;\u00a0 \u00a0\u00a0+ Emil Walig\u00f3ra<\/p>\n<p><strong><u>WTOREK 21.XI. 2017r.<\/u><\/strong><\/p>\n<p>Godz.7:00\u00a0 \u00a0&#8211;\u00a0\u00a0 + Krystyna Krzesi\u0144ska<\/p>\n<p><strong><u>\u015aRODA 22.XI. 2017r. <\/u><\/strong><\/p>\n<p>Godz. 17\u00a0\u00a0\u00a0 &#8211;\u00a0 ++ Weronika Gawlas m\u0105\u017c Jan syn J\u00f3zef<\/p>\n<p><strong><u>Czwartek<\/u><\/strong><strong><u> 23.XI. 2017r.<\/u><\/strong><\/p>\n<p>Godz.7:00 \u00a0&#8211;\u00a0\u00a0\u00a0\u00a0\u00a0\u00a0 W pewnej intencji<\/p>\n<p><strong><u>Pi\u0105tek 24.XI. 2017r.<\/u><\/strong><\/p>\n<p>Godz. 17\u00a0 &#8211;\u00a0\u00a0\u00a0\u00a0\u00a0 + Anna Michalec<\/p>\n<p><strong><u>SOBOTA 25.XI. 2017r.<\/u><\/strong><\/p>\n<p>Godz. 17\u00a0 &#8211; \u00a0++ Rozalia Matejczyk w 17r. \u015bmierci m\u0105\u017c W\u0142adys\u0142aw<\/p>\n<p><strong><u>NIEDZIELA 26.XI. 2017r.<\/u><\/strong><\/p>\n<p>Godz. 8:00 &#8211; \u00a0+ J\u00f3zef Matejczyk w 14r. \u015bmierci<\/p>\n<p>Godz.11\u00a0\u00a0\u00a0\u00a0 &#8211; ++ Tadeusz Walig\u00f3ra w 25r. \u015bmierci i rodzice<\/p>\n<p>Godz. 18\u00a0\u00a0\u00a0 &#8211;\u00a0\u00a0\u00a0\u00a0\u00a0\u00a0 Dzi\u0119kczynna z pro\u015bb\u0105 o zdrowie i b\u0142. Bo\u017ce dla Franciszka Szewczulaka w 90r. ur,<\/p>\n","protected":false},"excerpt":{"rendered":"<p>&nbsp; &nbsp; \u00a0INTENCJE\u00a0 MSZY \u015aWI\u0118TYCH NIEDZIELA 19.XI. 2017r Godz. 8:00\u00a0 &#8211;\u00a0\u00a0\u00a0\u00a0\u00a0\u00a0\u00a0\u00a0\u00a0 W intencji Parafian Godz. 11\u00a0\u00a0\u00a0\u00a0 &#8211;\u00a0\u00a0\u00a0\u00a0\u00a0\u00a0\u00a0\u00a0\u00a0 Dzi\u0119kczynna za dar d\u0142ugiego \u017cycia i za otrzymane \u0142aski Godz. 18\u00a0 \u00a0\u00a0\u00a0&#8211;\u00a0 \u00a0\u00a0\u00a0+\u00a0 W\u0142adys\u0142aw Krzesak PONIEDZIA\u0141EK 20.XI. 2017r. Godz. 17\u00a0\u00a0 \u00a0\u00a0&#8211;\u00a0 \u00a0\u00a0+ Emil Walig\u00f3ra WTOREK 21.XI. 2017r. Godz.7:00\u00a0 \u00a0&#8211;\u00a0\u00a0 + Krystyna Krzesi\u0144ska \u015aRODA 22.XI. 2017r. Godz. 17\u00a0\u00a0\u00a0 &#8211;\u00a0 [&hellip;]<\/p>\n","protected":false},"author":0,"featured_media":0,"comment_status":"closed","ping_status":"closed","sticky":false,"template":"","format":"standard","meta":{"ngg_post_thumbnail":0,"footnotes":""},"categories":[7],"tags":[],"class_list":["post-1002","post","type-post","status-publish","format-standard","hentry","category-intencje"],"aioseo_notices":[],"_links":{"self":[{"href":"https:\/\/parafiakrzyzowa.pl\/index.php?rest_route=\/wp\/v2\/posts\/1002","targetHints":{"allow":["GET"]}}],"collection":[{"href":"https:\/\/parafiakrzyzowa.pl\/index.php?rest_route=\/wp\/v2\/posts"}],"about":[{"href":"https:\/\/parafiakrzyzowa.pl\/index.php?rest_route=\/wp\/v2\/types\/post"}],"replies":[{"embeddable":true,"href":"https:\/\/parafiakrzyzowa.pl\/index.php?rest_route=%2Fwp%2Fv2%2Fcomments&post=1002"}],"version-history":[{"count":1,"href":"https:\/\/parafiakrzyzowa.pl\/index.php?rest_route=\/wp\/v2\/posts\/1002\/revisions"}],"predecessor-version":[{"id":1003,"href":"https:\/\/parafiakrzyzowa.pl\/index.php?rest_route=\/wp\/v2\/posts\/1002\/revisions\/1003"}],"wp:attachment":[{"href":"https:\/\/parafiakrzyzowa.pl\/index.php?rest_route=%2Fwp%2Fv2%2Fmedia&parent=1002"}],"wp:term":[{"taxonomy":"category","embeddable":true,"href":"https:\/\/parafiakrzyzowa.pl\/index.php?rest_route=%2Fwp%2Fv2%2Fcategories&post=1002"},{"taxonomy":"post_tag","embeddable":true,"href":"https:\/\/parafiakrzyzowa.pl\/index.php?rest_route=%2Fwp%2Fv2%2Ftags&post=1002"}],"curies":[{"name":"wp","href":"https:\/\/api.w.org\/{rel}","templated":true}]}}