{"id":1004,"date":"2017-11-25T09:15:56","date_gmt":"2017-11-25T09:15:56","guid":{"rendered":"https:\/\/parafiakrzyzowa.pl\/?p=1004"},"modified":"2017-11-25T09:16:05","modified_gmt":"2017-11-25T09:16:05","slug":"1004","status":"publish","type":"post","link":"https:\/\/parafiakrzyzowa.pl\/?p=1004","title":{"rendered":""},"content":{"rendered":"<p>&nbsp;<\/p>\n<p>Krzy\u017cowa dn. 26.XI. 2017 r.<\/p>\n<p>&nbsp;<\/p>\n<p><strong><u>UROCZYSTO\u015a\u0106 CHRYSTUSA KR\u00d3LA WSZECH\u015aWIATA<\/u><\/strong><\/p>\n<p>&nbsp;<\/p>\n<p>Zapraszam jeszcze dzi\u015b na R\u00f3\u017caniec o godz. 17:30. za naszych bliskich zmar\u0142ych.<\/p>\n<p>Prze\u017cywamy ostatni\u0105 niedziel\u0119 roku liturgicznego\u00a0 Uroczysto\u015b\u0107 Jezusa Chrystusa Kr\u00f3la Wszech\u015bwiata.<\/p>\n<p>Wszystkim nowym lektorom i ministrantom gratuluj\u0119 nowych funkcji , kt\u00f3re b\u0119d\u0105 pe\u0142ni\u0107 przy O\u0142tarzu w s\u0142u\u017cbie Pana Jezusa. Rodzicom za\u015b serdecznie dzi\u0119kuj\u0119, \u017ce pozwolili swoim dzieciom na t\u0119 s\u0142u\u017cb\u0119 dowozili na spotkania i na kurs do Jele\u015bni. Najbardziej si\u0119 raduj\u0119 , \u017ce w\u015br\u00f3d lektor\u00f3w i ministrant\u00f3w s\u0105 rodze\u0144stwa. Kochani rodzice zobaczycie , \u017ce b\u0119dziecie mie\u0107 ogromn\u0105 pociech\u0119 z tych dzieci.Zapraszam na codzienn\u0105 msz\u0119 \u015bw. do naszego ko\u015bcio\u0142a.<\/p>\n<p>W tym tygodniu przypada I pi\u0105tek i sobota miesi\u0105ca . Spowied\u017a \u015bw. w pi\u0105tek b\u0119dzie od godz. 15:30 do 17. Po mszy \u015bw. nabo\u017ce\u0144stwo do Sera Jezusowego.\u00a0 \u00a0 W sobot\u0119 o godz. 16:30 R\u00f3\u017caniec.<\/p>\n<p>W pi\u0105tek nie b\u0119dzie wizyty u chorych i senior\u00f3w poniewa\u017c b\u0119d\u0119 je\u017adzi\u0142 do nich\u00a0 \u00a0z Panem Jezusem przed \u015bwi\u0119tami.<\/p>\n<p>Ju\u017c dzi\u015b zapowiadam, \u017ce spowied\u017a \u015bw. przed \u015bwi\u0119tami Bo\u017cego Narodzenia b\u0119dzie 21 grudnia.<\/p>\n<p>Bardzo serdecznie dzi\u0119kuj\u0119 Radom Duszpasterskiej i Ekonomicznej za bardzo owocn\u0105 i przyjazn\u0105 wsp\u00f3\u0142prac\u0119 w tym roku i za wczorajsze spotkanie.<\/p>\n<p>B\u0119d\u0119 w zimie za ofiary z I niedziel miesi\u0105ca pr\u00f3bowa\u0142 doko\u0144czy\u0107 remont plebanii. Zosta\u0142a jeszcze klatka schodowa i kancelaria.<\/p>\n<p>Zach\u0119cam do nabywania prasy katolickiej.<\/p>\n<p>B\u00f3g zap\u0142a\u0107 za sprz\u0105tanie ko\u015bcio\u0142a w tym tygodniu. Nast\u0119pne sprz\u0105tanie b\u0119dzie\u00a0\u00a0\u00a0\u00a0\u00a0\u00a0\u00a0\u00a0\u00a0\u00a0\u00a0\u00a0\u00a0\u00a0\u00a0\u00a0\u00a0\u00a0\u00a0\u00a0\u00a0\u00a0 w sobot\u0119 o godz. 9:00. Sprz\u0105taj\u0105 Panie: Gra\u017cyna Duc Gra\u017cyna Duraj Ma\u0142gorzata Dendys i Anna Kaszlej .Nie kupujemy kwiat\u00f3w.<\/p>\n<p>&nbsp;<\/p>\n<p>Kalendarz liturgiczny<\/p>\n<p>Czwartek \u2013 \u015bwi\u0119to \u015bw. Andrzeja Aposto\u0142a.<\/p>\n<p>W najbli\u017csz\u0105 niedziel\u0119 I adwentow\u0105 b\u0119dzie ju\u017c mo\u017cna naby\u0107 \u015bwiece w ramach Wigilijnego Dzie\u0142a Pomocy Dzieciom. Jest to najwi\u0119ksza charytatywna akcja Caritas w Ko\u015bciele Polskim. Ofiary za \u015bwiec\u0119 s\u0105 przekazywane dla najubo\u017cszych\u00a0 i najbardziej potrzebuj\u0105ce dzieci.<\/p>\n<p>To nie jest sprzeda\u017c \u015bwiec po 5 z\u0142. To jest dar serca, taki jaki sk\u0142adacie na rodzin\u0119 w Aleppo.\u00a0 \u00a0 \u00a0 \u00a0 \u00a0 \u00a0 \u00a0 W skarbonce s\u0105 ofiary r\u00f3\u017cne 10 , 20, 50 , 100 czy nawet 200 z\u0142. I to jest w\u0142a\u015bnie dar serca.<\/p>\n<p>&nbsp;<\/p>\n<p>&nbsp;<\/p>\n","protected":false},"excerpt":{"rendered":"<p>&nbsp; Krzy\u017cowa dn. 26.XI. 2017 r. &nbsp; UROCZYSTO\u015a\u0106 CHRYSTUSA KR\u00d3LA WSZECH\u015aWIATA &nbsp; Zapraszam jeszcze dzi\u015b na R\u00f3\u017caniec o godz. 17:30. za naszych bliskich zmar\u0142ych. Prze\u017cywamy ostatni\u0105 niedziel\u0119 roku liturgicznego\u00a0 Uroczysto\u015b\u0107 Jezusa Chrystusa Kr\u00f3la Wszech\u015bwiata. Wszystkim nowym lektorom i ministrantom gratuluj\u0119 nowych funkcji , kt\u00f3re b\u0119d\u0105 pe\u0142ni\u0107 przy O\u0142tarzu w s\u0142u\u017cbie Pana Jezusa. Rodzicom za\u015b serdecznie [&hellip;]<\/p>\n","protected":false},"author":0,"featured_media":0,"comment_status":"closed","ping_status":"closed","sticky":false,"template":"","format":"standard","meta":{"ngg_post_thumbnail":0,"footnotes":""},"categories":[3],"tags":[],"class_list":["post-1004","post","type-post","status-publish","format-standard","hentry","category-ogloszenia"],"aioseo_notices":[],"_links":{"self":[{"href":"https:\/\/parafiakrzyzowa.pl\/index.php?rest_route=\/wp\/v2\/posts\/1004","targetHints":{"allow":["GET"]}}],"collection":[{"href":"https:\/\/parafiakrzyzowa.pl\/index.php?rest_route=\/wp\/v2\/posts"}],"about":[{"href":"https:\/\/parafiakrzyzowa.pl\/index.php?rest_route=\/wp\/v2\/types\/post"}],"replies":[{"embeddable":true,"href":"https:\/\/parafiakrzyzowa.pl\/index.php?rest_route=%2Fwp%2Fv2%2Fcomments&post=1004"}],"version-history":[{"count":1,"href":"https:\/\/parafiakrzyzowa.pl\/index.php?rest_route=\/wp\/v2\/posts\/1004\/revisions"}],"predecessor-version":[{"id":1005,"href":"https:\/\/parafiakrzyzowa.pl\/index.php?rest_route=\/wp\/v2\/posts\/1004\/revisions\/1005"}],"wp:attachment":[{"href":"https:\/\/parafiakrzyzowa.pl\/index.php?rest_route=%2Fwp%2Fv2%2Fmedia&parent=1004"}],"wp:term":[{"taxonomy":"category","embeddable":true,"href":"https:\/\/parafiakrzyzowa.pl\/index.php?rest_route=%2Fwp%2Fv2%2Fcategories&post=1004"},{"taxonomy":"post_tag","embeddable":true,"href":"https:\/\/parafiakrzyzowa.pl\/index.php?rest_route=%2Fwp%2Fv2%2Ftags&post=1004"}],"curies":[{"name":"wp","href":"https:\/\/api.w.org\/{rel}","templated":true}]}}