{"id":1135,"date":"2018-03-09T11:13:46","date_gmt":"2018-03-09T11:13:46","guid":{"rendered":"https:\/\/parafiakrzyzowa.pl\/?p=1135"},"modified":"2018-03-09T11:13:50","modified_gmt":"2018-03-09T11:13:50","slug":"1135","status":"publish","type":"post","link":"https:\/\/parafiakrzyzowa.pl\/?p=1135","title":{"rendered":""},"content":{"rendered":"<p>Krzy\u017cowa 11.III 2018r.<\/p>\n<p><strong>\u00a0\u00a0\u00a0\u00a0\u00a0\u00a0\u00a0\u00a0\u00a0\u00a0\u00a0\u00a0\u00a0\u00a0\u00a0\u00a0\u00a0\u00a0\u00a0 \u00a0<\/strong><\/p>\n<p><strong>\u00a0<\/strong><\/p>\n<p><strong>\u00a0\u00a0\u00a0\u00a0\u00a0\u00a0\u00a0\u00a0\u00a0\u00a0\u00a0\u00a0\u00a0\u00a0\u00a0\u00a0\u00a0\u00a0\u00a0\u00a0\u00a0\u00a0\u00a0\u00a0 <\/strong><strong><u>IV\u00a0 NIEDZIELA WIELKIEGO POSTU<\/u><\/strong><\/p>\n<p>&nbsp;<\/p>\n<p>&nbsp;<\/p>\n<p>Po mszy \u00a0o godz. 8:00 droga krzy\u017cowa dla tych kt\u00f3rzy nie mog\u0105 uczestniczy\u0107\u00a0\u00a0\u00a0\u00a0\u00a0\u00a0\u00a0\u00a0\u00a0\u00a0\u00a0\u00a0\u00a0\u00a0\u00a0\u00a0\u00a0\u00a0 w pi\u0105tek \u2018<\/p>\n<p>O godz. 17:15 Gorzkie \u017bale z kazaniem pasyjnym . Serdecznie zaprasza.<\/p>\n<p>&nbsp;<\/p>\n<p>W \u015brod\u0119 o godz. 17:30 R\u00f3\u017caniec w intencji trze\u017awo\u015bci w naszej Parafii.<\/p>\n<p>Na stronie internetowej s\u0105 umieszczone terminy i godziny dy\u017cur\u00f3w i bezp\u0142atnych porad dla r\u00f3\u017cnych uzale\u017cnie\u0144.<\/p>\n<p>W Urz\u0119dzie Gminy dy\u017curuj\u0105 r\u00f3wnie\u017c prawnicy kt\u00f3rzy udzielaj\u0105 bezp\u0142atnych porad prawnych.<\/p>\n<p>&nbsp;<\/p>\n<p>Bardzo serdecznie dzi\u0119kuj\u0119 wszystkim kt\u00f3rzy pomogli mi przygotowa\u0107 wizytacj\u0119 kanoniczn\u0105. Dzi\u0119kuj\u0119 za ciasto kt\u00f3re przynie\u015bli\u015bcie na plebani\u0119, a Paniom Marii Pastor i Zofii Witas za przygotowanie posi\u0142k\u00f3w dla ks. Biskupa i innych ksi\u0119\u017cy.<\/p>\n<p>&nbsp;<\/p>\n<p>Zach\u0119cam do nabywania prasy katolickiej . Jest Go\u015b\u0107 niedzielny i Dobre Nowiny.<\/p>\n<p>&nbsp;<\/p>\n<p>Dzi\u0119kuj\u0119 za sprz\u0105tanie ko\u015bcio\u0142a w tym tygodniu. Nast\u0119pne b\u0119dzie w sobot\u0119\u00a0\u00a0\u00a0\u00a0\u00a0\u00a0\u00a0\u00a0\u00a0\u00a0\u00a0\u00a0\u00a0\u00a0 \u00a0o godz. 9:00,. Sprz\u0105taj\u0105 Panie Ewa Dybek Magdalena Krzesak i Ewa Mr\u00f3zek.<\/p>\n<p>&nbsp;<\/p>\n<p>W \u015brod\u0119 o godz. 17:30 R\u00f3\u017caniec o trze\u017awo\u015b\u0107 w naszej Parafii.<\/p>\n<p>&nbsp;<\/p>\n<p>W \u015brod\u0119 o godz. 16:30 spotkanie z dzie\u0107mi komunijnymi.<\/p>\n<p>&nbsp;<\/p>\n<p>W pi\u0105tek msza \u015bw. do Bo\u017cego Mi\u0142osierdzia . Po mszy \u015bw; Koronka do Bo\u017cego Mi\u0142osierdzia.<\/p>\n<p>&nbsp;<\/p>\n<p>W najbli\u017csz\u0105 niedziel\u0119 18 marca Rady Duszpasterska i Ekonomiczna b\u0119d\u0105 zbiera\u0107 ofiary na dach ko\u015bcio\u0142a.<\/p>\n<p>&nbsp;<\/p>\n<p>W najbli\u017csz\u0105 niedziel\u0119 rozpoczynamy rekolekcje wielkopostne w naszej Parafii. Programy rekolekcji mo\u017cna sobie zabra\u0107\u00a0 ko\u015bcio\u0142a. Jest r\u00f3wnie\u017c na stronie Internetowi i gablocie przed ko\u015bcio\u0142em.<\/p>\n<p>&nbsp;<\/p>\n","protected":false},"excerpt":{"rendered":"<p>Krzy\u017cowa 11.III 2018r. \u00a0\u00a0\u00a0\u00a0\u00a0\u00a0\u00a0\u00a0\u00a0\u00a0\u00a0\u00a0\u00a0\u00a0\u00a0\u00a0\u00a0\u00a0\u00a0 \u00a0 \u00a0 \u00a0\u00a0\u00a0\u00a0\u00a0\u00a0\u00a0\u00a0\u00a0\u00a0\u00a0\u00a0\u00a0\u00a0\u00a0\u00a0\u00a0\u00a0\u00a0\u00a0\u00a0\u00a0\u00a0\u00a0 IV\u00a0 NIEDZIELA WIELKIEGO POSTU &nbsp; &nbsp; Po mszy \u00a0o godz. 8:00 droga krzy\u017cowa dla tych kt\u00f3rzy nie mog\u0105 uczestniczy\u0107\u00a0\u00a0\u00a0\u00a0\u00a0\u00a0\u00a0\u00a0\u00a0\u00a0\u00a0\u00a0\u00a0\u00a0\u00a0\u00a0\u00a0\u00a0 w pi\u0105tek \u2018 O godz. 17:15 Gorzkie \u017bale z kazaniem pasyjnym . Serdecznie zaprasza. &nbsp; W \u015brod\u0119 o godz. 17:30 R\u00f3\u017caniec w intencji trze\u017awo\u015bci w naszej Parafii. Na stronie [&hellip;]<\/p>\n","protected":false},"author":0,"featured_media":0,"comment_status":"closed","ping_status":"closed","sticky":false,"template":"","format":"standard","meta":{"ngg_post_thumbnail":0,"footnotes":""},"categories":[3],"tags":[],"class_list":["post-1135","post","type-post","status-publish","format-standard","hentry","category-ogloszenia"],"aioseo_notices":[],"_links":{"self":[{"href":"https:\/\/parafiakrzyzowa.pl\/index.php?rest_route=\/wp\/v2\/posts\/1135","targetHints":{"allow":["GET"]}}],"collection":[{"href":"https:\/\/parafiakrzyzowa.pl\/index.php?rest_route=\/wp\/v2\/posts"}],"about":[{"href":"https:\/\/parafiakrzyzowa.pl\/index.php?rest_route=\/wp\/v2\/types\/post"}],"replies":[{"embeddable":true,"href":"https:\/\/parafiakrzyzowa.pl\/index.php?rest_route=%2Fwp%2Fv2%2Fcomments&post=1135"}],"version-history":[{"count":1,"href":"https:\/\/parafiakrzyzowa.pl\/index.php?rest_route=\/wp\/v2\/posts\/1135\/revisions"}],"predecessor-version":[{"id":1136,"href":"https:\/\/parafiakrzyzowa.pl\/index.php?rest_route=\/wp\/v2\/posts\/1135\/revisions\/1136"}],"wp:attachment":[{"href":"https:\/\/parafiakrzyzowa.pl\/index.php?rest_route=%2Fwp%2Fv2%2Fmedia&parent=1135"}],"wp:term":[{"taxonomy":"category","embeddable":true,"href":"https:\/\/parafiakrzyzowa.pl\/index.php?rest_route=%2Fwp%2Fv2%2Fcategories&post=1135"},{"taxonomy":"post_tag","embeddable":true,"href":"https:\/\/parafiakrzyzowa.pl\/index.php?rest_route=%2Fwp%2Fv2%2Ftags&post=1135"}],"curies":[{"name":"wp","href":"https:\/\/api.w.org\/{rel}","templated":true}]}}