{"id":1151,"date":"2018-03-17T12:01:24","date_gmt":"2018-03-17T12:01:24","guid":{"rendered":"https:\/\/parafiakrzyzowa.pl\/?p=1151"},"modified":"2018-03-17T12:23:31","modified_gmt":"2018-03-17T12:23:31","slug":"1151","status":"publish","type":"post","link":"https:\/\/parafiakrzyzowa.pl\/?p=1151","title":{"rendered":""},"content":{"rendered":"<p>&nbsp;<\/p>\n<p>Krzy\u017cowa 18.III 2018r.<\/p>\n<p><strong>\u00a0\u00a0\u00a0\u00a0\u00a0\u00a0\u00a0\u00a0\u00a0\u00a0\u00a0\u00a0\u00a0\u00a0\u00a0\u00a0\u00a0\u00a0\u00a0 \u00a0<\/strong><\/p>\n<p><strong>\u00a0<\/strong><\/p>\n<p><strong>\u00a0 \u00a0 \u00a0 \u00a0 \u00a0 \u00a0 \u00a0 \u00a0 \u00a0 \u00a0 \u00a0 \u00a0 \u00a0 \u00a0 \u00a0 \u00a0 \u00a0 \u00a0 \u00a0\u00a0<\/strong><strong><u>V \u00a0NIEDZIELA WIELKIEGO POSTU<\/u><\/strong><\/p>\n<p>&nbsp;<\/p>\n<p>Rozpoczynamy dzi\u015b rekolekcje wielkopostne. Witam bardzo serdecznie\u00a0 ks. Dr Stanis\u0142awa Cadra kt\u00f3ry b\u0119dzie nam g\u0142osi\u0142 nauki rekolekcyjne. Prosimy dla niego o \u015bwiat\u0142o Ducha \u015awi\u0119tego i si\u0142y potrzebne do prowadzenia nas drogami Ewangelii.<\/p>\n<p>Program rekolekcji jest na karteczkach , kt\u00f3re mo\u017cna sobie zabra\u0107 do dom\u00f3w.<\/p>\n<p>W \u015brod\u0119 po wieczornej mszy \u015bwi\u0119tej spotkanie wszystkich lektor\u00f3w na plebanii. Obecno\u015b\u0107 obowi\u0105zkowa.<\/p>\n<p>W czwartek od godz. 9:00 b\u0119d\u0119 je\u017adzi\u0142 do naszych chorych i senior\u00f3w z Panem Jezusem. Prosz\u0119 zapisywa\u0107 tych do kt\u00f3rych nie je\u017cd\u017c\u0119 na I pi\u0105tek miesi\u0105ca.<\/p>\n<p>W pi\u0105tek droga krzy\u017cowa dla dzieci o godz. 16:30 , dla starszych i m\u0142odzie\u017cy o godz. 17:30. Serdecznie zapraszam.<\/p>\n<p>Zach\u0119cam do nabywania prasy katolickiej.<\/p>\n<p>B\u00f3g zap\u0142a\u0107 a sprz\u0105tanie ko\u015bcio\u0142a w tym tygodniu. Nast\u0119pne b\u0119dzie w sobot\u0119 o godz. 9:00 . Sprz\u0105taj\u0105 Panie: Danuta Kami\u0144ska Ma\u0142gorzata Merwa J\u00f3zefa Ornat\u00a0 Krystyna Hulb\u00f3j.<\/p>\n<p>Mo\u017cna sk\u0142ada\u0107 ofiary na kwiaty do Grobu Pana Jezusa . Bardzo prosz\u0119 aby\u015bcie pami\u0119tali o ofiarach na rodzin\u0119 w Syrii.<\/p>\n<p>W sobot\u0119 na plebanii o godz. 9:00 b\u0119dzie krawcowa ze strojami komunijnymi. Bardzo prosz\u0119 aby mamy przysz\u0142y z dzie\u0107mi.<\/p>\n<p>Dzi\u015b Rada Duszpasterska b\u0119dzie zbiera\u0142a ofiary na dach ko\u015bcio\u0142a . Z g\u00f3ry serdecznie sk\u0142adam B\u00f3g zap\u0142a\u0107 za ofiary.<\/p>\n<p>Za tydzie\u0144 b\u0119dzie Niedziela Palmowa. Bardzo serdecznie prosz\u0119 aby dzieci ju\u017c przygotowywa\u0142y pi\u0119kne palmy. Po mszy \u015bw. o godz. 11 b\u0119dzie wyb\u00f3r najpi\u0119kniejszych palm i nagrody. Po\u015bwi\u0119cenie palm b\u0119dzie na ka\u017cdej mszy \u015bw.<\/p>\n<p>Bardzo serdecznie dzi\u0119kuj\u0119 P. Kazimierzowi Wyrodowi i Stanis\u0142awowi G\u00f3rze za zrobienie pi\u0119knej ambonki przy kt\u00f3rej rozpoczyna si\u0119 msze \u015bw.<\/p>\n","protected":false},"excerpt":{"rendered":"<p>&nbsp; Krzy\u017cowa 18.III 2018r. \u00a0\u00a0\u00a0\u00a0\u00a0\u00a0\u00a0\u00a0\u00a0\u00a0\u00a0\u00a0\u00a0\u00a0\u00a0\u00a0\u00a0\u00a0\u00a0 \u00a0 \u00a0 \u00a0 \u00a0 \u00a0 \u00a0 \u00a0 \u00a0 \u00a0 \u00a0 \u00a0 \u00a0 \u00a0 \u00a0 \u00a0 \u00a0 \u00a0 \u00a0 \u00a0 \u00a0 \u00a0\u00a0V \u00a0NIEDZIELA WIELKIEGO POSTU &nbsp; Rozpoczynamy dzi\u015b rekolekcje wielkopostne. Witam bardzo serdecznie\u00a0 ks. Dr Stanis\u0142awa Cadra kt\u00f3ry b\u0119dzie nam g\u0142osi\u0142 nauki rekolekcyjne. Prosimy dla niego o \u015bwiat\u0142o Ducha \u015awi\u0119tego i [&hellip;]<\/p>\n","protected":false},"author":0,"featured_media":0,"comment_status":"closed","ping_status":"closed","sticky":false,"template":"","format":"standard","meta":{"ngg_post_thumbnail":0,"footnotes":""},"categories":[3],"tags":[],"class_list":["post-1151","post","type-post","status-publish","format-standard","hentry","category-ogloszenia"],"aioseo_notices":[],"_links":{"self":[{"href":"https:\/\/parafiakrzyzowa.pl\/index.php?rest_route=\/wp\/v2\/posts\/1151","targetHints":{"allow":["GET"]}}],"collection":[{"href":"https:\/\/parafiakrzyzowa.pl\/index.php?rest_route=\/wp\/v2\/posts"}],"about":[{"href":"https:\/\/parafiakrzyzowa.pl\/index.php?rest_route=\/wp\/v2\/types\/post"}],"replies":[{"embeddable":true,"href":"https:\/\/parafiakrzyzowa.pl\/index.php?rest_route=%2Fwp%2Fv2%2Fcomments&post=1151"}],"version-history":[{"count":3,"href":"https:\/\/parafiakrzyzowa.pl\/index.php?rest_route=\/wp\/v2\/posts\/1151\/revisions"}],"predecessor-version":[{"id":1154,"href":"https:\/\/parafiakrzyzowa.pl\/index.php?rest_route=\/wp\/v2\/posts\/1151\/revisions\/1154"}],"wp:attachment":[{"href":"https:\/\/parafiakrzyzowa.pl\/index.php?rest_route=%2Fwp%2Fv2%2Fmedia&parent=1151"}],"wp:term":[{"taxonomy":"category","embeddable":true,"href":"https:\/\/parafiakrzyzowa.pl\/index.php?rest_route=%2Fwp%2Fv2%2Fcategories&post=1151"},{"taxonomy":"post_tag","embeddable":true,"href":"https:\/\/parafiakrzyzowa.pl\/index.php?rest_route=%2Fwp%2Fv2%2Ftags&post=1151"}],"curies":[{"name":"wp","href":"https:\/\/api.w.org\/{rel}","templated":true}]}}