{"id":1161,"date":"2018-03-24T06:19:15","date_gmt":"2018-03-24T06:19:15","guid":{"rendered":"https:\/\/parafiakrzyzowa.pl\/?p=1161"},"modified":"2018-03-24T06:19:21","modified_gmt":"2018-03-24T06:19:21","slug":"1161","status":"publish","type":"post","link":"https:\/\/parafiakrzyzowa.pl\/?p=1161","title":{"rendered":""},"content":{"rendered":"<p>LITURGIA TRIDUUM PASCHALNEGO<\/p>\n<p>&nbsp;<\/p>\n<p>Wielki Czwartek<\/p>\n<p>&nbsp;<\/p>\n<p>Ceremoniarz \u2013 Dawid Dendys<\/p>\n<p>Krzy\u017c \u2013 \u00a0Sebastian Biernatek<\/p>\n<p>Turyferariusz\u00a0 &#8211;\u00a0 Szymon Gnojczak i Mateusz Filip<\/p>\n<p>I czyt \u2013 Weronika Witas<\/p>\n<p>Kantorka \u2013 Joanna Hupka<\/p>\n<p>II czyt. \u2013 \u00a0Sylwia Pierlak<\/p>\n<p>Modlitwa wiernych \u2013 Przemek Kormaniak<\/p>\n<p>Dzwony na chwa\u0142a &#8211;<\/p>\n<p>Sygnaturka \u2013<\/p>\n<p>\u015awiece \u2013 \u00a0Karol G\u00f3ra i Pawe\u0142 Nowak<\/p>\n<p>Obna\u017cenie o\u0142tarza \u2013 \u00a0Dawid Dendys<\/p>\n<p>Wielki Pi\u0105tek<\/p>\n<p>Ceremoniarz \u2013 Szymon Gnojczak<\/p>\n<p>I czyt. \u2013 \u00a0Karol G\u00f3ra<\/p>\n<p>Kantorka \u2013 Sylwia Pierlak<\/p>\n<p>II czyt. \u2013 \u00a0Dawid Dendys<\/p>\n<p>M\u0119ka Pa\u0144ska<\/p>\n<p>Narrator \u2013 Mateusz Filip<\/p>\n<p>T\u0142um \u2013 Przemek Kormaniak<\/p>\n<p>Osoba \u2013 Mateusz Gaczorek<\/p>\n<p>&nbsp;<\/p>\n<p>\u015awiece \u2013 \u00a0Dawid Duraj i Dominik Hupka<\/p>\n<p>Krzy\u017c &#8211;\u00a0 Pawe\u0142 Polak i Sebastian Biernatem<\/p>\n<p>Turyferariusz\u00a0 Dawid Dendys i Mateusz Filip<\/p>\n<p>&nbsp;<\/p>\n<p>&nbsp;<\/p>\n","protected":false},"excerpt":{"rendered":"<p>LITURGIA TRIDUUM PASCHALNEGO &nbsp; Wielki Czwartek &nbsp; Ceremoniarz \u2013 Dawid Dendys Krzy\u017c \u2013 \u00a0Sebastian Biernatek Turyferariusz\u00a0 &#8211;\u00a0 Szymon Gnojczak i Mateusz Filip I czyt \u2013 Weronika Witas Kantorka \u2013 Joanna Hupka II czyt. \u2013 \u00a0Sylwia Pierlak Modlitwa wiernych \u2013 Przemek Kormaniak Dzwony na chwa\u0142a &#8211; Sygnaturka \u2013 \u015awiece \u2013 \u00a0Karol G\u00f3ra i Pawe\u0142 Nowak Obna\u017cenie [&hellip;]<\/p>\n","protected":false},"author":0,"featured_media":0,"comment_status":"closed","ping_status":"closed","sticky":false,"template":"","format":"standard","meta":{"ngg_post_thumbnail":0,"footnotes":""},"categories":[3],"tags":[],"class_list":["post-1161","post","type-post","status-publish","format-standard","hentry","category-ogloszenia"],"aioseo_notices":[],"_links":{"self":[{"href":"https:\/\/parafiakrzyzowa.pl\/index.php?rest_route=\/wp\/v2\/posts\/1161","targetHints":{"allow":["GET"]}}],"collection":[{"href":"https:\/\/parafiakrzyzowa.pl\/index.php?rest_route=\/wp\/v2\/posts"}],"about":[{"href":"https:\/\/parafiakrzyzowa.pl\/index.php?rest_route=\/wp\/v2\/types\/post"}],"replies":[{"embeddable":true,"href":"https:\/\/parafiakrzyzowa.pl\/index.php?rest_route=%2Fwp%2Fv2%2Fcomments&post=1161"}],"version-history":[{"count":1,"href":"https:\/\/parafiakrzyzowa.pl\/index.php?rest_route=\/wp\/v2\/posts\/1161\/revisions"}],"predecessor-version":[{"id":1162,"href":"https:\/\/parafiakrzyzowa.pl\/index.php?rest_route=\/wp\/v2\/posts\/1161\/revisions\/1162"}],"wp:attachment":[{"href":"https:\/\/parafiakrzyzowa.pl\/index.php?rest_route=%2Fwp%2Fv2%2Fmedia&parent=1161"}],"wp:term":[{"taxonomy":"category","embeddable":true,"href":"https:\/\/parafiakrzyzowa.pl\/index.php?rest_route=%2Fwp%2Fv2%2Fcategories&post=1161"},{"taxonomy":"post_tag","embeddable":true,"href":"https:\/\/parafiakrzyzowa.pl\/index.php?rest_route=%2Fwp%2Fv2%2Ftags&post=1161"}],"curies":[{"name":"wp","href":"https:\/\/api.w.org\/{rel}","templated":true}]}}