{"id":1181,"date":"2018-04-07T11:43:48","date_gmt":"2018-04-07T11:43:48","guid":{"rendered":"https:\/\/parafiakrzyzowa.pl\/?p=1181"},"modified":"2018-04-07T11:43:52","modified_gmt":"2018-04-07T11:43:52","slug":"1181","status":"publish","type":"post","link":"https:\/\/parafiakrzyzowa.pl\/?p=1181","title":{"rendered":""},"content":{"rendered":"<p><strong>\u00a0 \u00a0\u00a0\u00a0\u00a0\u00a0\u00a0\u00a0\u00a0\u00a0\u00a0\u00a0\u00a0\u00a0\u00a0\u00a0\u00a0\u00a0\u00a0\u00a0\u00a0\u00a0\u00a0\u00a0\u00a0\u00a0\u00a0\u00a0\u00a0\u00a0\u00a0\u00a0\u00a0\u00a0\u00a0\u00a0\u00a0\u00a0\u00a0\u00a0\u00a0\u00a0\u00a0\u00a0\u00a0\u00a0\u00a0\u00a0\u00a0\u00a0\u00a0\u00a0\u00a0\u00a0\u00a0\u00a0\u00a0\u00a0\u00a0\u00a0\u00a0\u00a0\u00a0\u00a0\u00a0\u00a0\u00a0\u00a0\u00a0\u00a0\u00a0\u00a0\u00a0\u00a0\u00a0\u00a0\u00a0\u00a0\u00a0\u00a0\u00a0<\/strong><strong>Krzy\u017cowa 8.IV 2018r.<\/strong><\/p>\n<p><strong>\u00a0\u00a0\u00a0\u00a0\u00a0\u00a0\u00a0\u00a0\u00a0\u00a0\u00a0\u00a0\u00a0\u00a0\u00a0\u00a0\u00a0\u00a0\u00a0 \u00a0<\/strong><\/p>\n<p><strong>\u00a0<\/strong><\/p>\n<p><strong>\u00a0\u00a0\u00a0\u00a0\u00a0\u00a0\u00a0\u00a0\u00a0\u00a0\u00a0\u00a0\u00a0\u00a0\u00a0\u00a0\u00a0\u00a0\u00a0\u00a0\u00a0\u00a0 <u>II \u00a0NIEDZIELA\u00a0 WIELKANOCNA<\/u><\/strong><\/p>\n<p>&nbsp;<\/p>\n<p>&nbsp;<\/p>\n<p>Jutro przypada uroczysto\u015b\u0107 Zwiastowania Pa\u0144skiego przeniesiona z 25 marca, Msze \u015bw. w naszym ko\u015bciele b\u0119d\u0105 o godz. 8 i 18 wieczorem. Bardzo serdecznie zapraszam wszystkich na msz\u0119 \u015bw.<\/p>\n<p>W \u015brod\u0119 o godz. 17:30 R\u00f3\u017caniec w intencji trze\u017awo\u015bci w naszej parafii.<\/p>\n<p>Zapraszam na codzienn\u0105 msz\u0119 \u015bw. do naszej \u015bwi\u0105tyni szczeg\u00f3lne dzieci i m\u0142odzie\u017c.<\/p>\n<p>Przypominam, \u017ce I Komunia \u015bw. w naszej parafii b\u0119dzie 6 maja na mszy \u015bw. o godz. 11:00,\u00a0 \u00a0 \u00a0 \u00a0 \u00a0 \u00a0 \u00a0 \u00a0 \u00a0 a rocznica I komunii \u015bw. klasy IV b\u0119dzie 13 maja na mszy \u015bw. o godz. 11:00.<\/p>\n<p>Spotkanie z dzie\u0107mi komunijnymi b\u0119dzie w tym tygodniu w poniedzia\u0142ek\u00a0 i \u015brod\u0119 o godz. 16:00.<\/p>\n<p>Za tydzie\u0144 Rady Duszpasterska i Ekonomiczna b\u0119d\u0105 zbiera\u0107 ofiary na dach naszego ko\u015bcio\u0142a. Prace na dachu rozpoczn\u0105 si\u0119 za tydzie\u0144 16 kwietnia. Bardzo serdecznie dzi\u0119kuj\u0119 za wasz\u0105 ogromn\u0105 ofiarno\u015b\u0107 i prosz\u0119 aby\u015bcie nie tracili zapa\u0142u.<\/p>\n<p>Niebawem b\u0119dziemy instalowa\u0107 por\u0119cze na schodach na parking i wtedy b\u0119d\u0119 prosi\u0142 m\u0119\u017cczyzn z naszej parafii o pomoc w betonowaniu por\u0119cz.<\/p>\n<p>Jestem pod wra\u017ceniem ogromnej ilo\u015bci parafian na obrz\u0119dach paschalnych\u00a0 i tak sobie pomy\u015bla\u0142em \u017ce ten nasz ko\u015bci\u00f3\u0142 jest za ma\u0142y. A\u017c si\u0119 prosi, \u017ceby go powi\u0119kszy\u0107.<\/p>\n<p>Gor\u0105co prosz\u0119 wszystkie rodziny , \u017ceby nie dopu\u015bci\u0142y aby ich starzy rodzice umarli bez sakrament\u00f3w \u015bwi\u0119tych. Po to odwiedzam naszych senior\u00f3w w I pi\u0105tki miesi\u0105ca. A je\u015bli le\u017c\u0105 w szpitalu to prosz\u0119 dopilnowa\u0107, aby kapelani udzielili im sakramentu namaszczenia chorych.\u00a0 Tu decyduj\u0105 si\u0119 losy wieczne\u00a0 naszych najbli\u017cszych.<\/p>\n<p>Dzi\u0119kuj\u0119 za sprz\u0105tanie ko\u015bcio\u0142a w tym tygodniu. Nast\u0119pne b\u0119dzie w sobot\u0119 o godz. 9:00. Sprz\u0105taj\u0105 Panie Renata Lach Magdalena Barcik Teresa Majdak\u00a0 \u00a0i Maria Hruby.<\/p>\n<p>Zach\u0119cam do nabywania prasy katolickiej . S\u0105 r\u00f3wnie\u017c Dobre Nowiny za darmo i gazeta m\u00f3wi\u0105ca\u00a0 \u00a0 \u00a0o \u017cyciu niepe\u0142nosprawnych w naszym regionie.<\/p>\n<p>W ostatnim tygodniu odeszli z naszej rodziny parafialnej do Pana \u015bp. Anna Pastor i W\u0142adys\u0142aw Bu\u0142awa.\u00a0\u00a0 Wieczny odpoczynek racz im da\u0107 Panie\u2026..<\/p>\n<p>&nbsp;<\/p>\n<p>&nbsp;<\/p>\n","protected":false},"excerpt":{"rendered":"<p>\u00a0 \u00a0\u00a0\u00a0\u00a0\u00a0\u00a0\u00a0\u00a0\u00a0\u00a0\u00a0\u00a0\u00a0\u00a0\u00a0\u00a0\u00a0\u00a0\u00a0\u00a0\u00a0\u00a0\u00a0\u00a0\u00a0\u00a0\u00a0\u00a0\u00a0\u00a0\u00a0\u00a0\u00a0\u00a0\u00a0\u00a0\u00a0\u00a0\u00a0\u00a0\u00a0\u00a0\u00a0\u00a0\u00a0\u00a0\u00a0\u00a0\u00a0\u00a0\u00a0\u00a0\u00a0\u00a0\u00a0\u00a0\u00a0\u00a0\u00a0\u00a0\u00a0\u00a0\u00a0\u00a0\u00a0\u00a0\u00a0\u00a0\u00a0\u00a0\u00a0\u00a0\u00a0\u00a0\u00a0\u00a0\u00a0\u00a0\u00a0\u00a0Krzy\u017cowa 8.IV 2018r. \u00a0\u00a0\u00a0\u00a0\u00a0\u00a0\u00a0\u00a0\u00a0\u00a0\u00a0\u00a0\u00a0\u00a0\u00a0\u00a0\u00a0\u00a0\u00a0 \u00a0 \u00a0 \u00a0\u00a0\u00a0\u00a0\u00a0\u00a0\u00a0\u00a0\u00a0\u00a0\u00a0\u00a0\u00a0\u00a0\u00a0\u00a0\u00a0\u00a0\u00a0\u00a0\u00a0\u00a0 II \u00a0NIEDZIELA\u00a0 WIELKANOCNA &nbsp; &nbsp; Jutro przypada uroczysto\u015b\u0107 Zwiastowania Pa\u0144skiego przeniesiona z 25 marca, Msze \u015bw. w naszym ko\u015bciele b\u0119d\u0105 o godz. 8 i 18 wieczorem. Bardzo serdecznie zapraszam wszystkich na msz\u0119 \u015bw. W \u015brod\u0119 o godz. 17:30 R\u00f3\u017caniec w intencji trze\u017awo\u015bci w naszej parafii. Zapraszam na [&hellip;]<\/p>\n","protected":false},"author":0,"featured_media":0,"comment_status":"closed","ping_status":"closed","sticky":false,"template":"","format":"standard","meta":{"ngg_post_thumbnail":0,"footnotes":""},"categories":[3],"tags":[],"class_list":["post-1181","post","type-post","status-publish","format-standard","hentry","category-ogloszenia"],"aioseo_notices":[],"_links":{"self":[{"href":"https:\/\/parafiakrzyzowa.pl\/index.php?rest_route=\/wp\/v2\/posts\/1181","targetHints":{"allow":["GET"]}}],"collection":[{"href":"https:\/\/parafiakrzyzowa.pl\/index.php?rest_route=\/wp\/v2\/posts"}],"about":[{"href":"https:\/\/parafiakrzyzowa.pl\/index.php?rest_route=\/wp\/v2\/types\/post"}],"replies":[{"embeddable":true,"href":"https:\/\/parafiakrzyzowa.pl\/index.php?rest_route=%2Fwp%2Fv2%2Fcomments&post=1181"}],"version-history":[{"count":1,"href":"https:\/\/parafiakrzyzowa.pl\/index.php?rest_route=\/wp\/v2\/posts\/1181\/revisions"}],"predecessor-version":[{"id":1182,"href":"https:\/\/parafiakrzyzowa.pl\/index.php?rest_route=\/wp\/v2\/posts\/1181\/revisions\/1182"}],"wp:attachment":[{"href":"https:\/\/parafiakrzyzowa.pl\/index.php?rest_route=%2Fwp%2Fv2%2Fmedia&parent=1181"}],"wp:term":[{"taxonomy":"category","embeddable":true,"href":"https:\/\/parafiakrzyzowa.pl\/index.php?rest_route=%2Fwp%2Fv2%2Fcategories&post=1181"},{"taxonomy":"post_tag","embeddable":true,"href":"https:\/\/parafiakrzyzowa.pl\/index.php?rest_route=%2Fwp%2Fv2%2Ftags&post=1181"}],"curies":[{"name":"wp","href":"https:\/\/api.w.org\/{rel}","templated":true}]}}