{"id":1184,"date":"2018-04-14T10:39:01","date_gmt":"2018-04-14T10:39:01","guid":{"rendered":"https:\/\/parafiakrzyzowa.pl\/?p=1184"},"modified":"2018-04-14T10:39:07","modified_gmt":"2018-04-14T10:39:07","slug":"1184","status":"publish","type":"post","link":"https:\/\/parafiakrzyzowa.pl\/?p=1184","title":{"rendered":""},"content":{"rendered":"<p>&nbsp;<\/p>\n<p><strong><u>\u00a0INTENCJE\u00a0 MSZY \u015aWI\u0118TYCH<\/u><\/strong><\/p>\n<p><strong><u>NIEDZIELA 15.IV. 2018r<\/u><\/strong><\/p>\n<p>Godz. 8:00\u00a0 &#8211; ++ Bronis\u0142aw J\u0119drzejas\u00a0 \u017cona Wiktoria i rodzice<\/p>\n<p>Godz. 11\u00a0\u00a0\u00a0\u00a0 &#8211;\u00a0\u00a0 + Bronis\u0142aw P\u0142aza w 13r. \u015bmierci<\/p>\n<p>&#8211;\u00a0\u00a0\u00a0\u00a0\u00a0\u00a0 O zdrowie i b\u0142. Bo\u017ce dla Miko\u0142aja Sk\u00f3rzaka w 1r. urodzin i jego rodzic\u00f3w<\/p>\n<p>Godz. 18\u00a0 \u00a0\u00a0\u00a0&#8211;\u00a0\u00a0\u00a0\u00a0\u00a0 W intencji parafian<\/p>\n<p><strong><u>PONIEDZIA\u0141EK <\/u><\/strong><strong><u>\u00a0\u00a016<\/u><\/strong><strong><u>. IV. 2018r.<\/u><\/strong><\/p>\n<p>Godz. 18\u00a0\u00a0\u00a0 &#8211;\u00a0\u00a0\u00a0 +\u00a0 Maria K\u0142usak<\/p>\n<p><strong><u>WTOREK 17.IV. 2018<\/u><\/strong><\/p>\n<p>Godz. 7:00\u00a0 &#8211;\u00a0\u00a0\u00a0\u00a0\u00a0\u00a0 W pewnej intencji<\/p>\n<p><strong><u>\u015aRODA\u00a0 18.IV. 2018r. <\/u><\/strong><\/p>\n<p>Godz. 18\u00a0\u00a0\u00a0 &#8211;\u00a0 \u00a0\u00a0+\u00a0 Jan P\u0142aza<\/p>\n<p><strong><u>CZWARTEK 19.IV. 2018r.<\/u><\/strong><\/p>\n<p>Godz.7:00 &#8211;\u00a0\u00a0\u00a0\u00a0 +\u00a0 J\u00f3zef Pastor<\/p>\n<p><strong><u>PI\u0104TEK <\/u><\/strong><strong><u>20.IV. 2018r.<\/u><\/strong><\/p>\n<p>Godz. 18 \u00a0\u00a0\u00a0\u00a0&#8211; \u00a0\u00a0\u00a0\u00a0\u00a0\u00a0\u00a0Do Bo\u017cego Mi\u0142osierdzia<\/p>\n<p><strong><u>\u00a0SOBOTA 21.IV. 2018r. <\/u><\/strong><\/p>\n<p>Godz. 18\u00a0\u00a0 \u00a0\u00a0&#8211; \u00a0\u00a0+\u00a0\u00a0 J\u00f3zef Matejczyk w 19r. \u015bmierci<\/p>\n<p><strong><u>NIEDZIELA \u00a022.IV. 2018r.<\/u><\/strong><\/p>\n<p>Godz. 7:00 &#8211; \u00a0\u00a0+ J\u00f3zef Krzesak w 4r. \u015bmierci<\/p>\n<p>Godz.11\u00a0\u00a0\u00a0\u00a0 &#8211; \u00a0\u00a0+\u00a0 Anna Michalec w 1r. \u015bmierci<\/p>\n<p>Godz. 18\u00a0\u00a0\u00a0 &#8211; \u00a0\u00a0\u00a0\u00a0\u00a0\u00a0O zdrowie i b\u0142. Bo\u017ce dla W\u0142adzia w 2r. urodzin oraz jej rodzic\u00f3w i chrzestnych<\/p>\n","protected":false},"excerpt":{"rendered":"<p>&nbsp; \u00a0INTENCJE\u00a0 MSZY \u015aWI\u0118TYCH NIEDZIELA 15.IV. 2018r Godz. 8:00\u00a0 &#8211; ++ Bronis\u0142aw J\u0119drzejas\u00a0 \u017cona Wiktoria i rodzice Godz. 11\u00a0\u00a0\u00a0\u00a0 &#8211;\u00a0\u00a0 + Bronis\u0142aw P\u0142aza w 13r. \u015bmierci &#8211;\u00a0\u00a0\u00a0\u00a0\u00a0\u00a0 O zdrowie i b\u0142. Bo\u017ce dla Miko\u0142aja Sk\u00f3rzaka w 1r. urodzin i jego rodzic\u00f3w Godz. 18\u00a0 \u00a0\u00a0\u00a0&#8211;\u00a0\u00a0\u00a0\u00a0\u00a0 W intencji parafian PONIEDZIA\u0141EK \u00a0\u00a016. IV. 2018r. Godz. 18\u00a0\u00a0\u00a0 &#8211;\u00a0\u00a0\u00a0 +\u00a0 [&hellip;]<\/p>\n","protected":false},"author":0,"featured_media":0,"comment_status":"closed","ping_status":"closed","sticky":false,"template":"","format":"standard","meta":{"ngg_post_thumbnail":0,"footnotes":""},"categories":[7],"tags":[],"class_list":["post-1184","post","type-post","status-publish","format-standard","hentry","category-intencje"],"aioseo_notices":[],"_links":{"self":[{"href":"https:\/\/parafiakrzyzowa.pl\/index.php?rest_route=\/wp\/v2\/posts\/1184","targetHints":{"allow":["GET"]}}],"collection":[{"href":"https:\/\/parafiakrzyzowa.pl\/index.php?rest_route=\/wp\/v2\/posts"}],"about":[{"href":"https:\/\/parafiakrzyzowa.pl\/index.php?rest_route=\/wp\/v2\/types\/post"}],"replies":[{"embeddable":true,"href":"https:\/\/parafiakrzyzowa.pl\/index.php?rest_route=%2Fwp%2Fv2%2Fcomments&post=1184"}],"version-history":[{"count":1,"href":"https:\/\/parafiakrzyzowa.pl\/index.php?rest_route=\/wp\/v2\/posts\/1184\/revisions"}],"predecessor-version":[{"id":1185,"href":"https:\/\/parafiakrzyzowa.pl\/index.php?rest_route=\/wp\/v2\/posts\/1184\/revisions\/1185"}],"wp:attachment":[{"href":"https:\/\/parafiakrzyzowa.pl\/index.php?rest_route=%2Fwp%2Fv2%2Fmedia&parent=1184"}],"wp:term":[{"taxonomy":"category","embeddable":true,"href":"https:\/\/parafiakrzyzowa.pl\/index.php?rest_route=%2Fwp%2Fv2%2Fcategories&post=1184"},{"taxonomy":"post_tag","embeddable":true,"href":"https:\/\/parafiakrzyzowa.pl\/index.php?rest_route=%2Fwp%2Fv2%2Ftags&post=1184"}],"curies":[{"name":"wp","href":"https:\/\/api.w.org\/{rel}","templated":true}]}}