{"id":1187,"date":"2018-04-14T10:40:07","date_gmt":"2018-04-14T10:40:07","guid":{"rendered":"https:\/\/parafiakrzyzowa.pl\/?p=1187"},"modified":"2018-04-14T10:40:11","modified_gmt":"2018-04-14T10:40:11","slug":"1187","status":"publish","type":"post","link":"https:\/\/parafiakrzyzowa.pl\/?p=1187","title":{"rendered":""},"content":{"rendered":"<p>&nbsp;<\/p>\n<p><strong>\u00a0 \u00a0\u00a0\u00a0\u00a0\u00a0\u00a0\u00a0\u00a0\u00a0\u00a0\u00a0\u00a0\u00a0\u00a0\u00a0\u00a0\u00a0\u00a0\u00a0\u00a0\u00a0\u00a0\u00a0\u00a0\u00a0\u00a0\u00a0\u00a0\u00a0\u00a0\u00a0\u00a0\u00a0\u00a0\u00a0\u00a0\u00a0\u00a0\u00a0\u00a0\u00a0\u00a0\u00a0\u00a0\u00a0\u00a0\u00a0\u00a0\u00a0\u00a0\u00a0\u00a0\u00a0\u00a0\u00a0\u00a0\u00a0\u00a0\u00a0\u00a0\u00a0\u00a0\u00a0\u00a0\u00a0\u00a0\u00a0\u00a0\u00a0\u00a0\u00a0\u00a0\u00a0\u00a0\u00a0\u00a0\u00a0\u00a0\u00a0\u00a0<\/strong><strong>Krzy\u017cowa 15.IV 2018r.<\/strong><\/p>\n<p><strong>\u00a0\u00a0\u00a0\u00a0\u00a0\u00a0\u00a0\u00a0\u00a0\u00a0\u00a0\u00a0\u00a0\u00a0\u00a0\u00a0\u00a0\u00a0\u00a0 \u00a0<\/strong><\/p>\n<p><strong>\u00a0<\/strong><\/p>\n<p><strong>\u00a0\u00a0\u00a0\u00a0\u00a0\u00a0\u00a0\u00a0\u00a0\u00a0\u00a0\u00a0\u00a0\u00a0\u00a0\u00a0 <u>III \u00a0NIEDZIELA\u00a0 WIELKANOCNA<\/u><\/strong><\/p>\n<p>&nbsp;<\/p>\n<p>Jutro rozpoczynamy prace na dachu naszego ko\u015bcio\u0142a. Bardzo serdecznie prosz\u0119\u00a0\u00a0\u00a0\u00a0\u00a0\u00a0\u00a0\u00a0\u00a0\u00a0\u00a0\u00a0\u00a0 o modlitw\u0119 w tej intencji. Pro\u015bmy Pana Jezusa Zmartwychwsta\u0142ego i Jego Matk\u0119<\/p>\n<p>O szcz\u0119\u015bliwy przebieg prac, \u017ceby nie by\u0142o jakiego\u015b nieszcz\u0119\u015bliwego wypadku.<\/p>\n<p>Dzi\u015b Rada Duszpasterska i Ekonomiczna b\u0119d\u0105 zbiera\u0107 ofiary na nasze prace przy ko\u015bciele.<\/p>\n<p>Chc\u0119 z rado\u015bci\u0105 og\u0142osi\u0107, \u017ce w pi\u0105tek nasz Dominik mia\u0142 przeszczep szpiku i czuje si\u0119 bardzo dobrze i dzi\u0119kuj\u0119 wam wszystkim za modlitw\u0119 i prosi ci\u0105gle o modlitw\u0119 w jego intencji i \u0141ukasza.<\/p>\n<p>W poniedzia\u0142ek i \u015brod\u0119 spotkanie z dzie\u0107mi z kl. III o godz. 16:00. a z rodzicami dzieci komunijnych w \u015brod\u0119 po wieczornej mszy \u015bw. o godz. 18:00. Bardzo prosz\u0119 \u00a0aby rodzice w czasie spotkania mogli mi powiedzie\u0107 ile os\u00f3b od ka\u017cdego dziecka pojedzie na pielgrzymk\u0119 dzi\u0119kczynn\u0105 kt\u00f3ra odb\u0119dzie si\u0119 12 maja w sobot\u0119.<\/p>\n<p>Miejsce pielgrzymki ustalimy na spotkaniu.<\/p>\n<p>Zach\u0119cam do nabywania prasy katolickiej.<\/p>\n<p>B\u00f3g zap\u0142a\u0107 za sprz\u0105tanie ko\u015bcio\u0142a w tym tygodniu. Nast\u0119pne sprz\u0105tanie w sobot\u0119<\/p>\n<p>o godz. 9:00 Sprz\u0105taj\u0105 Panie: Bo\u017cena J\u0119drzejas Barbara Mocek Anna Wasilewska\u00a0\u00a0\u00a0\u00a0\u00a0\u00a0 i Zofia Basik.<\/p>\n<p>W pi\u0105tek msza \u015bw. do Bo\u017cego Mi\u0142osierdzia . Po mszy \u015bw. koronka i uca\u0142owanie relikwii. Serdecznie zapraszam.<\/p>\n<p>&nbsp;<\/p>\n<p>&nbsp;<\/p>\n<p>&nbsp;<\/p>\n<p>&nbsp;<\/p>\n","protected":false},"excerpt":{"rendered":"<p>&nbsp; \u00a0 \u00a0\u00a0\u00a0\u00a0\u00a0\u00a0\u00a0\u00a0\u00a0\u00a0\u00a0\u00a0\u00a0\u00a0\u00a0\u00a0\u00a0\u00a0\u00a0\u00a0\u00a0\u00a0\u00a0\u00a0\u00a0\u00a0\u00a0\u00a0\u00a0\u00a0\u00a0\u00a0\u00a0\u00a0\u00a0\u00a0\u00a0\u00a0\u00a0\u00a0\u00a0\u00a0\u00a0\u00a0\u00a0\u00a0\u00a0\u00a0\u00a0\u00a0\u00a0\u00a0\u00a0\u00a0\u00a0\u00a0\u00a0\u00a0\u00a0\u00a0\u00a0\u00a0\u00a0\u00a0\u00a0\u00a0\u00a0\u00a0\u00a0\u00a0\u00a0\u00a0\u00a0\u00a0\u00a0\u00a0\u00a0\u00a0\u00a0\u00a0Krzy\u017cowa 15.IV 2018r. \u00a0\u00a0\u00a0\u00a0\u00a0\u00a0\u00a0\u00a0\u00a0\u00a0\u00a0\u00a0\u00a0\u00a0\u00a0\u00a0\u00a0\u00a0\u00a0 \u00a0 \u00a0 \u00a0\u00a0\u00a0\u00a0\u00a0\u00a0\u00a0\u00a0\u00a0\u00a0\u00a0\u00a0\u00a0\u00a0\u00a0\u00a0 III \u00a0NIEDZIELA\u00a0 WIELKANOCNA &nbsp; Jutro rozpoczynamy prace na dachu naszego ko\u015bcio\u0142a. Bardzo serdecznie prosz\u0119\u00a0\u00a0\u00a0\u00a0\u00a0\u00a0\u00a0\u00a0\u00a0\u00a0\u00a0\u00a0\u00a0 o modlitw\u0119 w tej intencji. Pro\u015bmy Pana Jezusa Zmartwychwsta\u0142ego i Jego Matk\u0119 O szcz\u0119\u015bliwy przebieg prac, \u017ceby nie by\u0142o jakiego\u015b nieszcz\u0119\u015bliwego wypadku. Dzi\u015b Rada Duszpasterska i Ekonomiczna b\u0119d\u0105 zbiera\u0107 ofiary na nasze [&hellip;]<\/p>\n","protected":false},"author":0,"featured_media":0,"comment_status":"closed","ping_status":"closed","sticky":false,"template":"","format":"standard","meta":{"ngg_post_thumbnail":0,"footnotes":""},"categories":[3],"tags":[],"class_list":["post-1187","post","type-post","status-publish","format-standard","hentry","category-ogloszenia"],"aioseo_notices":[],"_links":{"self":[{"href":"https:\/\/parafiakrzyzowa.pl\/index.php?rest_route=\/wp\/v2\/posts\/1187","targetHints":{"allow":["GET"]}}],"collection":[{"href":"https:\/\/parafiakrzyzowa.pl\/index.php?rest_route=\/wp\/v2\/posts"}],"about":[{"href":"https:\/\/parafiakrzyzowa.pl\/index.php?rest_route=\/wp\/v2\/types\/post"}],"replies":[{"embeddable":true,"href":"https:\/\/parafiakrzyzowa.pl\/index.php?rest_route=%2Fwp%2Fv2%2Fcomments&post=1187"}],"version-history":[{"count":1,"href":"https:\/\/parafiakrzyzowa.pl\/index.php?rest_route=\/wp\/v2\/posts\/1187\/revisions"}],"predecessor-version":[{"id":1188,"href":"https:\/\/parafiakrzyzowa.pl\/index.php?rest_route=\/wp\/v2\/posts\/1187\/revisions\/1188"}],"wp:attachment":[{"href":"https:\/\/parafiakrzyzowa.pl\/index.php?rest_route=%2Fwp%2Fv2%2Fmedia&parent=1187"}],"wp:term":[{"taxonomy":"category","embeddable":true,"href":"https:\/\/parafiakrzyzowa.pl\/index.php?rest_route=%2Fwp%2Fv2%2Fcategories&post=1187"},{"taxonomy":"post_tag","embeddable":true,"href":"https:\/\/parafiakrzyzowa.pl\/index.php?rest_route=%2Fwp%2Fv2%2Ftags&post=1187"}],"curies":[{"name":"wp","href":"https:\/\/api.w.org\/{rel}","templated":true}]}}