{"id":1191,"date":"2018-04-21T13:26:02","date_gmt":"2018-04-21T13:26:02","guid":{"rendered":"https:\/\/parafiakrzyzowa.pl\/?p=1191"},"modified":"2018-04-21T13:26:07","modified_gmt":"2018-04-21T13:26:07","slug":"1191","status":"publish","type":"post","link":"https:\/\/parafiakrzyzowa.pl\/?p=1191","title":{"rendered":""},"content":{"rendered":"<p>&nbsp;<\/p>\n<p><strong>\u00a0 \u00a0\u00a0\u00a0\u00a0\u00a0\u00a0\u00a0\u00a0\u00a0\u00a0\u00a0\u00a0\u00a0\u00a0\u00a0\u00a0\u00a0\u00a0\u00a0\u00a0\u00a0\u00a0\u00a0\u00a0\u00a0\u00a0\u00a0\u00a0\u00a0\u00a0\u00a0\u00a0\u00a0\u00a0\u00a0\u00a0\u00a0\u00a0\u00a0\u00a0\u00a0\u00a0\u00a0\u00a0\u00a0\u00a0\u00a0\u00a0\u00a0\u00a0\u00a0\u00a0\u00a0\u00a0\u00a0\u00a0\u00a0\u00a0\u00a0\u00a0\u00a0\u00a0\u00a0\u00a0\u00a0\u00a0\u00a0\u00a0\u00a0\u00a0\u00a0\u00a0\u00a0\u00a0\u00a0\u00a0\u00a0\u00a0\u00a0\u00a0<\/strong><strong>Krzy\u017cowa 22.IV 2018r.<\/strong><\/p>\n<p><strong>\u00a0 \u00a0 \u00a0 \u00a0 \u00a0 \u00a0 \u00a0 \u00a0 \u00a0 \u00a0 \u00a0 \u00a0 \u00a0 \u00a0 \u00a0 \u00a0 \u00a0 \u00a0 \u00a0 \u00a0 \u00a0 \u00a0<\/strong><strong>\u00a0\u00a0<u>IV \u00a0NIEDZIELA\u00a0 WIELKANOCNA<\/u><\/strong><\/p>\n<p>&nbsp;<\/p>\n<p>Dzi\u015b prze\u017cywamy dzie\u0144 modlitw o powo\u0142anie do s\u0142u\u017cby Bo\u017cej w Ko\u015bciele st\u0105d dzisiejsza niedziela nosi nazw\u0119 Dobrego Pasterza.<\/p>\n<p>Zapraszam na codzienn\u0105 msz\u0119 \u015bw. do naszego ko\u015bcio\u0142a , szczeg\u00f3lnie w \u015brod\u0119 na Nowenn\u0119 do Matki Bo\u017cej Nieustaj\u0105cej Pomocy.<\/p>\n<p>W \u015brod\u0119 przed msz\u0105 \u015bw. o godz. 17:30 r\u00f3\u017caniec w intencji trze\u017awo\u015bci w naszej parafii. Bardzo serdecznie zapraszam.<\/p>\n<p>W \u015brod\u0119 o godz. 16:00 spotkanie z klas\u0105 IV przed rocznic\u0105 I Komunii \u015bw.<\/p>\n<p>Rozpocz\u0119li\u015bmy prace przy dachu ko\u015bcio\u0142a . Bardzo serdecznie prosz\u0119 ca\u0142\u0105 parafi\u0119\u00a0\u00a0\u00a0\u00a0 o modlitw\u0119 w tej intencji, \u017ceby\u015bmy bez wypadku i szcz\u0119\u015bliwie zako\u0144czyli inwestycj\u0119.<\/p>\n<p>Bardzo serdecznie dzi\u0119kuj\u0119 P. Dariuszowi Dendysowi za wszelk\u0105 pomoc.<\/p>\n<p>Bardzo dzi\u0119kuj\u0119 P. J\u00f3zefowi Wylecia\u0142owi z Krzy\u017c\u00f3wek i jego synowi za wyci\u0119cie ostatnich ju\u017c drzew na cmentarzu.<\/p>\n<p>Ca\u0142ej parafii dzi\u0119kuj\u0119 za ofiary na prace przy dachu. Rady zebra\u0142y w ostatni\u0105 niedziel\u0119 rekordow\u0105 sum\u0119\u2026\u2026.<\/p>\n<p>Dzi\u0119kuj\u0119 naszemu lektorowi Karolkowi G\u00f3rze i oczywi\u015bcie rodzicom za wykoszenie trawy wok\u00f3\u0142 ko\u015bcio\u0142a.<\/p>\n<p>Zach\u0119cam do nabywania prasy katolickiej.<\/p>\n<p>B\u00f3g zap\u0142a\u0107 Paniom sprz\u0105taj\u0105cym ko\u015bci\u00f3\u0142 w tym tygodniu za pi\u0119kne kwiaty. Nast\u0119pne sprz\u0105tanie w sobot\u0119 o godz. 9:00. Nie kupujemy kwiat\u00f3w. Sprz\u0105taj\u0105 Panie: Zofia J\u0119drzejas Halina Wrzeszcz Beata G\u00f3ra i Agata Janiczek.<\/p>\n<p>&nbsp;<\/p>\n<p>&nbsp;<\/p>\n<p>Kalendarz liturgiczny<\/p>\n<p>Poniedzia\u0142ek \u2013 uroczysto\u015b\u0107 \u015bw. Wojciecha biskupa i m\u0119czennika patrona Polski<\/p>\n<p>\u015aroda \u2013 \u015bwi\u0119to \u015bw. Marka Ewangelisty<\/p>\n","protected":false},"excerpt":{"rendered":"<p>&nbsp; \u00a0 \u00a0\u00a0\u00a0\u00a0\u00a0\u00a0\u00a0\u00a0\u00a0\u00a0\u00a0\u00a0\u00a0\u00a0\u00a0\u00a0\u00a0\u00a0\u00a0\u00a0\u00a0\u00a0\u00a0\u00a0\u00a0\u00a0\u00a0\u00a0\u00a0\u00a0\u00a0\u00a0\u00a0\u00a0\u00a0\u00a0\u00a0\u00a0\u00a0\u00a0\u00a0\u00a0\u00a0\u00a0\u00a0\u00a0\u00a0\u00a0\u00a0\u00a0\u00a0\u00a0\u00a0\u00a0\u00a0\u00a0\u00a0\u00a0\u00a0\u00a0\u00a0\u00a0\u00a0\u00a0\u00a0\u00a0\u00a0\u00a0\u00a0\u00a0\u00a0\u00a0\u00a0\u00a0\u00a0\u00a0\u00a0\u00a0\u00a0\u00a0Krzy\u017cowa 22.IV 2018r. \u00a0 \u00a0 \u00a0 \u00a0 \u00a0 \u00a0 \u00a0 \u00a0 \u00a0 \u00a0 \u00a0 \u00a0 \u00a0 \u00a0 \u00a0 \u00a0 \u00a0 \u00a0 \u00a0 \u00a0 \u00a0 \u00a0\u00a0\u00a0IV \u00a0NIEDZIELA\u00a0 WIELKANOCNA &nbsp; Dzi\u015b prze\u017cywamy dzie\u0144 modlitw o powo\u0142anie do s\u0142u\u017cby Bo\u017cej w Ko\u015bciele st\u0105d dzisiejsza niedziela nosi nazw\u0119 Dobrego Pasterza. Zapraszam na codzienn\u0105 msz\u0119 \u015bw. do naszego [&hellip;]<\/p>\n","protected":false},"author":0,"featured_media":0,"comment_status":"closed","ping_status":"closed","sticky":false,"template":"","format":"standard","meta":{"ngg_post_thumbnail":0,"footnotes":""},"categories":[3],"tags":[],"class_list":["post-1191","post","type-post","status-publish","format-standard","hentry","category-ogloszenia"],"aioseo_notices":[],"_links":{"self":[{"href":"https:\/\/parafiakrzyzowa.pl\/index.php?rest_route=\/wp\/v2\/posts\/1191","targetHints":{"allow":["GET"]}}],"collection":[{"href":"https:\/\/parafiakrzyzowa.pl\/index.php?rest_route=\/wp\/v2\/posts"}],"about":[{"href":"https:\/\/parafiakrzyzowa.pl\/index.php?rest_route=\/wp\/v2\/types\/post"}],"replies":[{"embeddable":true,"href":"https:\/\/parafiakrzyzowa.pl\/index.php?rest_route=%2Fwp%2Fv2%2Fcomments&post=1191"}],"version-history":[{"count":1,"href":"https:\/\/parafiakrzyzowa.pl\/index.php?rest_route=\/wp\/v2\/posts\/1191\/revisions"}],"predecessor-version":[{"id":1192,"href":"https:\/\/parafiakrzyzowa.pl\/index.php?rest_route=\/wp\/v2\/posts\/1191\/revisions\/1192"}],"wp:attachment":[{"href":"https:\/\/parafiakrzyzowa.pl\/index.php?rest_route=%2Fwp%2Fv2%2Fmedia&parent=1191"}],"wp:term":[{"taxonomy":"category","embeddable":true,"href":"https:\/\/parafiakrzyzowa.pl\/index.php?rest_route=%2Fwp%2Fv2%2Fcategories&post=1191"},{"taxonomy":"post_tag","embeddable":true,"href":"https:\/\/parafiakrzyzowa.pl\/index.php?rest_route=%2Fwp%2Fv2%2Ftags&post=1191"}],"curies":[{"name":"wp","href":"https:\/\/api.w.org\/{rel}","templated":true}]}}