{"id":1194,"date":"2018-04-21T13:27:37","date_gmt":"2018-04-21T13:27:37","guid":{"rendered":"https:\/\/parafiakrzyzowa.pl\/?p=1194"},"modified":"2018-04-21T13:27:41","modified_gmt":"2018-04-21T13:27:41","slug":"1194","status":"publish","type":"post","link":"https:\/\/parafiakrzyzowa.pl\/?p=1194","title":{"rendered":""},"content":{"rendered":"<p>&nbsp;<\/p>\n<p>&nbsp;<\/p>\n<p><strong><u>\u00a0INTENCJE\u00a0 MSZY \u015aWI\u0118TYC<\/u><\/strong><\/p>\n<p><strong><u>NIEDZIELA 22.IV. 2018r<\/u><\/strong><\/p>\n<p>Godz. 8:00\u00a0 &#8211;\u00a0\u00a0 + J\u00f3zef Krzesak w 4r. \u015bmierci<\/p>\n<p>Godz. 11\u00a0\u00a0 \u00a0\u00a0&#8211;\u00a0\u00a0 + Anna Michalec w 1r. \u015bmierci<\/p>\n<p>Godz. 18\u00a0 \u00a0\u00a0\u00a0&#8211;\u00a0\u00a0\u00a0\u00a0\u00a0\u00a0 O zdrowie i b\u0142. Bo\u017ce dla W\u0142adzia w 2r. urodzin oraz rodzic\u00f3w i chrzestnych<\/p>\n<p><strong><u>PONIEDZIA\u0141EK <\/u><\/strong><strong><u>\u00a0\u00a023<\/u><\/strong><strong><u>. IV. 2018r.<\/u><\/strong><\/p>\n<p>Godz. 18\u00a0\u00a0\u00a0 &#8211;\u00a0\u00a0\u00a0 +\u00a0 Piotr S\u0142onina<\/p>\n<p><strong><u>WTOREK 24.IV. 2018<\/u><\/strong><\/p>\n<p>Godz. 7:00\u00a0 &#8211;\u00a0\u00a0\u00a0\u00a0\u00a0\u00a0 W pewnej intencji<\/p>\n<p><strong><u>\u015aRODA\u00a0 25.IV. 2018r. <\/u><\/strong><\/p>\n<p>Godz. 18\u00a0\u00a0\u00a0 &#8211; O zdrowie i b\u0142. Bo\u017ce dla Jasia Karola Kapraka w 1r, urodzin jego rodzic\u00f3w i chrzestnych<\/p>\n<p><strong><u>CZWARTEK 26.IV. 2018r.<\/u><\/strong><\/p>\n<p>Godz.7:00 &#8211;\u00a0\u00a0\u00a0\u00a0 +\u00a0 Emil Waligora<\/p>\n<p><strong><u>PI\u0104TEK <\/u><\/strong><strong><u>27.IV. 2018r.<\/u><\/strong><\/p>\n<p>Godz. 18 \u00a0\u00a0\u00a0\u00a0&#8211; \u00a0\u00a0+ Piotr S\u0142onina<\/p>\n<p><strong><u>\u00a0SOBOTA 28.IV. 2018r. <\/u><\/strong><\/p>\n<p>Godz. 18\u00a0\u00a0 \u00a0\u00a0&#8211; \u00a0\u00a0+ \u00a0Grzegorz Malinowski<\/p>\n<p><strong><u>NIEDZIELA \u00a022.IV. 2018r.<\/u><\/strong><\/p>\n<p>Godz. 7:00 &#8211; ++ Tadeusz Kaprak w 2r. \u015bmierci i rodzice<\/p>\n<p>Godz.11\u00a0\u00a0\u00a0\u00a0 &#8211; \u00a0\u00a0\u00a0+ J\u00f3zef Pasta w 1r. \u015bmierci<\/p>\n<p>Godz. 18\u00a0\u00a0\u00a0 &#8211; \u00a0\u00a0\u00a0\u00a0\u00a0\u00a0O zdrowie i b\u0142. Bo\u017ce dla W\u0142adys\u0142awa Cudzicha w 90r. urodzin<\/p>\n","protected":false},"excerpt":{"rendered":"<p>&nbsp; &nbsp; \u00a0INTENCJE\u00a0 MSZY \u015aWI\u0118TYC NIEDZIELA 22.IV. 2018r Godz. 8:00\u00a0 &#8211;\u00a0\u00a0 + J\u00f3zef Krzesak w 4r. \u015bmierci Godz. 11\u00a0\u00a0 \u00a0\u00a0&#8211;\u00a0\u00a0 + Anna Michalec w 1r. \u015bmierci Godz. 18\u00a0 \u00a0\u00a0\u00a0&#8211;\u00a0\u00a0\u00a0\u00a0\u00a0\u00a0 O zdrowie i b\u0142. Bo\u017ce dla W\u0142adzia w 2r. urodzin oraz rodzic\u00f3w i chrzestnych PONIEDZIA\u0141EK \u00a0\u00a023. IV. 2018r. Godz. 18\u00a0\u00a0\u00a0 &#8211;\u00a0\u00a0\u00a0 +\u00a0 Piotr S\u0142onina WTOREK 24.IV. [&hellip;]<\/p>\n","protected":false},"author":0,"featured_media":0,"comment_status":"closed","ping_status":"closed","sticky":false,"template":"","format":"standard","meta":{"ngg_post_thumbnail":0,"footnotes":""},"categories":[7],"tags":[],"class_list":["post-1194","post","type-post","status-publish","format-standard","hentry","category-intencje"],"aioseo_notices":[],"_links":{"self":[{"href":"https:\/\/parafiakrzyzowa.pl\/index.php?rest_route=\/wp\/v2\/posts\/1194","targetHints":{"allow":["GET"]}}],"collection":[{"href":"https:\/\/parafiakrzyzowa.pl\/index.php?rest_route=\/wp\/v2\/posts"}],"about":[{"href":"https:\/\/parafiakrzyzowa.pl\/index.php?rest_route=\/wp\/v2\/types\/post"}],"replies":[{"embeddable":true,"href":"https:\/\/parafiakrzyzowa.pl\/index.php?rest_route=%2Fwp%2Fv2%2Fcomments&post=1194"}],"version-history":[{"count":1,"href":"https:\/\/parafiakrzyzowa.pl\/index.php?rest_route=\/wp\/v2\/posts\/1194\/revisions"}],"predecessor-version":[{"id":1195,"href":"https:\/\/parafiakrzyzowa.pl\/index.php?rest_route=\/wp\/v2\/posts\/1194\/revisions\/1195"}],"wp:attachment":[{"href":"https:\/\/parafiakrzyzowa.pl\/index.php?rest_route=%2Fwp%2Fv2%2Fmedia&parent=1194"}],"wp:term":[{"taxonomy":"category","embeddable":true,"href":"https:\/\/parafiakrzyzowa.pl\/index.php?rest_route=%2Fwp%2Fv2%2Fcategories&post=1194"},{"taxonomy":"post_tag","embeddable":true,"href":"https:\/\/parafiakrzyzowa.pl\/index.php?rest_route=%2Fwp%2Fv2%2Ftags&post=1194"}],"curies":[{"name":"wp","href":"https:\/\/api.w.org\/{rel}","templated":true}]}}