{"id":1199,"date":"2018-04-27T07:59:40","date_gmt":"2018-04-27T07:59:40","guid":{"rendered":"https:\/\/parafiakrzyzowa.pl\/?p=1199"},"modified":"2018-04-27T14:36:52","modified_gmt":"2018-04-27T14:36:52","slug":"1199","status":"publish","type":"post","link":"https:\/\/parafiakrzyzowa.pl\/?p=1199","title":{"rendered":""},"content":{"rendered":"<p><strong>\u00a0 \u00a0\u00a0\u00a0\u00a0\u00a0\u00a0\u00a0\u00a0\u00a0\u00a0\u00a0\u00a0\u00a0\u00a0\u00a0\u00a0\u00a0\u00a0\u00a0\u00a0\u00a0\u00a0\u00a0\u00a0\u00a0\u00a0\u00a0\u00a0\u00a0\u00a0\u00a0\u00a0\u00a0\u00a0\u00a0\u00a0\u00a0\u00a0\u00a0\u00a0\u00a0\u00a0\u00a0\u00a0\u00a0\u00a0\u00a0\u00a0\u00a0\u00a0\u00a0\u00a0\u00a0\u00a0\u00a0\u00a0\u00a0\u00a0\u00a0\u00a0\u00a0\u00a0\u00a0\u00a0\u00a0\u00a0\u00a0\u00a0\u00a0\u00a0\u00a0\u00a0\u00a0\u00a0\u00a0\u00a0\u00a0\u00a0\u00a0\u00a0<\/strong><strong>Krzy\u017cowa 29.IV 2018r.<\/strong><\/p>\n<p><strong>\u00a0\u00a0\u00a0\u00a0\u00a0\u00a0\u00a0\u00a0\u00a0\u00a0\u00a0\u00a0\u00a0\u00a0\u00a0\u00a0\u00a0\u00a0\u00a0 <\/strong><\/p>\n<p><strong>\u00a0 \u00a0 \u00a0 \u00a0 \u00a0 \u00a0 \u00a0 \u00a0 \u00a0 \u00a0 \u00a0 \u00a0 \u00a0 \u00a0 \u00a0 \u00a0 \u00a0 \u00a0 \u00a0 \u00a0 \u00a0 \u00a0 \u00a0 \u00a0 \u00a0<\/strong><strong><u>V \u00a0NIEDZIELA\u00a0 WIELKANOCNA<\/u><\/strong><\/p>\n<p>&nbsp;<\/p>\n<p>We wtorek rozpoczyna si\u0119 miesi\u0105c maj \u2013 miesi\u0105c maryjny. Rozpoczynamy nabo\u017ce\u0144stwa majowe na kt\u00f3re zapraszam ca\u0142\u0105 parafi\u0119 wszystkie dzieci i m\u0142odzie\u017c. Matka Naj\u015bwi\u0119tsza jest patronk\u0105 naszej parafii , poka\u017cmy \u017ce J\u0105 kochamy bardziej ni\u017c inne wsp\u00f3lnoty parafialne.<\/p>\n<p>&nbsp;<\/p>\n<p>Msze \u015bw. w dni powszednie przez ca\u0142y maj b\u0119d\u0105 o godz. 18:00. Maj\u00f3wki b\u0119d\u0105 w tygodniu po\u00a0 \u00a0 \u00a0 \u00a0 \u00a0 \u00a0 \u00a0 mszy \u015bw. , a w niedziele i \u015bwi\u0119ta o godz. 17:30.<\/p>\n<p>W \u015brod\u0119 o godz. 17:30 r\u00f3\u017caniec w intencji trze\u017awo\u015bci w naszej parafii.<\/p>\n<p>W czwartek przypada uroczysto\u015b\u0107 Matki Bo\u017cej Kr\u00f3lowej Polaki. Jest to \u015bwi\u0119to religijne i narodowe. Msze \u015bw. w naszym ko\u015bciele b\u0119d\u0105 w porz\u0105dku niedzielnym.<\/p>\n<p>Na msz\u0119 \u015bw. o godz. 11 zapraszam naszych stra\u017cak\u00f3w z Krzy\u017cowej i Krzy\u017c\u00f3wek . B\u0119dziemy si\u0119 za nich modli\u0107 i dzi\u0119kowa\u0107 Bogu, \u017ce s\u0105 z okazji ich \u015bwi\u0119ta patronalnego \u015bw. Floriana , kt\u00f3re przypada\u00a0 4 maja.<\/p>\n<p>Bardzo gor\u0105co prosz\u0119 was aby\u015bcie wywiesili na swoich domach flag\u0119 bia\u0142o-czerwon\u0105. Postaram si\u0119 sprowadzi\u0107 flagi bia\u0142o-czerwone po to aby 11 listopada kiedy b\u0119dziemy obchodzili 100 rocznic\u0119 odzyskania niepodleg\u0142o\u015bci na wszystkich domach w naszej parafii by\u0142a nasza bia\u0142o-czerwona. Wszyscy kochamy nasz\u0105 umi\u0142owan\u0105 ziemsk\u0105 Matk\u0119 \u2013 Polsk\u0119.<\/p>\n<p>W tym tygodniu przypada I pi\u0105tek miesi\u0105ca . Wizyta u chorych od godz. 9:00.<\/p>\n<p>Spowied\u017a \u015bw. od godz. 16:30 do 18. Bardzo serdecznie zapraszam. Dla dzieci\u00a0 z klasy IV b\u0119dzie to spowied\u017a \u015bw. przed rocznic\u0105 I komunii \u015bw.<\/p>\n<p>Spotkanie z dzie\u0107mi z klasy III w poniedzia\u0142ek o godz. 16<\/p>\n<p>W sobot\u0119 od godz. 9:00 do 10 b\u0119dzie spowied\u017a \u015bw. dla dzieci komunijnych z klasy III i dla ich rodzin.<\/p>\n<p>W sobot\u0119 o godz. 17:30 zapraszam na r\u00f3\u017caniec , kt\u00f3ry prowadz\u0105 R\u00f3\u017ce w I sobot\u0119 miesi\u0105ca. Bardzo serdecznie prosz\u0119 o modlitw\u0119 w intencji prac przy naszym ko\u015bciele.<\/p>\n<p>W najbli\u017csz\u0105 niedziel\u0119 6 maja na mszy \u015bw. o godz. 11 I komunia \u015bw. Wszystkie \u015brodkowe \u0142awki b\u0119d\u0105 zarezerwowane dla rodzic\u00f3w i rodzin dzieci komunijnych Bardzo prosz\u0119 aby nie zainteresowani wybrali sobie inn\u0105 msz\u0119 \u015bw. albo znale\u017ali sobie inne miejsce w ko\u015bciele.<\/p>\n<p>Zach\u0119cam do nabywania prasy katolickiej.<\/p>\n<p>B\u00f3g zap\u0142a\u0107 za sprz\u0105tanie ko\u015bcio\u0142a w tym tygodniu. Nast\u0119pne b\u0119dzie w sobot\u0119 po wieczornej mszy \u015bw. Wyznaczam dwie grupy Pa\u0144: Krystyna Jurasz Maria Kocio\u0142ek Anna Kami\u0144ska Maria Kami\u0144ska Barbara Kocio\u0142ek Beata Polak Sylwia Czul i Barbara Pietraszko. Nie kupujemy kwiat\u00f3w.<\/p>\n<p>&nbsp;<\/p>\n<p>Kalendarz liturgiczny<\/p>\n<p>Wtorek \u2013 wsp. \u015bw. J\u00f3zefa rzemie\u015blnika<\/p>\n<p>Czwartek \u2013 uroczysto\u015b\u0107 NM Panny Kr\u00f3lowej Polski<\/p>\n<p>Pi\u0105tek \u2013 wsp. \u015bw. Floriana , m\u0119czennika<\/p>\n<p>&nbsp;<\/p>\n","protected":false},"excerpt":{"rendered":"<p>\u00a0 \u00a0\u00a0\u00a0\u00a0\u00a0\u00a0\u00a0\u00a0\u00a0\u00a0\u00a0\u00a0\u00a0\u00a0\u00a0\u00a0\u00a0\u00a0\u00a0\u00a0\u00a0\u00a0\u00a0\u00a0\u00a0\u00a0\u00a0\u00a0\u00a0\u00a0\u00a0\u00a0\u00a0\u00a0\u00a0\u00a0\u00a0\u00a0\u00a0\u00a0\u00a0\u00a0\u00a0\u00a0\u00a0\u00a0\u00a0\u00a0\u00a0\u00a0\u00a0\u00a0\u00a0\u00a0\u00a0\u00a0\u00a0\u00a0\u00a0\u00a0\u00a0\u00a0\u00a0\u00a0\u00a0\u00a0\u00a0\u00a0\u00a0\u00a0\u00a0\u00a0\u00a0\u00a0\u00a0\u00a0\u00a0\u00a0\u00a0\u00a0Krzy\u017cowa 29.IV 2018r. \u00a0\u00a0\u00a0\u00a0\u00a0\u00a0\u00a0\u00a0\u00a0\u00a0\u00a0\u00a0\u00a0\u00a0\u00a0\u00a0\u00a0\u00a0\u00a0 \u00a0 \u00a0 \u00a0 \u00a0 \u00a0 \u00a0 \u00a0 \u00a0 \u00a0 \u00a0 \u00a0 \u00a0 \u00a0 \u00a0 \u00a0 \u00a0 \u00a0 \u00a0 \u00a0 \u00a0 \u00a0 \u00a0 \u00a0 \u00a0 \u00a0V \u00a0NIEDZIELA\u00a0 WIELKANOCNA &nbsp; We wtorek rozpoczyna si\u0119 miesi\u0105c maj \u2013 miesi\u0105c maryjny. Rozpoczynamy nabo\u017ce\u0144stwa majowe na kt\u00f3re zapraszam ca\u0142\u0105 parafi\u0119 wszystkie dzieci i m\u0142odzie\u017c. Matka [&hellip;]<\/p>\n","protected":false},"author":0,"featured_media":0,"comment_status":"closed","ping_status":"closed","sticky":false,"template":"","format":"standard","meta":{"ngg_post_thumbnail":0,"footnotes":""},"categories":[3],"tags":[],"class_list":["post-1199","post","type-post","status-publish","format-standard","hentry","category-ogloszenia"],"aioseo_notices":[],"_links":{"self":[{"href":"https:\/\/parafiakrzyzowa.pl\/index.php?rest_route=\/wp\/v2\/posts\/1199","targetHints":{"allow":["GET"]}}],"collection":[{"href":"https:\/\/parafiakrzyzowa.pl\/index.php?rest_route=\/wp\/v2\/posts"}],"about":[{"href":"https:\/\/parafiakrzyzowa.pl\/index.php?rest_route=\/wp\/v2\/types\/post"}],"replies":[{"embeddable":true,"href":"https:\/\/parafiakrzyzowa.pl\/index.php?rest_route=%2Fwp%2Fv2%2Fcomments&post=1199"}],"version-history":[{"count":3,"href":"https:\/\/parafiakrzyzowa.pl\/index.php?rest_route=\/wp\/v2\/posts\/1199\/revisions"}],"predecessor-version":[{"id":1205,"href":"https:\/\/parafiakrzyzowa.pl\/index.php?rest_route=\/wp\/v2\/posts\/1199\/revisions\/1205"}],"wp:attachment":[{"href":"https:\/\/parafiakrzyzowa.pl\/index.php?rest_route=%2Fwp%2Fv2%2Fmedia&parent=1199"}],"wp:term":[{"taxonomy":"category","embeddable":true,"href":"https:\/\/parafiakrzyzowa.pl\/index.php?rest_route=%2Fwp%2Fv2%2Fcategories&post=1199"},{"taxonomy":"post_tag","embeddable":true,"href":"https:\/\/parafiakrzyzowa.pl\/index.php?rest_route=%2Fwp%2Fv2%2Ftags&post=1199"}],"curies":[{"name":"wp","href":"https:\/\/api.w.org\/{rel}","templated":true}]}}