{"id":1239,"date":"2018-05-26T13:31:37","date_gmt":"2018-05-26T13:31:37","guid":{"rendered":"https:\/\/parafiakrzyzowa.pl\/?p=1239"},"modified":"2018-05-26T13:31:43","modified_gmt":"2018-05-26T13:31:43","slug":"1239","status":"publish","type":"post","link":"https:\/\/parafiakrzyzowa.pl\/?p=1239","title":{"rendered":""},"content":{"rendered":"<p>&nbsp;<\/p>\n<p><strong>\u00a0 \u00a0\u00a0\u00a0\u00a0\u00a0\u00a0\u00a0\u00a0\u00a0\u00a0\u00a0\u00a0\u00a0\u00a0\u00a0\u00a0\u00a0\u00a0\u00a0\u00a0\u00a0\u00a0\u00a0\u00a0\u00a0\u00a0\u00a0\u00a0\u00a0\u00a0\u00a0\u00a0\u00a0\u00a0\u00a0\u00a0\u00a0\u00a0\u00a0\u00a0\u00a0\u00a0\u00a0\u00a0\u00a0\u00a0\u00a0\u00a0\u00a0\u00a0\u00a0\u00a0\u00a0\u00a0\u00a0\u00a0\u00a0\u00a0\u00a0\u00a0\u00a0\u00a0\u00a0\u00a0\u00a0\u00a0\u00a0\u00a0\u00a0\u00a0\u00a0\u00a0\u00a0\u00a0\u00a0\u00a0\u00a0\u00a0\u00a0\u00a0<\/strong><strong>Krzy\u017cowa 27.V 2018r.<\/strong><\/p>\n<p><strong>\u00a0\u00a0\u00a0\u00a0\u00a0\u00a0\u00a0\u00a0\u00a0\u00a0\u00a0\u00a0\u00a0\u00a0\u00a0\u00a0\u00a0\u00a0\u00a0 <\/strong><\/p>\n<p><strong>\u00a0\u00a0\u00a0\u00a0\u00a0\u00a0\u00a0\u00a0\u00a0\u00a0\u00a0\u00a0\u00a0\u00a0\u00a0\u00a0\u00a0 <\/strong><strong>\u00a0\u00a0<u>UROCZYSTO\u015a\u0106 TR\u00d3JCY PRZENAJ\u015aWI\u0118TSZEJ<\/u><\/strong><\/p>\n<p>&nbsp;<\/p>\n<p>Zapraszam jeszcze dzisiaj na nabo\u017ce\u0144stwo majowe o godz. 17:30. Jak zwykle bardzo serdecznie zapraszam na codzienn\u0105 msze \u015bw. W tym tygodniu zako\u0144czenie maj\u00f3wek.<\/p>\n<p>W \u015brod\u0119 o godz. 17:30 R\u00f3\u017caniec o trze\u017awo\u015b\u0107 w naszej parafii<\/p>\n<p>W czwartek przypada Bo\u017ce Cia\u0142o. Msze \u015bw. w porz\u0105dku niedzielnym a po\u00a0 mszy \u015bw. o godz. 11 procesja z Naj\u015bwi\u0119tszym Sakramentem do 4 o\u0142tarzy. Zapraszam na t\u0119 procesj\u0119 ca\u0142\u0105 parafi\u0119 , a szczeg\u00f3lne stra\u017cak\u00f3w. Kolo Gospody\u0144 Wiejskich w strojach , dzieci komunijne w strojach komunijnych, uczni\u00f3w naszej szko\u0142y ze sztandarem, m\u0142odzie\u017c w strojach ludowych i dziewczynki sypi\u0105ce kwiaty i ch\u0142opc\u00f3w z dzwoneczkami.<\/p>\n<p>Bardzo prosz\u0119 o przygotowanie O\u0142tarzy: I Krzy\u017cowa \u015brodkowa, II Krzy\u017cowa g\u00f3rna III Krzy\u017cowa dolna i IV Krzy\u017c\u00f3wki.\u00a0 Po Bo\u017cym Ciele w oktawie b\u0119dzie codziennie po mszy \u015bw. wieczornej procesja z Panem Jezusem. Bardzo serdecznie prosz\u0119, aby w Oktawie stra\u017cacy nie\u015bli baldachim\u00a0 \u00a0 \u00a0 \u00a0 \u00a0 \u00a0 \u00a0 \u00a0 \u00a0 \u00a0 \u00a0 \u00a0 \u00a0 a dziewczynki sypa\u0142y kwiatki.<\/p>\n<p>W tym tygodniu przypada I pi\u0105tek miesi\u0105ca . Od godz. 9:00 wizyta u chorych\u00a0 i senior\u00f3w. Spowied\u017a \u015bw. od godz. 16:30 do 18.<\/p>\n<p>W sobot\u0119 o godz. 17:30 R\u00f3\u017caniec prowadzony przez R\u00f3\u017ce.<\/p>\n<p>We wtorek o godz. 16 na plebanii spotkanie w sprawie budowy boiska\u00a0\u00a0\u00a0\u00a0\u00a0\u00a0\u00a0\u00a0\u00a0\u00a0\u00a0\u00a0\u00a0\u00a0\u00a0\u00a0\u00a0\u00a0\u00a0\u00a0\u00a0\u00a0\u00a0\u00a0\u00a0\u00a0 \u00a0\u00a0\u00a0\u00a0\u00a0\u00a0\u00a0\u00a0\u00a0\u00a0z w\u0142a\u015bcicielami od kt\u00f3rych chcemy zakupi\u0107 dzia\u0142ki. Serdecznie zapraszam.<\/p>\n<p>&nbsp;<\/p>\n<p>Jutro po wieczornej mszy \u015bw. spotkanie wszystkich lektor\u00f3w ministrant\u00f3w kantorek. Obecno\u015b\u0107 obowi\u0105zkowa.<\/p>\n<p>Zach\u0119cam do nabywania prasy katolickiej.<\/p>\n<p>B\u00f3g zap\u0142a\u0107 za sprz\u0105tanie ko\u015bcio\u0142a w tym tygodniu. Nast\u0119pne w sobot\u0119 o godz. 9:00. Sprz\u0105taj\u0105 Panie: Gra\u017cyna Gawlas Bogus\u0142awa Hernas Krystyna Sordyl Aleksandra Sawicka.<\/p>\n<p>W najbli\u017csz\u0105 niedziel\u0119 3 czerwca lektorzy b\u0119d\u0105 zbiera\u0107 ofiary na \u015bwi\u0105tyni\u0119 Opatrzno\u015bci Bo\u017cej\u00a0 \u00a0 \u00a0 \u00a0 \u00a0 \u00a0 \u00a0 \u00a0 \u00a0w Warszawie.<\/p>\n<p>&nbsp;<\/p>\n<p>Kalendarz liturgiczny<\/p>\n<p>&nbsp;<\/p>\n<p>Wtorek \u2013 wsp. \u015bw. Urszuli Led\u00f3chowskiej dziewicy<\/p>\n<p>\u015aroda \u2013 wsp. \u015bw. Jana Sarkandra kap\u0142ana i m\u0119czennika<\/p>\n<p>Czwartek \u2013 Bo\u017ce Cialo<\/p>\n<p>Pi\u0105tek \u2013 wsp. \u015bw. Justyna m\u0119czennika<\/p>\n<p>W sobot\u0119 msza \u015bw. w Krzy\u017c\u00f3wkach o godz. 19:00.<\/p>\n","protected":false},"excerpt":{"rendered":"<p>&nbsp; \u00a0 \u00a0\u00a0\u00a0\u00a0\u00a0\u00a0\u00a0\u00a0\u00a0\u00a0\u00a0\u00a0\u00a0\u00a0\u00a0\u00a0\u00a0\u00a0\u00a0\u00a0\u00a0\u00a0\u00a0\u00a0\u00a0\u00a0\u00a0\u00a0\u00a0\u00a0\u00a0\u00a0\u00a0\u00a0\u00a0\u00a0\u00a0\u00a0\u00a0\u00a0\u00a0\u00a0\u00a0\u00a0\u00a0\u00a0\u00a0\u00a0\u00a0\u00a0\u00a0\u00a0\u00a0\u00a0\u00a0\u00a0\u00a0\u00a0\u00a0\u00a0\u00a0\u00a0\u00a0\u00a0\u00a0\u00a0\u00a0\u00a0\u00a0\u00a0\u00a0\u00a0\u00a0\u00a0\u00a0\u00a0\u00a0\u00a0\u00a0\u00a0Krzy\u017cowa 27.V 2018r. \u00a0\u00a0\u00a0\u00a0\u00a0\u00a0\u00a0\u00a0\u00a0\u00a0\u00a0\u00a0\u00a0\u00a0\u00a0\u00a0\u00a0\u00a0\u00a0 \u00a0\u00a0\u00a0\u00a0\u00a0\u00a0\u00a0\u00a0\u00a0\u00a0\u00a0\u00a0\u00a0\u00a0\u00a0\u00a0\u00a0 \u00a0\u00a0UROCZYSTO\u015a\u0106 TR\u00d3JCY PRZENAJ\u015aWI\u0118TSZEJ &nbsp; Zapraszam jeszcze dzisiaj na nabo\u017ce\u0144stwo majowe o godz. 17:30. Jak zwykle bardzo serdecznie zapraszam na codzienn\u0105 msze \u015bw. W tym tygodniu zako\u0144czenie maj\u00f3wek. W \u015brod\u0119 o godz. 17:30 R\u00f3\u017caniec o trze\u017awo\u015b\u0107 w naszej parafii W czwartek przypada Bo\u017ce Cia\u0142o. Msze \u015bw. w porz\u0105dku niedzielnym [&hellip;]<\/p>\n","protected":false},"author":0,"featured_media":0,"comment_status":"closed","ping_status":"closed","sticky":false,"template":"","format":"standard","meta":{"ngg_post_thumbnail":0,"footnotes":""},"categories":[3],"tags":[],"class_list":["post-1239","post","type-post","status-publish","format-standard","hentry","category-ogloszenia"],"aioseo_notices":[],"_links":{"self":[{"href":"https:\/\/parafiakrzyzowa.pl\/index.php?rest_route=\/wp\/v2\/posts\/1239","targetHints":{"allow":["GET"]}}],"collection":[{"href":"https:\/\/parafiakrzyzowa.pl\/index.php?rest_route=\/wp\/v2\/posts"}],"about":[{"href":"https:\/\/parafiakrzyzowa.pl\/index.php?rest_route=\/wp\/v2\/types\/post"}],"replies":[{"embeddable":true,"href":"https:\/\/parafiakrzyzowa.pl\/index.php?rest_route=%2Fwp%2Fv2%2Fcomments&post=1239"}],"version-history":[{"count":1,"href":"https:\/\/parafiakrzyzowa.pl\/index.php?rest_route=\/wp\/v2\/posts\/1239\/revisions"}],"predecessor-version":[{"id":1240,"href":"https:\/\/parafiakrzyzowa.pl\/index.php?rest_route=\/wp\/v2\/posts\/1239\/revisions\/1240"}],"wp:attachment":[{"href":"https:\/\/parafiakrzyzowa.pl\/index.php?rest_route=%2Fwp%2Fv2%2Fmedia&parent=1239"}],"wp:term":[{"taxonomy":"category","embeddable":true,"href":"https:\/\/parafiakrzyzowa.pl\/index.php?rest_route=%2Fwp%2Fv2%2Fcategories&post=1239"},{"taxonomy":"post_tag","embeddable":true,"href":"https:\/\/parafiakrzyzowa.pl\/index.php?rest_route=%2Fwp%2Fv2%2Ftags&post=1239"}],"curies":[{"name":"wp","href":"https:\/\/api.w.org\/{rel}","templated":true}]}}