{"id":1245,"date":"2018-06-02T07:46:11","date_gmt":"2018-06-02T07:46:11","guid":{"rendered":"https:\/\/parafiakrzyzowa.pl\/?p=1245"},"modified":"2018-06-02T07:46:17","modified_gmt":"2018-06-02T07:46:17","slug":"1245","status":"publish","type":"post","link":"https:\/\/parafiakrzyzowa.pl\/?p=1245","title":{"rendered":""},"content":{"rendered":"<p>&nbsp;<\/p>\n<p><strong>\u00a0 \u00a0\u00a0\u00a0\u00a0\u00a0\u00a0\u00a0\u00a0\u00a0\u00a0\u00a0\u00a0\u00a0\u00a0\u00a0\u00a0\u00a0\u00a0\u00a0\u00a0\u00a0\u00a0\u00a0\u00a0\u00a0\u00a0\u00a0\u00a0\u00a0\u00a0\u00a0\u00a0\u00a0\u00a0\u00a0\u00a0\u00a0\u00a0\u00a0\u00a0\u00a0\u00a0\u00a0\u00a0\u00a0\u00a0\u00a0\u00a0\u00a0\u00a0\u00a0\u00a0\u00a0\u00a0\u00a0\u00a0\u00a0\u00a0\u00a0\u00a0\u00a0\u00a0\u00a0\u00a0\u00a0\u00a0\u00a0\u00a0\u00a0\u00a0\u00a0\u00a0\u00a0\u00a0\u00a0\u00a0\u00a0\u00a0\u00a0\u00a0<\/strong><strong>Krzy\u017cowa 3.VI 2018r.<\/strong><\/p>\n<p><strong>\u00a0 \u00a0 \u00a0 \u00a0 \u00a0 \u00a0 \u00a0 \u00a0 \u00a0 \u00a0 \u00a0 \u00a0 \u00a0 \u00a0 \u00a0 \u00a0 \u00a0 \u00a0 \u00a0 \u00a0 \u00a0 \u00a0 \u00a0 \u00a0 \u00a0 \u00a0\u00a0<\/strong><strong>\u00a0<u>IX NIEDZIELA\u00a0 ZWYK\u0141A<\/u><\/strong><\/p>\n<p>&nbsp;<\/p>\n<p>Dzi\u015b jest pierwsza niedziela miesi\u0105ca. Po ka\u017cdej mszy \u015bw. adoracja Pana Jezusa\u00a0\u00a0\u00a0 w Naj\u015bwi\u0119tszym Sakramencie.<\/p>\n<p>Zapraszam jeszcze dzi\u015b na procesj\u0119 w ramach oktawy Bo\u017cego Cia\u0142a i nabo\u017ce\u0144stwo czerwcowe\u00a0 \u00a0 \u00a0 \u00a0 \u00a0 \u00a0 \u00a0 \u00a0o godz. 17:30.<\/p>\n<p>Ostatnia procesja b\u0119dzie w czwartek po wieczornej mszy \u015bw. Serdecznie zapraszam wszystkich. Ciesz\u0119 si\u0119, \u017ce\u00a0 dziewczynki codziennie sypi\u0105 kwiaty na procesji a ch\u0142opcy dzwoni\u0105 dzwoneczkami.<\/p>\n<p>W imieniu rodzic\u00f3w Dominika i organizator\u00f3w pikniku sk\u0142adam wszystkim serdeczne podzi\u0119kowanie za pieni\u0105dze z\u0142o\u017cone na dalsze leczenie synka. Zebrano znacznie wi\u0119ksz\u0105 kwot\u0119 ni\u017c rok temu.<\/p>\n<p>W najbli\u017csz\u0105 sobot\u0119 od godz. 16 do 17 b\u0119dzie spowied\u017a \u015bw. przed uroczysto\u015bci\u0105 odpustow\u0105 . Serdecznie zapraszam.<\/p>\n<p>W niedziel\u0119 o godz. 11:30 suma odpustowa w intencji Parafii. Bardzo gor\u0105co zapraszam na sum\u0119 ca\u0142\u0105 parafie a szczeg\u00f3lnie poczty sztandarowe stra\u017cak\u00f3w Ko\u0142o Gospody\u0144 Wiejskich dzieci komunijne w strojach m\u0142odzie\u017c w strojach regionalnych. Na sumie b\u0119dzie gra\u0142 nasz zesp\u00f3\u0142 Soko\u0142y. Odpust to Imieniny naszej Parafii dzie\u0144 wielkiej rado\u015bci w kt\u00f3rej wszyscy winni\u015bmy uczestniczy\u0107. Jak do\u017cyjemy to za rok zorganizujemy takie \u015bwi\u0119to Parafii i b\u0119dzie wielki festyn.<\/p>\n<p>&nbsp;<\/p>\n<p>Zach\u0119cam do nabywania prasy katolickiej.<\/p>\n<p>B\u00f3g zap\u0142a\u0107 za sprz\u0105tanie ko\u015bcio\u0142a w tym tygodniu. Nast\u0119pne sprz\u0105tanie b\u0119dzie\u00a0\u00a0\u00a0\u00a0\u00a0\u00a0\u00a0\u00a0\u00a0\u00a0\u00a0\u00a0\u00a0\u00a0\u00a0\u00a0\u00a0\u00a0\u00a0\u00a0 w sobot\u0119 o godz. 9:00 Sprz\u0105taj\u0105 Panie: Dorota Nowak Anna Skrzyp Justyna Kami\u0144ska Anna Pacuszka Beata Michalec Magdalena Michalec Renata Kormaniak i Ma\u0142gorzata Pindel.<\/p>\n<p>&nbsp;<\/p>\n<p>Dzisiaj lektorzy po mszach \u015bw. b\u0119d\u0105 przed ko\u015bcio\u0142em zbiera\u0107 ofiary na budow\u0119 \u015bwi\u0105tyni Opatrzno\u015bci Bo\u017cej w Wilanowie<\/p>\n<p>&nbsp;<\/p>\n<p>&nbsp;<\/p>\n<p>Kalendarz liturgiczny<\/p>\n<p>Pi\u0105tek \u2013 uroczysto\u015b\u0107 Naj\u015bwi\u0119tszego Serca Pana Jezusa \/ nie ma postu\/<\/p>\n<p>Sobota \u2013 \u015bwi\u0119to Niepokalanego Serca NMPanny<\/p>\n<p>&nbsp;<\/p>\n<p>W ostatnim tygodniu odszed\u0142 do Pana \u015bp. Wies\u0142aw Legler\u00a0\u00a0 wieczny odpoczynek racz mu da\u0107 Panie\u2026.<\/p>\n<p>&nbsp;<\/p>\n<p>&nbsp;<\/p>\n","protected":false},"excerpt":{"rendered":"<p>&nbsp; \u00a0 \u00a0\u00a0\u00a0\u00a0\u00a0\u00a0\u00a0\u00a0\u00a0\u00a0\u00a0\u00a0\u00a0\u00a0\u00a0\u00a0\u00a0\u00a0\u00a0\u00a0\u00a0\u00a0\u00a0\u00a0\u00a0\u00a0\u00a0\u00a0\u00a0\u00a0\u00a0\u00a0\u00a0\u00a0\u00a0\u00a0\u00a0\u00a0\u00a0\u00a0\u00a0\u00a0\u00a0\u00a0\u00a0\u00a0\u00a0\u00a0\u00a0\u00a0\u00a0\u00a0\u00a0\u00a0\u00a0\u00a0\u00a0\u00a0\u00a0\u00a0\u00a0\u00a0\u00a0\u00a0\u00a0\u00a0\u00a0\u00a0\u00a0\u00a0\u00a0\u00a0\u00a0\u00a0\u00a0\u00a0\u00a0\u00a0\u00a0\u00a0Krzy\u017cowa 3.VI 2018r. \u00a0 \u00a0 \u00a0 \u00a0 \u00a0 \u00a0 \u00a0 \u00a0 \u00a0 \u00a0 \u00a0 \u00a0 \u00a0 \u00a0 \u00a0 \u00a0 \u00a0 \u00a0 \u00a0 \u00a0 \u00a0 \u00a0 \u00a0 \u00a0 \u00a0 \u00a0\u00a0\u00a0IX NIEDZIELA\u00a0 ZWYK\u0141A &nbsp; Dzi\u015b jest pierwsza niedziela miesi\u0105ca. Po ka\u017cdej mszy \u015bw. adoracja Pana Jezusa\u00a0\u00a0\u00a0 w Naj\u015bwi\u0119tszym Sakramencie. Zapraszam jeszcze dzi\u015b na procesj\u0119 w [&hellip;]<\/p>\n","protected":false},"author":0,"featured_media":0,"comment_status":"closed","ping_status":"closed","sticky":false,"template":"","format":"standard","meta":{"ngg_post_thumbnail":0,"footnotes":""},"categories":[3],"tags":[],"class_list":["post-1245","post","type-post","status-publish","format-standard","hentry","category-ogloszenia"],"aioseo_notices":[],"_links":{"self":[{"href":"https:\/\/parafiakrzyzowa.pl\/index.php?rest_route=\/wp\/v2\/posts\/1245","targetHints":{"allow":["GET"]}}],"collection":[{"href":"https:\/\/parafiakrzyzowa.pl\/index.php?rest_route=\/wp\/v2\/posts"}],"about":[{"href":"https:\/\/parafiakrzyzowa.pl\/index.php?rest_route=\/wp\/v2\/types\/post"}],"replies":[{"embeddable":true,"href":"https:\/\/parafiakrzyzowa.pl\/index.php?rest_route=%2Fwp%2Fv2%2Fcomments&post=1245"}],"version-history":[{"count":1,"href":"https:\/\/parafiakrzyzowa.pl\/index.php?rest_route=\/wp\/v2\/posts\/1245\/revisions"}],"predecessor-version":[{"id":1246,"href":"https:\/\/parafiakrzyzowa.pl\/index.php?rest_route=\/wp\/v2\/posts\/1245\/revisions\/1246"}],"wp:attachment":[{"href":"https:\/\/parafiakrzyzowa.pl\/index.php?rest_route=%2Fwp%2Fv2%2Fmedia&parent=1245"}],"wp:term":[{"taxonomy":"category","embeddable":true,"href":"https:\/\/parafiakrzyzowa.pl\/index.php?rest_route=%2Fwp%2Fv2%2Fcategories&post=1245"},{"taxonomy":"post_tag","embeddable":true,"href":"https:\/\/parafiakrzyzowa.pl\/index.php?rest_route=%2Fwp%2Fv2%2Ftags&post=1245"}],"curies":[{"name":"wp","href":"https:\/\/api.w.org\/{rel}","templated":true}]}}