{"id":1285,"date":"2018-06-30T07:33:19","date_gmt":"2018-06-30T07:33:19","guid":{"rendered":"https:\/\/parafiakrzyzowa.pl\/?p=1285"},"modified":"2018-06-30T07:33:27","modified_gmt":"2018-06-30T07:33:27","slug":"1285","status":"publish","type":"post","link":"https:\/\/parafiakrzyzowa.pl\/?p=1285","title":{"rendered":""},"content":{"rendered":"<p>&nbsp;<\/p>\n<p>&nbsp;<\/p>\n<p><strong><u>\u00a0INTENCJE\u00a0 MSZY \u015aWI\u0118TYCH<\/u><\/strong><\/p>\n<p><strong><u>NIEDZIELA 1.VII. 2018r<\/u><\/strong><\/p>\n<p>Godz. 8:00 \u00a0\u00a0&#8211;\u00a0\u00a0 + Adam Dendys w 10r. \u015bmierci<\/p>\n<p>Godz. 11:00 &#8211;\u00a0\u00a0 + Wincenty Janiczek w 15r. \u015bmierci<\/p>\n<p>Godz. 18\u00a0 \u00a0\u00a0\u00a0\u00a0&#8211;\u00a0\u00a0 +\u00a0 Kazimierz Strza\u0142ka w 5r. \u015bmierci<\/p>\n<p><strong><u>PONIEDZIA\u0141EK <\/u><\/strong><strong><u>\u00a0\u00a02<\/u><\/strong><strong><u>. VII. 2018r. <\/u><\/strong><\/p>\n<p>Godz. 18\u00a0\u00a0\u00a0 &#8211;\u00a0\u00a0\u00a0 \u00a0++ Henryk i Helena Szafran<\/p>\n<p><strong><u>WTOREK 3.VII. 2018<\/u><\/strong><\/p>\n<p>Godz. 7:00\u00a0\u00a0 &#8211;\u00a0\u00a0\u00a0\u00a0\u00a0 W pewnej intencji<\/p>\n<p><strong><u>\u015aRODA\u00a0 4.VII. 2018r. <\/u><\/strong><\/p>\n<p>Godz. 18\u00a0\u00a0\u00a0\u00a0\u00a0 &#8211; + W\u0142adys\u0142aw Pastor<\/p>\n<p><strong><u>CZWARTEK 5.VII. 2018r.<\/u><\/strong><\/p>\n<p>Godz. 7:00 \u00a0&#8211;\u00a0\u00a0\u00a0 + W\u0142adys\u0142aw Bu\u0142awa<\/p>\n<p><strong><u>PI\u0104TEK <\/u><\/strong><strong><u>6.VII. 2018r<\/u><\/strong><strong><u>.<\/u><\/strong><\/p>\n<p>Godz. 18\u00a0\u00a0\u00a0 &#8211;\u00a0\u00a0\u00a0\u00a0\u00a0\u00a0\u00a0\u00a0\u00a0 Za zmar\u0142ych wypominanych<\/p>\n<p><strong><u>\u00a0SOBOTA 7.VII. 2018r. <\/u><\/strong><\/p>\n<p>Godz. 18\u00a0\u00a0 \u00a0&#8211;\u00a0 \u00a0\u00a0+ + Jan i Antonina Bia\u0142oniowie<\/p>\n<p>Godz. 19\u00a0\u00a0\u00a0 &#8211;\u00a0\u00a0\u00a0 Krzy\u017c\u00f3wki &#8211; ++ Ignacy i Antonina Urbaniec<\/p>\n<p><strong><u>NIEDZIELA \u00a08.VII. 2018r.<\/u><\/strong><\/p>\n<p>Godz. 8:00 &#8211; \u00a0\u00a0\u00a0+ Helena Caputa w 10r. \u015bmierci<\/p>\n<p>Godz.11:00 &#8211; ++ Maria i Marcin Tla\u0142kowie<\/p>\n<p>Godz. 18\u00a0\u00a0\u00a0 &#8211; \u00a0\u00a0\u00a0+ Jan Czul w 14r. \u015bmierci<\/p>\n","protected":false},"excerpt":{"rendered":"<p>&nbsp; &nbsp; \u00a0INTENCJE\u00a0 MSZY \u015aWI\u0118TYCH NIEDZIELA 1.VII. 2018r Godz. 8:00 \u00a0\u00a0&#8211;\u00a0\u00a0 + Adam Dendys w 10r. \u015bmierci Godz. 11:00 &#8211;\u00a0\u00a0 + Wincenty Janiczek w 15r. \u015bmierci Godz. 18\u00a0 \u00a0\u00a0\u00a0\u00a0&#8211;\u00a0\u00a0 +\u00a0 Kazimierz Strza\u0142ka w 5r. \u015bmierci PONIEDZIA\u0141EK \u00a0\u00a02. VII. 2018r. Godz. 18\u00a0\u00a0\u00a0 &#8211;\u00a0\u00a0\u00a0 \u00a0++ Henryk i Helena Szafran WTOREK 3.VII. 2018 Godz. 7:00\u00a0\u00a0 &#8211;\u00a0\u00a0\u00a0\u00a0\u00a0 W pewnej [&hellip;]<\/p>\n","protected":false},"author":0,"featured_media":0,"comment_status":"closed","ping_status":"closed","sticky":false,"template":"","format":"standard","meta":{"ngg_post_thumbnail":0,"footnotes":""},"categories":[7],"tags":[],"class_list":["post-1285","post","type-post","status-publish","format-standard","hentry","category-intencje"],"aioseo_notices":[],"_links":{"self":[{"href":"https:\/\/parafiakrzyzowa.pl\/index.php?rest_route=\/wp\/v2\/posts\/1285","targetHints":{"allow":["GET"]}}],"collection":[{"href":"https:\/\/parafiakrzyzowa.pl\/index.php?rest_route=\/wp\/v2\/posts"}],"about":[{"href":"https:\/\/parafiakrzyzowa.pl\/index.php?rest_route=\/wp\/v2\/types\/post"}],"replies":[{"embeddable":true,"href":"https:\/\/parafiakrzyzowa.pl\/index.php?rest_route=%2Fwp%2Fv2%2Fcomments&post=1285"}],"version-history":[{"count":1,"href":"https:\/\/parafiakrzyzowa.pl\/index.php?rest_route=\/wp\/v2\/posts\/1285\/revisions"}],"predecessor-version":[{"id":1286,"href":"https:\/\/parafiakrzyzowa.pl\/index.php?rest_route=\/wp\/v2\/posts\/1285\/revisions\/1286"}],"wp:attachment":[{"href":"https:\/\/parafiakrzyzowa.pl\/index.php?rest_route=%2Fwp%2Fv2%2Fmedia&parent=1285"}],"wp:term":[{"taxonomy":"category","embeddable":true,"href":"https:\/\/parafiakrzyzowa.pl\/index.php?rest_route=%2Fwp%2Fv2%2Fcategories&post=1285"},{"taxonomy":"post_tag","embeddable":true,"href":"https:\/\/parafiakrzyzowa.pl\/index.php?rest_route=%2Fwp%2Fv2%2Ftags&post=1285"}],"curies":[{"name":"wp","href":"https:\/\/api.w.org\/{rel}","templated":true}]}}