{"id":1292,"date":"2018-07-07T10:38:03","date_gmt":"2018-07-07T10:38:03","guid":{"rendered":"https:\/\/parafiakrzyzowa.pl\/?p=1292"},"modified":"2018-07-07T11:41:30","modified_gmt":"2018-07-07T11:41:30","slug":"1292","status":"publish","type":"post","link":"https:\/\/parafiakrzyzowa.pl\/?p=1292","title":{"rendered":""},"content":{"rendered":"<p>&nbsp;<\/p>\n<p><strong>\u00a0\u00a0\u00a0\u00a0\u00a0\u00a0\u00a0\u00a0\u00a0\u00a0\u00a0\u00a0\u00a0\u00a0\u00a0\u00a0\u00a0\u00a0\u00a0\u00a0\u00a0\u00a0\u00a0\u00a0\u00a0\u00a0\u00a0\u00a0\u00a0\u00a0\u00a0\u00a0\u00a0\u00a0\u00a0\u00a0\u00a0\u00a0\u00a0\u00a0\u00a0\u00a0\u00a0\u00a0\u00a0\u00a0\u00a0\u00a0\u00a0\u00a0\u00a0\u00a0\u00a0\u00a0\u00a0\u00a0\u00a0\u00a0\u00a0\u00a0\u00a0\u00a0\u00a0\u00a0\u00a0\u00a0\u00a0\u00a0\u00a0\u00a0\u00a0\u00a0\u00a0\u00a0\u00a0\u00a0\u00a0\u00a0\u00a0\u00a0\u00a0 <\/strong><strong>Krzy\u017cowa 8.VII 2018r.<\/strong><\/p>\n<p><strong>\u00a0 \u00a0 \u00a0 \u00a0 \u00a0 \u00a0 \u00a0 \u00a0 \u00a0 \u00a0 \u00a0 \u00a0 \u00a0 \u00a0 \u00a0 \u00a0 \u00a0 \u00a0 \u00a0 \u00a0 \u00a0 \u00a0\u00a0<\/strong><strong>\u00a0\u00a0<\/strong><strong><u>XIV NIEDZIELA\u00a0 ZWYK\u0141A<\/u><\/strong><\/p>\n<p>&nbsp;<\/p>\n<p>Wszystkim parafianom , kt\u00f3rzy rozpoczynaj\u0105 urlopy w tym tygodniu i wyje\u017cd\u017caj\u0105 \u017cycz\u0119 s\u0142onecznych radosnych urlop\u00f3w.<\/p>\n<p>&nbsp;<\/p>\n<p>Powoli ko\u0144cz\u0105 si\u0119 prace przy dachu na ko\u015bciele. Je\u015bli b\u0119dzie \u0142adna pogoda to w tym tygodniu zako\u0144czymy prace.<\/p>\n<p>Za tydzie\u0144 w niedziel\u0119 15 lipca Rady Ekonomiczna i Duszpasterska b\u0119dzie zbiera\u0142a ofiary na nasze prace. \u017beby wyp\u0142aci\u0107 blacharzom ja po\u017cycz\u0119 pieni\u0105dze ,\u00a0 a zwr\u00f3cimy je do jesieni. Z g\u00f3ry sk\u0142adam B\u00f3g zap\u0142a\u0107 za ofiarno\u015b\u0107.<\/p>\n<p>&nbsp;<\/p>\n<p>Pani s\u0119dzia Teresa J\u0119drzejas za 2 tygodnie przedstawi\u00a0 wam sprawozdanie finansowe.<\/p>\n<p>&nbsp;<\/p>\n<p>W \u015brod\u0119 o godz. 17:30 zapraszam na R\u00f3\u017caniec w intencji trze\u017awo\u015bci w naszej parafii<\/p>\n<p>&nbsp;<\/p>\n<p>Zach\u0119cam do nabywania prasy katolickiej.<\/p>\n<p>&nbsp;<\/p>\n<p>B\u00f3g zap\u0142a\u0107 za sprz\u0105tanie ko\u015bcio\u0142a w tym tygodniu. Nast\u0119pne sprz\u0105tanie b\u0119dzie\u00a0 \u00a0w sobot\u0119 o godz. 9:00. Sprz\u0105taj\u0105 Panie Anna W\u0105s Krystyna Bednarek Gra\u017cyna Nowak i Alicja Konior<\/p>\n<p>Bardzo serdecznie dzi\u0119kuj\u0119 Pa\u0144stwu Renacie i Andrzejowi G\u00f3ra za skoszenie ca\u0142ego ogrodu wok\u00f3\u0142 ko\u015bcio\u0142a i plebanii. Nie mog\u0142em wyj\u015b\u0107 z podziwu jak zobaczy\u0142em P. Renatk\u0119 na kosiarce .<\/p>\n<p>&nbsp;<\/p>\n<p>&nbsp;<\/p>\n<p>Kalendarz liturgiczny<\/p>\n<p>&nbsp;<\/p>\n<p>\u015aroda \u2013 \u015bw. \u015bw. Benedykta opata<\/p>\n<p>Czwartek \u2013 wsp. \u015bw. Brunona Bonifacego z Kwerfurtu biskupa m\u0119czennika<\/p>\n<p>Pi\u0105tek \u2013 wsp. \u015bwi\u0119tych pustelnik\u00f3w Andrzeja \u015awierada i towarzyszy<\/p>\n","protected":false},"excerpt":{"rendered":"<p>&nbsp; \u00a0\u00a0\u00a0\u00a0\u00a0\u00a0\u00a0\u00a0\u00a0\u00a0\u00a0\u00a0\u00a0\u00a0\u00a0\u00a0\u00a0\u00a0\u00a0\u00a0\u00a0\u00a0\u00a0\u00a0\u00a0\u00a0\u00a0\u00a0\u00a0\u00a0\u00a0\u00a0\u00a0\u00a0\u00a0\u00a0\u00a0\u00a0\u00a0\u00a0\u00a0\u00a0\u00a0\u00a0\u00a0\u00a0\u00a0\u00a0\u00a0\u00a0\u00a0\u00a0\u00a0\u00a0\u00a0\u00a0\u00a0\u00a0\u00a0\u00a0\u00a0\u00a0\u00a0\u00a0\u00a0\u00a0\u00a0\u00a0\u00a0\u00a0\u00a0\u00a0\u00a0\u00a0\u00a0\u00a0\u00a0\u00a0\u00a0\u00a0\u00a0 Krzy\u017cowa 8.VII 2018r. \u00a0 \u00a0 \u00a0 \u00a0 \u00a0 \u00a0 \u00a0 \u00a0 \u00a0 \u00a0 \u00a0 \u00a0 \u00a0 \u00a0 \u00a0 \u00a0 \u00a0 \u00a0 \u00a0 \u00a0 \u00a0 \u00a0\u00a0\u00a0\u00a0XIV NIEDZIELA\u00a0 ZWYK\u0141A &nbsp; Wszystkim parafianom , kt\u00f3rzy rozpoczynaj\u0105 urlopy w tym tygodniu i wyje\u017cd\u017caj\u0105 \u017cycz\u0119 s\u0142onecznych radosnych urlop\u00f3w. &nbsp; Powoli ko\u0144cz\u0105 si\u0119 prace przy dachu na ko\u015bciele. Je\u015bli [&hellip;]<\/p>\n","protected":false},"author":0,"featured_media":0,"comment_status":"closed","ping_status":"closed","sticky":false,"template":"","format":"standard","meta":{"ngg_post_thumbnail":0,"footnotes":""},"categories":[3],"tags":[],"class_list":["post-1292","post","type-post","status-publish","format-standard","hentry","category-ogloszenia"],"aioseo_notices":[],"_links":{"self":[{"href":"https:\/\/parafiakrzyzowa.pl\/index.php?rest_route=\/wp\/v2\/posts\/1292","targetHints":{"allow":["GET"]}}],"collection":[{"href":"https:\/\/parafiakrzyzowa.pl\/index.php?rest_route=\/wp\/v2\/posts"}],"about":[{"href":"https:\/\/parafiakrzyzowa.pl\/index.php?rest_route=\/wp\/v2\/types\/post"}],"replies":[{"embeddable":true,"href":"https:\/\/parafiakrzyzowa.pl\/index.php?rest_route=%2Fwp%2Fv2%2Fcomments&post=1292"}],"version-history":[{"count":3,"href":"https:\/\/parafiakrzyzowa.pl\/index.php?rest_route=\/wp\/v2\/posts\/1292\/revisions"}],"predecessor-version":[{"id":1295,"href":"https:\/\/parafiakrzyzowa.pl\/index.php?rest_route=\/wp\/v2\/posts\/1292\/revisions\/1295"}],"wp:attachment":[{"href":"https:\/\/parafiakrzyzowa.pl\/index.php?rest_route=%2Fwp%2Fv2%2Fmedia&parent=1292"}],"wp:term":[{"taxonomy":"category","embeddable":true,"href":"https:\/\/parafiakrzyzowa.pl\/index.php?rest_route=%2Fwp%2Fv2%2Fcategories&post=1292"},{"taxonomy":"post_tag","embeddable":true,"href":"https:\/\/parafiakrzyzowa.pl\/index.php?rest_route=%2Fwp%2Fv2%2Ftags&post=1292"}],"curies":[{"name":"wp","href":"https:\/\/api.w.org\/{rel}","templated":true}]}}