{"id":1300,"date":"2018-07-14T10:44:07","date_gmt":"2018-07-14T10:44:07","guid":{"rendered":"https:\/\/parafiakrzyzowa.pl\/?p=1300"},"modified":"2018-07-14T10:44:13","modified_gmt":"2018-07-14T10:44:13","slug":"1300","status":"publish","type":"post","link":"https:\/\/parafiakrzyzowa.pl\/?p=1300","title":{"rendered":""},"content":{"rendered":"<p>&nbsp;<\/p>\n<p><strong>\u00a0\u00a0\u00a0\u00a0\u00a0\u00a0\u00a0\u00a0\u00a0\u00a0\u00a0\u00a0\u00a0\u00a0\u00a0\u00a0\u00a0\u00a0\u00a0\u00a0\u00a0\u00a0\u00a0\u00a0\u00a0\u00a0\u00a0\u00a0\u00a0\u00a0\u00a0\u00a0\u00a0\u00a0\u00a0\u00a0\u00a0\u00a0\u00a0\u00a0\u00a0\u00a0\u00a0\u00a0\u00a0\u00a0\u00a0\u00a0\u00a0\u00a0\u00a0\u00a0\u00a0\u00a0\u00a0\u00a0\u00a0\u00a0\u00a0\u00a0\u00a0\u00a0\u00a0\u00a0\u00a0\u00a0\u00a0\u00a0\u00a0\u00a0\u00a0\u00a0\u00a0\u00a0\u00a0\u00a0\u00a0\u00a0\u00a0\u00a0\u00a0 <\/strong><strong>Krzy\u017cowa 15.VII 2018r.<\/strong><\/p>\n<p><strong>\u00a0\u00a0\u00a0\u00a0\u00a0\u00a0\u00a0\u00a0\u00a0\u00a0\u00a0\u00a0\u00a0\u00a0\u00a0\u00a0\u00a0\u00a0\u00a0 <\/strong><\/p>\n<p><strong>\u00a0 \u00a0 \u00a0 \u00a0 \u00a0 \u00a0 \u00a0 \u00a0 \u00a0 \u00a0 \u00a0 \u00a0 \u00a0 \u00a0 \u00a0 \u00a0 \u00a0 \u00a0 \u00a0 \u00a0 \u00a0 \u00a0 \u00a0 \u00a0 \u00a0 \u00a0\u00a0<\/strong><strong>\u00a0<\/strong><strong><u>XV NIEDZIELA\u00a0 ZWYK\u0141A<\/u><\/strong><\/p>\n<p>&nbsp;<\/p>\n<p>Witam bardzo serdecznie wszystkich rozpoczynaj\u0105cych urlopy i wakacje w naszej parafii. \u017bycz\u0119 s\u0142onecznej pogody i wywiezienia\u00a0\u00a0 mi\u0142ych wspomnie\u0144 z naszej pi\u0119knej beskidzkiej ziemi.<\/p>\n<p>Zapraszam bardzo serdecznie na codzienn\u0105 msz\u0119 \u015bw. do naszej \u015bwi\u0105tyni. W pi\u0105tek b\u0119dzie msza \u015bw. do Bo\u017cego Mi\u0142osierdzia . Po mszy \u015bw. koronka do Bo\u017cego Mi\u0142osierdzia. Serdecznie zapraszam.<\/p>\n<p>W \u015brod\u0119 o godz. 17:30\u00a0 jak zwykle R\u00f3\u017caniec o trze\u017awo\u015b\u0107 w intencji trze\u017awo\u015bci\u00a0 w naszej parafii.<\/p>\n<p>Dzisiaj\u00a0 nasze Rady zbieraj\u0105 ofiary na dach naszego ko\u015bcio\u0142a. Bardzo serdecznie dzi\u0119kuj\u0119 za ka\u017cd\u0105 ofiar\u0119. W najbli\u017csz\u0105 niedziel\u0119 P. Teresa J\u0119drzejas przedstawi sprawozdanie finansowe z tegorocznych prac.<\/p>\n<p>Zach\u0119cam do nabywania prasy katolickiej.<\/p>\n<p>B\u00f3g zap\u0142a\u0107 za sprz\u0105tanie naszego ko\u015bcio\u0142a i za kwiaty . Nast\u0119pne sprz\u0105tanie b\u0119dzie w sobot\u0119 o godz. 9:00 Sprz\u0105taj\u0105 Panie: Ma\u0142gorzata Bobrowska Dorota Michalec\u00a0 i Paulina P\u0142aza<\/p>\n<p>&nbsp;<\/p>\n<p>&nbsp;<\/p>\n<p>Kalendarz liturgiczny<\/p>\n<p>Poniedzia\u0142ek \u2013 wsp. Naj\u015bwi\u0119tszej Maryi Panny z G\u00f3ry Karmel<\/p>\n","protected":false},"excerpt":{"rendered":"<p>&nbsp; \u00a0\u00a0\u00a0\u00a0\u00a0\u00a0\u00a0\u00a0\u00a0\u00a0\u00a0\u00a0\u00a0\u00a0\u00a0\u00a0\u00a0\u00a0\u00a0\u00a0\u00a0\u00a0\u00a0\u00a0\u00a0\u00a0\u00a0\u00a0\u00a0\u00a0\u00a0\u00a0\u00a0\u00a0\u00a0\u00a0\u00a0\u00a0\u00a0\u00a0\u00a0\u00a0\u00a0\u00a0\u00a0\u00a0\u00a0\u00a0\u00a0\u00a0\u00a0\u00a0\u00a0\u00a0\u00a0\u00a0\u00a0\u00a0\u00a0\u00a0\u00a0\u00a0\u00a0\u00a0\u00a0\u00a0\u00a0\u00a0\u00a0\u00a0\u00a0\u00a0\u00a0\u00a0\u00a0\u00a0\u00a0\u00a0\u00a0\u00a0\u00a0 Krzy\u017cowa 15.VII 2018r. \u00a0\u00a0\u00a0\u00a0\u00a0\u00a0\u00a0\u00a0\u00a0\u00a0\u00a0\u00a0\u00a0\u00a0\u00a0\u00a0\u00a0\u00a0\u00a0 \u00a0 \u00a0 \u00a0 \u00a0 \u00a0 \u00a0 \u00a0 \u00a0 \u00a0 \u00a0 \u00a0 \u00a0 \u00a0 \u00a0 \u00a0 \u00a0 \u00a0 \u00a0 \u00a0 \u00a0 \u00a0 \u00a0 \u00a0 \u00a0 \u00a0 \u00a0\u00a0\u00a0XV NIEDZIELA\u00a0 ZWYK\u0141A &nbsp; Witam bardzo serdecznie wszystkich rozpoczynaj\u0105cych urlopy i wakacje w naszej parafii. \u017bycz\u0119 s\u0142onecznej pogody i wywiezienia\u00a0\u00a0 mi\u0142ych wspomnie\u0144 z naszej [&hellip;]<\/p>\n","protected":false},"author":0,"featured_media":0,"comment_status":"closed","ping_status":"closed","sticky":false,"template":"","format":"standard","meta":{"ngg_post_thumbnail":0,"footnotes":""},"categories":[3],"tags":[],"class_list":["post-1300","post","type-post","status-publish","format-standard","hentry","category-ogloszenia"],"aioseo_notices":[],"_links":{"self":[{"href":"https:\/\/parafiakrzyzowa.pl\/index.php?rest_route=\/wp\/v2\/posts\/1300","targetHints":{"allow":["GET"]}}],"collection":[{"href":"https:\/\/parafiakrzyzowa.pl\/index.php?rest_route=\/wp\/v2\/posts"}],"about":[{"href":"https:\/\/parafiakrzyzowa.pl\/index.php?rest_route=\/wp\/v2\/types\/post"}],"replies":[{"embeddable":true,"href":"https:\/\/parafiakrzyzowa.pl\/index.php?rest_route=%2Fwp%2Fv2%2Fcomments&post=1300"}],"version-history":[{"count":1,"href":"https:\/\/parafiakrzyzowa.pl\/index.php?rest_route=\/wp\/v2\/posts\/1300\/revisions"}],"predecessor-version":[{"id":1301,"href":"https:\/\/parafiakrzyzowa.pl\/index.php?rest_route=\/wp\/v2\/posts\/1300\/revisions\/1301"}],"wp:attachment":[{"href":"https:\/\/parafiakrzyzowa.pl\/index.php?rest_route=%2Fwp%2Fv2%2Fmedia&parent=1300"}],"wp:term":[{"taxonomy":"category","embeddable":true,"href":"https:\/\/parafiakrzyzowa.pl\/index.php?rest_route=%2Fwp%2Fv2%2Fcategories&post=1300"},{"taxonomy":"post_tag","embeddable":true,"href":"https:\/\/parafiakrzyzowa.pl\/index.php?rest_route=%2Fwp%2Fv2%2Ftags&post=1300"}],"curies":[{"name":"wp","href":"https:\/\/api.w.org\/{rel}","templated":true}]}}