{"id":1332,"date":"2018-08-17T17:35:03","date_gmt":"2018-08-17T17:35:03","guid":{"rendered":"https:\/\/parafiakrzyzowa.pl\/?p=1332"},"modified":"2018-08-18T19:06:25","modified_gmt":"2018-08-18T19:06:25","slug":"1332","status":"publish","type":"post","link":"https:\/\/parafiakrzyzowa.pl\/?p=1332","title":{"rendered":""},"content":{"rendered":"<p>&nbsp;<\/p>\n<p><strong>\u00a0\u00a0\u00a0\u00a0\u00a0\u00a0\u00a0\u00a0\u00a0\u00a0\u00a0\u00a0\u00a0\u00a0\u00a0\u00a0\u00a0\u00a0\u00a0\u00a0\u00a0\u00a0\u00a0\u00a0\u00a0\u00a0\u00a0\u00a0\u00a0\u00a0\u00a0\u00a0\u00a0\u00a0\u00a0\u00a0\u00a0\u00a0\u00a0\u00a0\u00a0\u00a0\u00a0\u00a0\u00a0\u00a0\u00a0\u00a0\u00a0\u00a0\u00a0\u00a0\u00a0\u00a0\u00a0\u00a0\u00a0\u00a0\u00a0\u00a0\u00a0\u00a0\u00a0\u00a0\u00a0\u00a0\u00a0\u00a0\u00a0\u00a0\u00a0\u00a0\u00a0\u00a0\u00a0\u00a0\u00a0\u00a0\u00a0\u00a0\u00a0 <\/strong><strong>Krzy\u017cowa 19.VIII 2018r.<\/strong><\/p>\n<p><strong>\u00a0\u00a0\u00a0\u00a0\u00a0\u00a0\u00a0\u00a0\u00a0\u00a0\u00a0\u00a0\u00a0\u00a0\u00a0\u00a0\u00a0\u00a0\u00a0 <\/strong><\/p>\n<p><strong>\u00a0 \u00a0 \u00a0 \u00a0 \u00a0 \u00a0 \u00a0 \u00a0 \u00a0 \u00a0 \u00a0 \u00a0 \u00a0 \u00a0 \u00a0 \u00a0 \u00a0 \u00a0 \u00a0 \u00a0 \u00a0 \u00a0<\/strong><strong>\u00a0\u00a0<\/strong><strong><u>XX \u00a0NIEDZIELA\u00a0 ZWYK\u0141A<\/u><\/strong><\/p>\n<p>Witam bardzo serdecznie wszystkich wypoczywaj\u0105cych na terenie naszej Parafii i uczestnicz\u0105cych w tej mszy \u015bwi\u0119tej.<\/p>\n<p>Bardo serdecznie dzi\u0119kuj\u0119 za sk\u0142adk\u0119 na dach naszego ko\u015bcio\u0142a\u00a0 \u00a0w ostatni\u0105 niedziel\u0119.<\/p>\n<p>Bardzo serdecznie zapraszam na codzienn\u0105 msz\u0119 \u015bw. W \u015brod\u0119 przed msz\u0105 \u015bw. R\u00f3\u017caniec w intencji trze\u017awo\u015bci w naszej parafii.<\/p>\n<p>Bardzo serdecznie prosz\u0119 o zachowanie trze\u017awo\u015bci w sierpniu\u00a0 \u00a0i o\u015bmielam si\u0119 przypomnie\u0107 pro\u015bb\u0119 naszych biskup\u00f3w , kt\u00f3rzy prosz\u0105 nas o 100 dni trze\u017awo\u015bci na 100lecie niepodleg\u0142o\u015bci naszej Ojczyzny czyli do 11 listopada.<\/p>\n<p>Zach\u0119cam do nabywania prasy katolickiej.<\/p>\n<p>B\u00f3g zap\u0142a\u0107 za sprz\u0105tanie ko\u015bcio\u0142a w tym tygodniu. Nast\u0119pne sprz\u0105tanie b\u0119dzie w sobot\u0119 o godz. 9:00. M\u0142odej parze za kwiaty do ko\u015bcio\u0142a. Sprz\u0105taj\u0105 Panie: Monika Butor Urszula Wyr\u00f3d Iwona Czul i Magdalena Kocur<\/p>\n<p>Serdecznie dzi\u0119kuj\u0119 za ofiary na opa\u0142 na zim\u0119.<\/p>\n<p>Bardzo dzi\u0119kuj\u0119 Panu J\u00f3zefowi G\u00f3rze za zrobienie pi\u0119knego pascha\u0142u.<\/p>\n<p>Kalendarz liturgiczny<\/p>\n<p>Poniedzia\u0142ek \u2013 wsp. \u015bw. Bernarda opata i doktora Ko\u015bcio\u0142a<\/p>\n<p>Wtorek \u2013 wsp. \u015bw. Piusa X papie\u017ca<\/p>\n<p>\u015aroda \u2013 wsp. Naj\u015bwi\u0119tszej Maryi Panny Kr\u00f3lowej<\/p>\n<p>Pi\u0105tek\u00a0 &#8211; \u015bwi\u0119to \u015b. Bart\u0142omieja aposto\u0142a<\/p>\n<p>W ostatnim tygodniu odszed\u0142 z \u015bwiata \u015bp. Pawe\u0142 Cimala\u00a0 \u00a0wieczny odpoczynek racz mu da\u0107 Panie<\/p>\n","protected":false},"excerpt":{"rendered":"<p>&nbsp; \u00a0\u00a0\u00a0\u00a0\u00a0\u00a0\u00a0\u00a0\u00a0\u00a0\u00a0\u00a0\u00a0\u00a0\u00a0\u00a0\u00a0\u00a0\u00a0\u00a0\u00a0\u00a0\u00a0\u00a0\u00a0\u00a0\u00a0\u00a0\u00a0\u00a0\u00a0\u00a0\u00a0\u00a0\u00a0\u00a0\u00a0\u00a0\u00a0\u00a0\u00a0\u00a0\u00a0\u00a0\u00a0\u00a0\u00a0\u00a0\u00a0\u00a0\u00a0\u00a0\u00a0\u00a0\u00a0\u00a0\u00a0\u00a0\u00a0\u00a0\u00a0\u00a0\u00a0\u00a0\u00a0\u00a0\u00a0\u00a0\u00a0\u00a0\u00a0\u00a0\u00a0\u00a0\u00a0\u00a0\u00a0\u00a0\u00a0\u00a0\u00a0 Krzy\u017cowa 19.VIII 2018r. \u00a0\u00a0\u00a0\u00a0\u00a0\u00a0\u00a0\u00a0\u00a0\u00a0\u00a0\u00a0\u00a0\u00a0\u00a0\u00a0\u00a0\u00a0\u00a0 \u00a0 \u00a0 \u00a0 \u00a0 \u00a0 \u00a0 \u00a0 \u00a0 \u00a0 \u00a0 \u00a0 \u00a0 \u00a0 \u00a0 \u00a0 \u00a0 \u00a0 \u00a0 \u00a0 \u00a0 \u00a0 \u00a0\u00a0\u00a0XX \u00a0NIEDZIELA\u00a0 ZWYK\u0141A Witam bardzo serdecznie wszystkich wypoczywaj\u0105cych na terenie naszej Parafii i uczestnicz\u0105cych w tej mszy \u015bwi\u0119tej. Bardo serdecznie dzi\u0119kuj\u0119 za sk\u0142adk\u0119 na dach naszego ko\u015bcio\u0142a\u00a0 \u00a0w [&hellip;]<\/p>\n","protected":false},"author":0,"featured_media":0,"comment_status":"closed","ping_status":"closed","sticky":false,"template":"","format":"standard","meta":{"ngg_post_thumbnail":0,"footnotes":""},"categories":[3],"tags":[],"class_list":["post-1332","post","type-post","status-publish","format-standard","hentry","category-ogloszenia"],"aioseo_notices":[],"_links":{"self":[{"href":"https:\/\/parafiakrzyzowa.pl\/index.php?rest_route=\/wp\/v2\/posts\/1332","targetHints":{"allow":["GET"]}}],"collection":[{"href":"https:\/\/parafiakrzyzowa.pl\/index.php?rest_route=\/wp\/v2\/posts"}],"about":[{"href":"https:\/\/parafiakrzyzowa.pl\/index.php?rest_route=\/wp\/v2\/types\/post"}],"replies":[{"embeddable":true,"href":"https:\/\/parafiakrzyzowa.pl\/index.php?rest_route=%2Fwp%2Fv2%2Fcomments&post=1332"}],"version-history":[{"count":4,"href":"https:\/\/parafiakrzyzowa.pl\/index.php?rest_route=\/wp\/v2\/posts\/1332\/revisions"}],"predecessor-version":[{"id":1336,"href":"https:\/\/parafiakrzyzowa.pl\/index.php?rest_route=\/wp\/v2\/posts\/1332\/revisions\/1336"}],"wp:attachment":[{"href":"https:\/\/parafiakrzyzowa.pl\/index.php?rest_route=%2Fwp%2Fv2%2Fmedia&parent=1332"}],"wp:term":[{"taxonomy":"category","embeddable":true,"href":"https:\/\/parafiakrzyzowa.pl\/index.php?rest_route=%2Fwp%2Fv2%2Fcategories&post=1332"},{"taxonomy":"post_tag","embeddable":true,"href":"https:\/\/parafiakrzyzowa.pl\/index.php?rest_route=%2Fwp%2Fv2%2Ftags&post=1332"}],"curies":[{"name":"wp","href":"https:\/\/api.w.org\/{rel}","templated":true}]}}