{"id":1348,"date":"2018-09-01T11:49:24","date_gmt":"2018-09-01T11:49:24","guid":{"rendered":"https:\/\/parafiakrzyzowa.pl\/?p=1348"},"modified":"2018-09-01T11:49:30","modified_gmt":"2018-09-01T11:49:30","slug":"1348","status":"publish","type":"post","link":"https:\/\/parafiakrzyzowa.pl\/?p=1348","title":{"rendered":""},"content":{"rendered":"<p>&nbsp;<\/p>\n<p>&nbsp;<\/p>\n<p><strong><u>\u00a0INTENCJE\u00a0 MSZY \u015aWI\u0118TYCH<\/u><\/strong><\/p>\n<p><strong><u>NIEDZIELA 2.IX. 2018r<\/u><\/strong><\/p>\n<p>Godz. 8:00 \u00a0\u00a0&#8211; \u00a0++\u00a0 Bronis\u0142aw P\u0142aza i rodzice Weronika i J\u00f3zef<\/p>\n<p>Godz. 11:00 &#8211; \u00a0\u00a0\u00a0\u00a0\u00a0\u00a0\u00a0Dzi\u0119kczynna z pro\u015bb\u0105 o zdrowie i b\u0142. Bo\u017ce dla Grzesia S\u0142owiaczka w 16r. urodzin<\/p>\n<p>Godz. 18\u00a0 \u00a0\u00a0\u00a0\u00a0&#8211;\u00a0\u00a0 ++ Zofia Widz\u00a0 m\u0105\u017c Franciszek<\/p>\n<p><strong><u>PONIEDZIA\u0141EK <\/u><\/strong><strong><u>\u00a0\u00a0<\/u><\/strong><strong><u>3. IX. 2018r. <\/u><\/strong><\/p>\n<p>Godz. 18\u00a0\u00a0\u00a0\u00a0 &#8211;\u00a0\u00a0\u00a0 \u00a0\u00a0+ Jacek Mutz z okazji urodzin<\/p>\n<p><strong><u>WTOREK 4.IX. 2018<\/u><\/strong><\/p>\n<p>Godz. 7:00\u00a0\u00a0 &#8211;\u00a0\u00a0\u00a0\u00a0 \u00a0\u00a0\u00a0W pewnej intencji<\/p>\n<p><strong><u>\u015aRODA\u00a0 5.IX. 2018r. <\/u><\/strong><\/p>\n<p>Godz. 18\u00a0\u00a0\u00a0\u00a0\u00a0 &#8211; \u00a0\u00a0\u00a0+ Cecylia Kami\u0144ska w 6r. \u015bmierci<\/p>\n<p><strong><u>CZWARTEK 6.IX. 2018r.<\/u><\/strong><\/p>\n<p>Godz. 7:00 \u00a0&#8211;\u00a0\u00a0 \u00a0+ \u00a0Pawe\u0142 Cima\u0142a<\/p>\n<p><strong><u>\u00a0<\/u><\/strong><strong><u>PI\u0104TEK 7.IX. 2018r.<\/u><\/strong><\/p>\n<p>Godz. 18\u00a0\u00a0\u00a0\u00a0 &#8211;\u00a0\u00a0\u00a0\u00a0\u00a0\u00a0\u00a0 Dzi\u0119kczynna z pro\u015bb\u0105 o b\u0142. Bo\u017ce dla Moniki i Piotra Madali\u0144skich w 6r. \u015blubu<\/p>\n<p><strong><u>\u00a0SOBOTA 8.IX. 2018r. <\/u><\/strong><\/p>\n<p>Godz. 18\u00a0\u00a0 \u00a0&#8211;\u00a0\u00a0\u00a0 \u00a0\u00a0\u00a0Dzi\u0119kczynna z pro\u015bb\u0105 o zdrowie i b\u0142. Bo\u017ce dla Zuzi Galas w 1r. urodzin i jej<\/p>\n<p>rodzic\u00f3w<\/p>\n<p><strong><u>NIEDZIELA \u00a09.IX. 2018r.<\/u><\/strong><\/p>\n<p>Godz. 8:00 \u00a0&#8211; ++ Bronis\u0142aw i Anny Pastorowie<\/p>\n<p>Godz.11:00 &#8211; \u00a0\u00a0+ Stanis\u0142aw \u0141oboz<\/p>\n<p>Godz. 18\u00a0\u00a0\u00a0 &#8211;\u00a0 \u00a0\u00a0+ Krzysztof Omylak w 1r. \u015bmierci<\/p>\n","protected":false},"excerpt":{"rendered":"<p>&nbsp; &nbsp; \u00a0INTENCJE\u00a0 MSZY \u015aWI\u0118TYCH NIEDZIELA 2.IX. 2018r Godz. 8:00 \u00a0\u00a0&#8211; \u00a0++\u00a0 Bronis\u0142aw P\u0142aza i rodzice Weronika i J\u00f3zef Godz. 11:00 &#8211; \u00a0\u00a0\u00a0\u00a0\u00a0\u00a0\u00a0Dzi\u0119kczynna z pro\u015bb\u0105 o zdrowie i b\u0142. Bo\u017ce dla Grzesia S\u0142owiaczka w 16r. urodzin Godz. 18\u00a0 \u00a0\u00a0\u00a0\u00a0&#8211;\u00a0\u00a0 ++ Zofia Widz\u00a0 m\u0105\u017c Franciszek PONIEDZIA\u0141EK \u00a0\u00a03. IX. 2018r. Godz. 18\u00a0\u00a0\u00a0\u00a0 &#8211;\u00a0\u00a0\u00a0 \u00a0\u00a0+ Jacek Mutz z [&hellip;]<\/p>\n","protected":false},"author":0,"featured_media":0,"comment_status":"closed","ping_status":"closed","sticky":false,"template":"","format":"standard","meta":{"ngg_post_thumbnail":0,"footnotes":""},"categories":[7],"tags":[],"class_list":["post-1348","post","type-post","status-publish","format-standard","hentry","category-intencje"],"aioseo_notices":[],"_links":{"self":[{"href":"https:\/\/parafiakrzyzowa.pl\/index.php?rest_route=\/wp\/v2\/posts\/1348","targetHints":{"allow":["GET"]}}],"collection":[{"href":"https:\/\/parafiakrzyzowa.pl\/index.php?rest_route=\/wp\/v2\/posts"}],"about":[{"href":"https:\/\/parafiakrzyzowa.pl\/index.php?rest_route=\/wp\/v2\/types\/post"}],"replies":[{"embeddable":true,"href":"https:\/\/parafiakrzyzowa.pl\/index.php?rest_route=%2Fwp%2Fv2%2Fcomments&post=1348"}],"version-history":[{"count":1,"href":"https:\/\/parafiakrzyzowa.pl\/index.php?rest_route=\/wp\/v2\/posts\/1348\/revisions"}],"predecessor-version":[{"id":1349,"href":"https:\/\/parafiakrzyzowa.pl\/index.php?rest_route=\/wp\/v2\/posts\/1348\/revisions\/1349"}],"wp:attachment":[{"href":"https:\/\/parafiakrzyzowa.pl\/index.php?rest_route=%2Fwp%2Fv2%2Fmedia&parent=1348"}],"wp:term":[{"taxonomy":"category","embeddable":true,"href":"https:\/\/parafiakrzyzowa.pl\/index.php?rest_route=%2Fwp%2Fv2%2Fcategories&post=1348"},{"taxonomy":"post_tag","embeddable":true,"href":"https:\/\/parafiakrzyzowa.pl\/index.php?rest_route=%2Fwp%2Fv2%2Ftags&post=1348"}],"curies":[{"name":"wp","href":"https:\/\/api.w.org\/{rel}","templated":true}]}}