{"id":1355,"date":"2018-09-08T14:46:25","date_gmt":"2018-09-08T14:46:25","guid":{"rendered":"https:\/\/parafiakrzyzowa.pl\/?p=1355"},"modified":"2018-09-08T14:48:34","modified_gmt":"2018-09-08T14:48:34","slug":"1355","status":"publish","type":"post","link":"https:\/\/parafiakrzyzowa.pl\/?p=1355","title":{"rendered":""},"content":{"rendered":"<p>&nbsp;<\/p>\n<p>&nbsp;<\/p>\n<p><strong><u>\u00a0INTENCJE\u00a0 MSZY \u015aWI\u0118TYCH<\/u><\/strong><\/p>\n<p><strong><u>NIEDZIELA 9.IX. 2018r<\/u><\/strong><\/p>\n<p>Godz. 8:00 \u00a0\u00a0&#8211; \u00a0++\u00a0 Bronis\u0142aw i Anna Pastorowie<\/p>\n<p>Godz. 11:00 &#8211; \u00a0\u00a0\u00a0+ Stanis\u0142aw \u0141oboz<\/p>\n<p>Godz. 18\u00a0 \u00a0\u00a0\u00a0\u00a0&#8211;\u00a0\u00a0 \u00a0+ Krzysztof Omylak w 1r. \u015bmierci<\/p>\n<p><strong><u>PONIEDZIA\u0141EK <\/u><\/strong><strong><u>\u00a0\u00a0<\/u><\/strong><strong><u>10. IX. 2018r. <\/u><\/strong><\/p>\n<p>Godz. 18\u00a0\u00a0\u00a0\u00a0 &#8211;\u00a0\u00a0 ++ Maria Basik w 11r. \u015bmierci m\u0105\u017c Karol<\/p>\n<p><strong><u>WTOREK 11.IX. 2018<\/u><\/strong><\/p>\n<p>Godz. 7:00\u00a0\u00a0 &#8211;\u00a0\u00a0\u00a0\u00a0 \u00a0\u00a0\u00a0W pewnej intencji<\/p>\n<p><strong><u>\u015aRODA 12.IX. 2018r. <\/u><\/strong><\/p>\n<p>Godz. 18\u00a0\u00a0\u00a0\u00a0\u00a0 &#8211; \u00a0++ J\u00f3zef Kami\u0144ski w 33r. \u015bmierci \u017cona Maria<\/p>\n<p><strong><u>CZWARTEK 13.IX. 2018r.<\/u><\/strong><\/p>\n<p>Godz. 7:00 \u00a0&#8211;\u00a0\u00a0 \u00a0+ \u00a0Anna Michalec<\/p>\n<p><strong><u>PI\u0104TEK 14.IX. 2018r.<\/u><\/strong><\/p>\n<p>Godz. 18\u00a0\u00a0\u00a0\u00a0 &#8211;\u00a0\u00a0\u00a0\u00a0 + Janina Kami\u0144ska w 26r. \u015bmierci<\/p>\n<p><strong><u>\u00a0SOBOTA 15.IX. 2018r. <\/u><\/strong><\/p>\n<p>Godz. 18\u00a0\u00a0 \u00a0&#8211;\u00a0\u00a0\u00a0 \u00a0+ Weronika Ciupka w 40r. \u015bmierci<\/p>\n<p><strong><u>NIEDZIELA\u00a0 16.IX. 2018r.<\/u><\/strong><\/p>\n<p>Godz. 8:00 \u00a0&#8211; ++ Rozalia i Karol Plutowie<\/p>\n<p>Godz.11:00 &#8211; \u00a0\u00a0\u00a0\u00a0\u00a0\u00a0Dzi\u0119kczynna z pro\u015bb\u0105 o b\u0142. Bo\u017ce dla s\u0105siad\u00f3w z Tresnej od mieszka\u0144c\u00f3w\u00a0 z Kr\u0119pli<\/p>\n<p>Godz. 18\u00a0\u00a0\u00a0 &#8211;\u00a0 \u00a0\u00a0+\u00a0 Mieczys\u0142aw Lesiak w 5r. \u015bmierci<\/p>\n","protected":false},"excerpt":{"rendered":"<p>&nbsp; &nbsp; \u00a0INTENCJE\u00a0 MSZY \u015aWI\u0118TYCH NIEDZIELA 9.IX. 2018r Godz. 8:00 \u00a0\u00a0&#8211; \u00a0++\u00a0 Bronis\u0142aw i Anna Pastorowie Godz. 11:00 &#8211; \u00a0\u00a0\u00a0+ Stanis\u0142aw \u0141oboz Godz. 18\u00a0 \u00a0\u00a0\u00a0\u00a0&#8211;\u00a0\u00a0 \u00a0+ Krzysztof Omylak w 1r. \u015bmierci PONIEDZIA\u0141EK \u00a0\u00a010. IX. 2018r. Godz. 18\u00a0\u00a0\u00a0\u00a0 &#8211;\u00a0\u00a0 ++ Maria Basik w 11r. \u015bmierci m\u0105\u017c Karol WTOREK 11.IX. 2018 Godz. 7:00\u00a0\u00a0 &#8211;\u00a0\u00a0\u00a0\u00a0 \u00a0\u00a0\u00a0W pewnej intencji [&hellip;]<\/p>\n","protected":false},"author":0,"featured_media":0,"comment_status":"closed","ping_status":"closed","sticky":false,"template":"","format":"standard","meta":{"ngg_post_thumbnail":0,"footnotes":""},"categories":[7],"tags":[],"class_list":["post-1355","post","type-post","status-publish","format-standard","hentry","category-intencje"],"aioseo_notices":[],"_links":{"self":[{"href":"https:\/\/parafiakrzyzowa.pl\/index.php?rest_route=\/wp\/v2\/posts\/1355","targetHints":{"allow":["GET"]}}],"collection":[{"href":"https:\/\/parafiakrzyzowa.pl\/index.php?rest_route=\/wp\/v2\/posts"}],"about":[{"href":"https:\/\/parafiakrzyzowa.pl\/index.php?rest_route=\/wp\/v2\/types\/post"}],"replies":[{"embeddable":true,"href":"https:\/\/parafiakrzyzowa.pl\/index.php?rest_route=%2Fwp%2Fv2%2Fcomments&post=1355"}],"version-history":[{"count":3,"href":"https:\/\/parafiakrzyzowa.pl\/index.php?rest_route=\/wp\/v2\/posts\/1355\/revisions"}],"predecessor-version":[{"id":1358,"href":"https:\/\/parafiakrzyzowa.pl\/index.php?rest_route=\/wp\/v2\/posts\/1355\/revisions\/1358"}],"wp:attachment":[{"href":"https:\/\/parafiakrzyzowa.pl\/index.php?rest_route=%2Fwp%2Fv2%2Fmedia&parent=1355"}],"wp:term":[{"taxonomy":"category","embeddable":true,"href":"https:\/\/parafiakrzyzowa.pl\/index.php?rest_route=%2Fwp%2Fv2%2Fcategories&post=1355"},{"taxonomy":"post_tag","embeddable":true,"href":"https:\/\/parafiakrzyzowa.pl\/index.php?rest_route=%2Fwp%2Fv2%2Ftags&post=1355"}],"curies":[{"name":"wp","href":"https:\/\/api.w.org\/{rel}","templated":true}]}}