{"id":1362,"date":"2018-09-15T12:10:08","date_gmt":"2018-09-15T12:10:08","guid":{"rendered":"https:\/\/parafiakrzyzowa.pl\/?p=1362"},"modified":"2018-09-15T12:10:15","modified_gmt":"2018-09-15T12:10:15","slug":"1362","status":"publish","type":"post","link":"https:\/\/parafiakrzyzowa.pl\/?p=1362","title":{"rendered":""},"content":{"rendered":"<p>&nbsp;<\/p>\n<p><strong>\u00a0\u00a0\u00a0\u00a0\u00a0\u00a0\u00a0\u00a0\u00a0\u00a0\u00a0\u00a0\u00a0\u00a0\u00a0\u00a0\u00a0\u00a0\u00a0\u00a0\u00a0\u00a0\u00a0\u00a0\u00a0\u00a0\u00a0\u00a0\u00a0\u00a0\u00a0\u00a0\u00a0\u00a0\u00a0\u00a0\u00a0\u00a0\u00a0\u00a0\u00a0\u00a0\u00a0\u00a0\u00a0\u00a0\u00a0\u00a0\u00a0\u00a0\u00a0\u00a0\u00a0\u00a0\u00a0\u00a0\u00a0\u00a0\u00a0\u00a0\u00a0\u00a0\u00a0\u00a0\u00a0\u00a0\u00a0\u00a0\u00a0\u00a0\u00a0\u00a0\u00a0\u00a0\u00a0\u00a0\u00a0\u00a0\u00a0\u00a0\u00a0 <\/strong><strong>Krzy\u017cowa 16.IX 2018r.<\/strong><\/p>\n<p><strong>\u00a0\u00a0\u00a0\u00a0\u00a0\u00a0\u00a0\u00a0\u00a0\u00a0\u00a0\u00a0\u00a0\u00a0\u00a0\u00a0\u00a0\u00a0\u00a0 <\/strong><\/p>\n<p><strong>\u00a0\u00a0\u00a0\u00a0\u00a0\u00a0\u00a0\u00a0\u00a0\u00a0\u00a0\u00a0\u00a0\u00a0\u00a0\u00a0\u00a0 <\/strong><\/p>\n<p><strong>\u00a0\u00a0\u00a0\u00a0\u00a0\u00a0\u00a0\u00a0\u00a0\u00a0 \u00a0\u00a0\u00a0\u00a0\u00a0\u00a0\u00a0\u00a0\u00a0\u00a0\u00a0\u00a0\u00a0\u00a0\u00a0\u00a0\u00a0<\/strong><strong><u>XXIV \u00a0NIEDZIELA\u00a0 ZWYK\u0141A<\/u><\/strong><\/p>\n<p>&nbsp;<\/p>\n<p>Dzi\u015b przypada \u015bwiatowy Dzie\u0144 \u015arodk\u00f3w Spo\u0142ecznego Przekazu. M\u00f3dlmy si\u0119\u00a0 w swoich prywatnych modlitwach o takich dziennikarzy , kt\u00f3rzy s\u0142u\u017c\u0105 prawdzie.<\/p>\n<p>Dzi\u015b po ka\u017cdej mszy \u015bwi\u0119tej przed ko\u015bcio\u0142em nasi stra\u017cacy zbieraj\u0105 ofiary na rodzin\u0119 z Przyborowa , kt\u00f3rej sp\u0142on\u0105\u0142 ca\u0142y dobytek w czasie ostatniej burzy.<\/p>\n<p>Nasze Rady Duszpasterska i Ekonomiczna b\u0119d\u0105 r\u00f3wnie\u017c dzi\u015b zbiera\u0107 ofiary na sp\u0142acenie d\u0142ugu za dach naszego ko\u015bcio\u0142a i b\u0119d\u0105 pyta\u0107 ka\u017cd\u0105 rodzin\u0119 o prace przy naszym ko\u015bciele w przysz\u0142ym roku.<\/p>\n<p>Zapraszam bardzo serdecznie na codzienn\u0105 msz\u0119 \u015bw. do naszej \u015bwi\u0105tyni. W \u015brod\u0119 przed msz\u0105 \u015bw. R\u00f3\u017caniec w intencji trze\u017awo\u015bci..<\/p>\n<p>W pi\u0105tek msza \u015bw. do Bo\u017cego Mi\u0142osierdzia z racji III pi\u0105tku miesi\u0105ca. Po mszy \u015bw. Koronka\u00a0 \u00a0 \u00a0 \u00a0 \u00a0 \u00a0 \u00a0 \u00a0 \u00a0i uca\u0142owanie relikwii.<\/p>\n<p>Zach\u0119cam do nabywania prasy katolickiej.<\/p>\n<p>&nbsp;<\/p>\n<p>B\u00f3g zap\u0142a\u0107 za sprz\u0105tanie ko\u015bcio\u0142a w tym tygodniu. Nast\u0119pne sprz\u0105tanie b\u0119dzie w sobot\u0119 o godz. 9:00. Sprz\u0105taj\u0105 Panie Iwona S\u0142owik Barbara Gnojczak Beata Galas i Maria Piela .<\/p>\n<p>Dzi\u0119kuj\u0119 bardzo naszym stra\u017cakom za umycie kostki wok\u00f3\u0142 ko\u015bcio\u0142a<\/p>\n<p>&nbsp;<\/p>\n<p>&nbsp;<\/p>\n<p>Kalendarz liturgiczny<\/p>\n<p>Wtorek \u2013 \u015bwi\u0119to \u015bw. Stanis\u0142awa Kostki zakonnika<\/p>\n<p>Czwartek \u2013 wsp. \u015bwi\u0119tych m\u0119czennik\u00f3w Andrzeja Kima i towarzyszy<\/p>\n<p>Pi\u0105tek \u2013 \u015bwi\u0119to \u015bw. Mateusza Aposto\u0142a i Ewangelisty<\/p>\n<p>&nbsp;<\/p>\n<p>W gablocie przed ko\u015bcio\u0142em jest projekt na nasz zesp\u00f3\u0142 obiekt\u00f3w sportowych kt\u00f3ry chcemy przy pomocy Bo\u017cej zrealizowa\u0107.<\/p>\n<p>W \u015brod\u0119 o godz. 17 b\u0119dzie spotkanie na plebanii kandydatek i kandydat\u00f3w na ministrant\u00f3w. Serdecznie zapraszam.<\/p>\n<p>&nbsp;<\/p>\n","protected":false},"excerpt":{"rendered":"<p>&nbsp; \u00a0\u00a0\u00a0\u00a0\u00a0\u00a0\u00a0\u00a0\u00a0\u00a0\u00a0\u00a0\u00a0\u00a0\u00a0\u00a0\u00a0\u00a0\u00a0\u00a0\u00a0\u00a0\u00a0\u00a0\u00a0\u00a0\u00a0\u00a0\u00a0\u00a0\u00a0\u00a0\u00a0\u00a0\u00a0\u00a0\u00a0\u00a0\u00a0\u00a0\u00a0\u00a0\u00a0\u00a0\u00a0\u00a0\u00a0\u00a0\u00a0\u00a0\u00a0\u00a0\u00a0\u00a0\u00a0\u00a0\u00a0\u00a0\u00a0\u00a0\u00a0\u00a0\u00a0\u00a0\u00a0\u00a0\u00a0\u00a0\u00a0\u00a0\u00a0\u00a0\u00a0\u00a0\u00a0\u00a0\u00a0\u00a0\u00a0\u00a0\u00a0 Krzy\u017cowa 16.IX 2018r. \u00a0\u00a0\u00a0\u00a0\u00a0\u00a0\u00a0\u00a0\u00a0\u00a0\u00a0\u00a0\u00a0\u00a0\u00a0\u00a0\u00a0\u00a0\u00a0 \u00a0\u00a0\u00a0\u00a0\u00a0\u00a0\u00a0\u00a0\u00a0\u00a0\u00a0\u00a0\u00a0\u00a0\u00a0\u00a0\u00a0 \u00a0\u00a0\u00a0\u00a0\u00a0\u00a0\u00a0\u00a0\u00a0\u00a0 \u00a0\u00a0\u00a0\u00a0\u00a0\u00a0\u00a0\u00a0\u00a0\u00a0\u00a0\u00a0\u00a0\u00a0\u00a0\u00a0\u00a0XXIV \u00a0NIEDZIELA\u00a0 ZWYK\u0141A &nbsp; Dzi\u015b przypada \u015bwiatowy Dzie\u0144 \u015arodk\u00f3w Spo\u0142ecznego Przekazu. M\u00f3dlmy si\u0119\u00a0 w swoich prywatnych modlitwach o takich dziennikarzy , kt\u00f3rzy s\u0142u\u017c\u0105 prawdzie. Dzi\u015b po ka\u017cdej mszy \u015bwi\u0119tej przed ko\u015bcio\u0142em nasi stra\u017cacy zbieraj\u0105 ofiary na rodzin\u0119 z Przyborowa , kt\u00f3rej sp\u0142on\u0105\u0142 ca\u0142y dobytek w czasie ostatniej [&hellip;]<\/p>\n","protected":false},"author":0,"featured_media":0,"comment_status":"closed","ping_status":"closed","sticky":false,"template":"","format":"standard","meta":{"ngg_post_thumbnail":0,"footnotes":""},"categories":[3],"tags":[],"class_list":["post-1362","post","type-post","status-publish","format-standard","hentry","category-ogloszenia"],"aioseo_notices":[],"_links":{"self":[{"href":"https:\/\/parafiakrzyzowa.pl\/index.php?rest_route=\/wp\/v2\/posts\/1362","targetHints":{"allow":["GET"]}}],"collection":[{"href":"https:\/\/parafiakrzyzowa.pl\/index.php?rest_route=\/wp\/v2\/posts"}],"about":[{"href":"https:\/\/parafiakrzyzowa.pl\/index.php?rest_route=\/wp\/v2\/types\/post"}],"replies":[{"embeddable":true,"href":"https:\/\/parafiakrzyzowa.pl\/index.php?rest_route=%2Fwp%2Fv2%2Fcomments&post=1362"}],"version-history":[{"count":1,"href":"https:\/\/parafiakrzyzowa.pl\/index.php?rest_route=\/wp\/v2\/posts\/1362\/revisions"}],"predecessor-version":[{"id":1363,"href":"https:\/\/parafiakrzyzowa.pl\/index.php?rest_route=\/wp\/v2\/posts\/1362\/revisions\/1363"}],"wp:attachment":[{"href":"https:\/\/parafiakrzyzowa.pl\/index.php?rest_route=%2Fwp%2Fv2%2Fmedia&parent=1362"}],"wp:term":[{"taxonomy":"category","embeddable":true,"href":"https:\/\/parafiakrzyzowa.pl\/index.php?rest_route=%2Fwp%2Fv2%2Fcategories&post=1362"},{"taxonomy":"post_tag","embeddable":true,"href":"https:\/\/parafiakrzyzowa.pl\/index.php?rest_route=%2Fwp%2Fv2%2Ftags&post=1362"}],"curies":[{"name":"wp","href":"https:\/\/api.w.org\/{rel}","templated":true}]}}