{"id":1422,"date":"2018-09-29T09:24:48","date_gmt":"2018-09-29T09:24:48","guid":{"rendered":"https:\/\/parafiakrzyzowa.pl\/?p=1422"},"modified":"2018-09-29T09:24:55","modified_gmt":"2018-09-29T09:24:55","slug":"1422","status":"publish","type":"post","link":"https:\/\/parafiakrzyzowa.pl\/?p=1422","title":{"rendered":""},"content":{"rendered":"<p>&nbsp;<\/p>\n<p><strong>\u00a0\u00a0\u00a0\u00a0\u00a0\u00a0\u00a0\u00a0\u00a0\u00a0\u00a0\u00a0\u00a0\u00a0\u00a0\u00a0\u00a0\u00a0\u00a0\u00a0\u00a0\u00a0\u00a0\u00a0\u00a0\u00a0\u00a0\u00a0\u00a0\u00a0\u00a0\u00a0\u00a0\u00a0\u00a0\u00a0\u00a0\u00a0\u00a0\u00a0\u00a0\u00a0\u00a0\u00a0\u00a0\u00a0\u00a0\u00a0\u00a0\u00a0\u00a0\u00a0\u00a0\u00a0\u00a0\u00a0\u00a0\u00a0\u00a0\u00a0\u00a0\u00a0\u00a0\u00a0\u00a0\u00a0\u00a0\u00a0\u00a0\u00a0\u00a0\u00a0\u00a0\u00a0\u00a0\u00a0\u00a0\u00a0\u00a0\u00a0\u00a0 <\/strong><strong>Krzy\u017cowa 30.IX 2018r.<\/strong><\/p>\n<p><strong>\u00a0\u00a0\u00a0\u00a0\u00a0\u00a0\u00a0\u00a0\u00a0\u00a0\u00a0\u00a0\u00a0\u00a0\u00a0\u00a0\u00a0\u00a0\u00a0 <\/strong><\/p>\n<p><strong>\u00a0\u00a0\u00a0\u00a0\u00a0\u00a0\u00a0\u00a0\u00a0\u00a0\u00a0\u00a0\u00a0\u00a0\u00a0\u00a0\u00a0 <\/strong><\/p>\n<p><strong>\u00a0 \u00a0 \u00a0 \u00a0 \u00a0 \u00a0 \u00a0 \u00a0 \u00a0 \u00a0 \u00a0 \u00a0 \u00a0 \u00a0 \u00a0 \u00a0 \u00a0 \u00a0 \u00a0 \u00a0 \u00a0 \u00a0 \u00a0 \u00a0 \u00a0 \u00a0\u00a0<\/strong><strong><u>XXVI \u00a0NIEDZIELA\u00a0 ZWYK\u0141A<\/u><\/strong><\/p>\n<p>&nbsp;<\/p>\n<p>Jutro rozpoczyna si\u0119 pa\u017adziernik \u2013 miesi\u0105c modlitwy r\u00f3\u017ca\u0144cowej . M\u00f3dlmy si\u0119 na r\u00f3\u017ca\u0144cu wsz\u0119dzie : w rodzinach przy kapliczkach w kaplicy w Krzy\u017c\u00f3wkach\u00a0 a przede wszystkim w naszym ko\u015bciele. Przez ca\u0142y pa\u017adziernik b\u0119dzie tylko jedna intencja modlitwy r\u00f3\u017ca\u0144cowej ;\u00a0 \u00a0 \u00a0 \u00a0 \u00a0 \u00a0 o powr\u00f3t do zdrowia naszego lektora \u0141ukasza\u201d prosz\u0119 was bardzo serdecznie \u017ceby by\u0142 to nasz szturm na niebo. \u0141ukasz potrzebuje tego szturmu. Zapraszam na codzienny R\u00f3\u017caniec szczeg\u00f3lnie dzieci i m\u0142odzie\u017c.<\/p>\n<p>Jutro na mszy \u015bw. po\u015bwi\u0119cenie R\u00f3\u017ca\u0144c\u00f3w dzieci komunijnych.<\/p>\n<p>Od jutra msze \u015bw. przez ca\u0142y miesi\u0105c b\u0119d\u0105 o godz. 17:00 , a po mszy \u015bwi\u0119tej modlitwa r\u00f3\u017ca\u0144cowa.\u00a0 W niedziele R\u00f3\u017caniec o godz. 17:30 przed wieczorn\u0105 Eucharysti\u0105. W tym tygodniu R\u00f3\u017caniec poprowadz\u0105 : pon. klasa III gimnazjum\u00a0 \u00a0wt. klasa VIII, \u015br. kl. VII, czw. kl. VI, Pt. kl. V. sob. kl. IV<\/p>\n<p>W tym tygodniu przypada I czwartek pi\u0105tek i sobota miesi\u0105ca. Spowied\u017a \u015bw. we czwartek od 16 do 17, w pi\u0105tek r\u00f3wnie\u017c od 16 do 17.<\/p>\n<p>Wizyta u chorych od godz. 9:00.<\/p>\n<p>W sobot\u0119 oo. Dominikanie organizuj\u0105 R\u00f3\u017caniec do granic. O godz. 10 adoracja o 11 msza \u015bw.\u00a0 \u00a0 \u00a0 \u00a0 \u00a0i p\u00f3\u017aniej wyj\u015bcie do granicy.<\/p>\n<p>W przysz\u0142\u0105 niedziel\u0119 nasi lektorzy b\u0119d\u0105 rozdawa\u0107 flagi bia\u0142o czerwone na 100lecie odzyskania naszej niepodleg\u0142o\u015bci. Kupi\u0142em 200 flag . Bardzo prosz\u0119 aby jeden cz\u0142onek rodziny zabra\u0142 do swojego domu . Trzeba przygotowa\u0107 jakiego\u015b kija\u00a0 i wywiesi\u0107 na balkonie czy innym miejscu domu. Nie czekajmy na 11 listopada ale wywie\u015bmy\u00a0 flagi jak najszybciej. Dla Krzy\u017c\u00f3wek P. so\u0142tys zabierze 50 flag\u00a0 i rozprowadzi w\u015br\u00f3d parafian.<\/p>\n<p>Ju\u017c dzi\u015b s\u0105 wystawione karteczki na wypominki kt\u00f3re mo\u017cna zabra\u0107 do dom\u00f3w. Du\u017ce kartki na wypominki jednorazowe a ma\u0142e na roczne.<\/p>\n<p>Zach\u0119cam do nabywania prasy katolickiej. W przedsionku na stoliku s\u0105 Dobre Nowiny i Gazeta Gminna.<\/p>\n<p>B\u00f3g zap\u0142a\u0107 za sprz\u0105tanie ko\u015bcio\u0142a w tym tygodniu. Nast\u0119pne sprz\u0105tanie b\u0119dzie\u00a0 w sobot\u0119\u00a0 \u00a0 \u00a0 \u00a0 \u00a0 \u00a0 \u00a0o godz. 9:00 Sprz\u0105taj\u0105 Panie: Ewa Smolicka Lucyna Krzy\u017cowska Renata G\u00f3ra i Maria Szewczulak<\/p>\n<p>&nbsp;<\/p>\n<p>Kalendarz liturgiczny<\/p>\n<p>Poniedzia\u0142ek \u2013 wsp. \u015bw. Teresy od Dzieci\u0105tka Jezus dziewicy i Doktora Ko\u015bcio\u0142a<\/p>\n<p>Wtorek \u2013 wsp. \u015bw. Anio\u0142\u00f3w Str\u00f3\u017c\u00f3w<\/p>\n<p>Czwartek \u2013 wsp. \u015bw. Franciszka z Asy\u017cu<\/p>\n<p>Pi\u0105tek \u2013 wsp. \u015bw. Faustyny Kowalskiej dziewicy<\/p>\n<p>&nbsp;<\/p>\n<p>Jutro o godz. 16 spotkanie z kandydatami na ministrant\u00f3w. W sobot\u0119 o godz. 10 spotkanie z dzie\u0107mi klasy III.<\/p>\n<p>&nbsp;<\/p>\n","protected":false},"excerpt":{"rendered":"<p>&nbsp; \u00a0\u00a0\u00a0\u00a0\u00a0\u00a0\u00a0\u00a0\u00a0\u00a0\u00a0\u00a0\u00a0\u00a0\u00a0\u00a0\u00a0\u00a0\u00a0\u00a0\u00a0\u00a0\u00a0\u00a0\u00a0\u00a0\u00a0\u00a0\u00a0\u00a0\u00a0\u00a0\u00a0\u00a0\u00a0\u00a0\u00a0\u00a0\u00a0\u00a0\u00a0\u00a0\u00a0\u00a0\u00a0\u00a0\u00a0\u00a0\u00a0\u00a0\u00a0\u00a0\u00a0\u00a0\u00a0\u00a0\u00a0\u00a0\u00a0\u00a0\u00a0\u00a0\u00a0\u00a0\u00a0\u00a0\u00a0\u00a0\u00a0\u00a0\u00a0\u00a0\u00a0\u00a0\u00a0\u00a0\u00a0\u00a0\u00a0\u00a0\u00a0 Krzy\u017cowa 30.IX 2018r. \u00a0\u00a0\u00a0\u00a0\u00a0\u00a0\u00a0\u00a0\u00a0\u00a0\u00a0\u00a0\u00a0\u00a0\u00a0\u00a0\u00a0\u00a0\u00a0 \u00a0\u00a0\u00a0\u00a0\u00a0\u00a0\u00a0\u00a0\u00a0\u00a0\u00a0\u00a0\u00a0\u00a0\u00a0\u00a0\u00a0 \u00a0 \u00a0 \u00a0 \u00a0 \u00a0 \u00a0 \u00a0 \u00a0 \u00a0 \u00a0 \u00a0 \u00a0 \u00a0 \u00a0 \u00a0 \u00a0 \u00a0 \u00a0 \u00a0 \u00a0 \u00a0 \u00a0 \u00a0 \u00a0 \u00a0 \u00a0\u00a0XXVI \u00a0NIEDZIELA\u00a0 ZWYK\u0141A &nbsp; Jutro rozpoczyna si\u0119 pa\u017adziernik \u2013 miesi\u0105c modlitwy r\u00f3\u017ca\u0144cowej . M\u00f3dlmy si\u0119 na r\u00f3\u017ca\u0144cu wsz\u0119dzie : w rodzinach przy kapliczkach [&hellip;]<\/p>\n","protected":false},"author":0,"featured_media":0,"comment_status":"closed","ping_status":"closed","sticky":false,"template":"","format":"standard","meta":{"ngg_post_thumbnail":0,"footnotes":""},"categories":[3],"tags":[],"class_list":["post-1422","post","type-post","status-publish","format-standard","hentry","category-ogloszenia"],"aioseo_notices":[],"_links":{"self":[{"href":"https:\/\/parafiakrzyzowa.pl\/index.php?rest_route=\/wp\/v2\/posts\/1422","targetHints":{"allow":["GET"]}}],"collection":[{"href":"https:\/\/parafiakrzyzowa.pl\/index.php?rest_route=\/wp\/v2\/posts"}],"about":[{"href":"https:\/\/parafiakrzyzowa.pl\/index.php?rest_route=\/wp\/v2\/types\/post"}],"replies":[{"embeddable":true,"href":"https:\/\/parafiakrzyzowa.pl\/index.php?rest_route=%2Fwp%2Fv2%2Fcomments&post=1422"}],"version-history":[{"count":1,"href":"https:\/\/parafiakrzyzowa.pl\/index.php?rest_route=\/wp\/v2\/posts\/1422\/revisions"}],"predecessor-version":[{"id":1423,"href":"https:\/\/parafiakrzyzowa.pl\/index.php?rest_route=\/wp\/v2\/posts\/1422\/revisions\/1423"}],"wp:attachment":[{"href":"https:\/\/parafiakrzyzowa.pl\/index.php?rest_route=%2Fwp%2Fv2%2Fmedia&parent=1422"}],"wp:term":[{"taxonomy":"category","embeddable":true,"href":"https:\/\/parafiakrzyzowa.pl\/index.php?rest_route=%2Fwp%2Fv2%2Fcategories&post=1422"},{"taxonomy":"post_tag","embeddable":true,"href":"https:\/\/parafiakrzyzowa.pl\/index.php?rest_route=%2Fwp%2Fv2%2Ftags&post=1422"}],"curies":[{"name":"wp","href":"https:\/\/api.w.org\/{rel}","templated":true}]}}