{"id":1429,"date":"2018-10-06T13:15:59","date_gmt":"2018-10-06T13:15:59","guid":{"rendered":"https:\/\/parafiakrzyzowa.pl\/?p=1429"},"modified":"2018-10-06T13:16:05","modified_gmt":"2018-10-06T13:16:05","slug":"1429","status":"publish","type":"post","link":"https:\/\/parafiakrzyzowa.pl\/?p=1429","title":{"rendered":""},"content":{"rendered":"<p>&nbsp;<\/p>\n<p><strong>\u00a0\u00a0\u00a0\u00a0\u00a0\u00a0\u00a0\u00a0\u00a0\u00a0\u00a0\u00a0\u00a0\u00a0\u00a0\u00a0\u00a0\u00a0\u00a0\u00a0\u00a0\u00a0\u00a0\u00a0\u00a0\u00a0\u00a0\u00a0\u00a0\u00a0\u00a0\u00a0\u00a0\u00a0\u00a0\u00a0\u00a0\u00a0\u00a0\u00a0\u00a0\u00a0\u00a0\u00a0\u00a0\u00a0\u00a0\u00a0\u00a0\u00a0\u00a0\u00a0\u00a0\u00a0\u00a0\u00a0\u00a0\u00a0\u00a0\u00a0\u00a0\u00a0\u00a0\u00a0\u00a0\u00a0\u00a0\u00a0\u00a0\u00a0\u00a0\u00a0\u00a0\u00a0\u00a0\u00a0\u00a0\u00a0\u00a0\u00a0\u00a0 <\/strong><strong>Krzy\u017cowa 7.X 2018r.<\/strong><\/p>\n<p><strong>\u00a0\u00a0\u00a0\u00a0\u00a0\u00a0\u00a0\u00a0\u00a0\u00a0\u00a0\u00a0\u00a0\u00a0\u00a0\u00a0\u00a0\u00a0\u00a0 <\/strong><\/p>\n<p><strong>\u00a0\u00a0\u00a0\u00a0\u00a0\u00a0\u00a0\u00a0\u00a0\u00a0\u00a0\u00a0\u00a0\u00a0\u00a0\u00a0\u00a0 <\/strong><\/p>\n<p><strong>\u00a0\u00a0\u00a0\u00a0\u00a0\u00a0\u00a0\u00a0\u00a0\u00a0\u00a0\u00a0 \u00a0\u00a0\u00a0\u00a0\u00a0\u00a0\u00a0\u00a0\u00a0\u00a0\u00a0\u00a0\u00a0\u00a0\u00a0<\/strong><strong><u>XXVII \u00a0NIEDZIELA\u00a0 ZWYK\u0141A<\/u><\/strong><\/p>\n<p>&nbsp;<\/p>\n<p>&nbsp;<\/p>\n<p>Dzi\u015b przypada I niedziela miesi\u0105ca . Po ka\u017cdej mszy \u015bwi\u0119tej zamiast homilii adoracja\u00a0 Pana Jezusa\u00a0 w Naj\u015bwi\u0119tszym Sakramencie.<\/p>\n<p>Zapraszam na codzienny r\u00f3\u017caniec po mszy \u015bwi\u0119tej wieczornej , a w niedziele\u00a0 o godz. 17:30. W\u00a0 tym tygodniu R\u00f3\u017caniec prowadz\u0105 : pon. kl.III . wt lektorzy<\/p>\n<p>\u015br. ministranci czw. R\u00f3\u017ca \u015bw. Jana Paw\u0142a II, pt. R\u00f3\u017ca \u015bw. Anny, sob. R\u00f3\u017ca \u015bw. siostry Faustyny Kowalskiej.<\/p>\n<p>Zach\u0119cam do modlitwy r\u00f3\u017ca\u0144cowej w rodzinach , indywidualne i w kaplicy w Krzy\u017c\u00f3wkach.<\/p>\n<p>Dzi\u015b lektorzy po ka\u017cdej mszy \u015bwi\u0119tej przed ko\u015bcio\u0142em zbieraj\u0105 ofiary na stypendia z okazji Dnia papieskiego.<\/p>\n<p>R\u00f3wnie\u017c przed ko\u015bcio\u0142em lektorzy rozdaj\u0105 bia\u0142o-czerwone flagi . ogromnie prosz\u0119, aby zawis\u0142y one na waszych domach z okazji 100 lecia odzyskania Niepodleg\u0142o\u015bci.<\/p>\n<p>W najbli\u017csz\u0105 niedziel\u0119 14 pa\u017adziernika Rady b\u0119d\u0105 zbiera\u0107 ofiary na prace kt\u00f3re\u00a0 sko\u0144czyli\u015bmy w tym roku. 2 miesi\u0105ce temu mieli\u015bmy 86 tys. z\u0142. Teraz mamy tylko 31 tys. Pani Teresa za tydzie\u0144 poda ostateczny bilans.<\/p>\n<p>Dzi\u015b o godz. 15 rozpoczyna si\u0119 przy Urz\u0119dzie Gminy Ho\u0142dymas na kt\u00f3ry wszystkich zaprasza P. W\u00f3jt i radni.<\/p>\n<p>Jutro w GOK w Jele\u015bni\u00a0 o godz. 18 odb\u0119dzie si\u0119 spotkanie w sprawie dotacji\u00a0\u00a0\u00a0\u00a0\u00a0\u00a0\u00a0\u00a0\u00a0\u00a0\u00a0\u00a0\u00a0\u00a0\u00a0\u00a0\u00a0 w ocieplenie mieszka\u0144 zmiany piec\u00f3w CO zmiany okien. Spotkanie wa\u017cne i warto jecha\u0107 i wszystkiego si\u0119 dowiedzie\u0107.<\/p>\n<p>Mo\u017cna zabra\u0107 karteczki na wypominki i dawa\u0107 na wypominki do koszyka , kt\u00f3ry jest na stoliku prze obrazem Pana Jezusa Mi\u0142osiernego.<\/p>\n<p>Zach\u0119cam do nabywania prasy katolickiej.<\/p>\n<p>B\u00f3g zap\u0142a\u0107 za sprz\u0105tanie ko\u015bcio\u0142a w tym tygodniu. Nast\u0119pne sprz\u0105tanie b\u0119dzie\u00a0\u00a0\u00a0\u00a0\u00a0\u00a0\u00a0\u00a0\u00a0\u00a0\u00a0\u00a0\u00a0\u00a0\u00a0\u00a0 w sobot\u0119 o godz. 9:00 Sprz\u0105taj\u0105 Panie z Krzy\u017c\u00f3wek : W\u0142adys\u0142awa Ciupka Katarzyna Cudzich i Maria Michalec.<\/p>\n<p>Spotkania w tym tygodniu: pon.o goz. 16 z kandydatami na ministrant\u00f3w sob. z klas\u0105 III o godz. 10<\/p>\n<p>&nbsp;<\/p>\n<p>Kalendarz liturgiczny<\/p>\n<p>Sobota \u2013 wsp. b\u0142. Honorata Ko\u017ami\u0144skiego kap\u0142ana.<\/p>\n","protected":false},"excerpt":{"rendered":"<p>&nbsp; \u00a0\u00a0\u00a0\u00a0\u00a0\u00a0\u00a0\u00a0\u00a0\u00a0\u00a0\u00a0\u00a0\u00a0\u00a0\u00a0\u00a0\u00a0\u00a0\u00a0\u00a0\u00a0\u00a0\u00a0\u00a0\u00a0\u00a0\u00a0\u00a0\u00a0\u00a0\u00a0\u00a0\u00a0\u00a0\u00a0\u00a0\u00a0\u00a0\u00a0\u00a0\u00a0\u00a0\u00a0\u00a0\u00a0\u00a0\u00a0\u00a0\u00a0\u00a0\u00a0\u00a0\u00a0\u00a0\u00a0\u00a0\u00a0\u00a0\u00a0\u00a0\u00a0\u00a0\u00a0\u00a0\u00a0\u00a0\u00a0\u00a0\u00a0\u00a0\u00a0\u00a0\u00a0\u00a0\u00a0\u00a0\u00a0\u00a0\u00a0\u00a0 Krzy\u017cowa 7.X 2018r. \u00a0\u00a0\u00a0\u00a0\u00a0\u00a0\u00a0\u00a0\u00a0\u00a0\u00a0\u00a0\u00a0\u00a0\u00a0\u00a0\u00a0\u00a0\u00a0 \u00a0\u00a0\u00a0\u00a0\u00a0\u00a0\u00a0\u00a0\u00a0\u00a0\u00a0\u00a0\u00a0\u00a0\u00a0\u00a0\u00a0 \u00a0\u00a0\u00a0\u00a0\u00a0\u00a0\u00a0\u00a0\u00a0\u00a0\u00a0\u00a0 \u00a0\u00a0\u00a0\u00a0\u00a0\u00a0\u00a0\u00a0\u00a0\u00a0\u00a0\u00a0\u00a0\u00a0\u00a0XXVII \u00a0NIEDZIELA\u00a0 ZWYK\u0141A &nbsp; &nbsp; Dzi\u015b przypada I niedziela miesi\u0105ca . Po ka\u017cdej mszy \u015bwi\u0119tej zamiast homilii adoracja\u00a0 Pana Jezusa\u00a0 w Naj\u015bwi\u0119tszym Sakramencie. Zapraszam na codzienny r\u00f3\u017caniec po mszy \u015bwi\u0119tej wieczornej , a w niedziele\u00a0 o godz. 17:30. W\u00a0 tym tygodniu R\u00f3\u017caniec prowadz\u0105 : pon. kl.III . [&hellip;]<\/p>\n","protected":false},"author":0,"featured_media":0,"comment_status":"closed","ping_status":"closed","sticky":false,"template":"","format":"standard","meta":{"ngg_post_thumbnail":0,"footnotes":""},"categories":[3],"tags":[],"class_list":["post-1429","post","type-post","status-publish","format-standard","hentry","category-ogloszenia"],"aioseo_notices":[],"_links":{"self":[{"href":"https:\/\/parafiakrzyzowa.pl\/index.php?rest_route=\/wp\/v2\/posts\/1429","targetHints":{"allow":["GET"]}}],"collection":[{"href":"https:\/\/parafiakrzyzowa.pl\/index.php?rest_route=\/wp\/v2\/posts"}],"about":[{"href":"https:\/\/parafiakrzyzowa.pl\/index.php?rest_route=\/wp\/v2\/types\/post"}],"replies":[{"embeddable":true,"href":"https:\/\/parafiakrzyzowa.pl\/index.php?rest_route=%2Fwp%2Fv2%2Fcomments&post=1429"}],"version-history":[{"count":1,"href":"https:\/\/parafiakrzyzowa.pl\/index.php?rest_route=\/wp\/v2\/posts\/1429\/revisions"}],"predecessor-version":[{"id":1430,"href":"https:\/\/parafiakrzyzowa.pl\/index.php?rest_route=\/wp\/v2\/posts\/1429\/revisions\/1430"}],"wp:attachment":[{"href":"https:\/\/parafiakrzyzowa.pl\/index.php?rest_route=%2Fwp%2Fv2%2Fmedia&parent=1429"}],"wp:term":[{"taxonomy":"category","embeddable":true,"href":"https:\/\/parafiakrzyzowa.pl\/index.php?rest_route=%2Fwp%2Fv2%2Fcategories&post=1429"},{"taxonomy":"post_tag","embeddable":true,"href":"https:\/\/parafiakrzyzowa.pl\/index.php?rest_route=%2Fwp%2Fv2%2Ftags&post=1429"}],"curies":[{"name":"wp","href":"https:\/\/api.w.org\/{rel}","templated":true}]}}