{"id":1436,"date":"2018-10-11T19:50:43","date_gmt":"2018-10-11T19:50:43","guid":{"rendered":"https:\/\/parafiakrzyzowa.pl\/?p=1436"},"modified":"2018-10-13T07:38:03","modified_gmt":"2018-10-13T07:38:03","slug":"1436","status":"publish","type":"post","link":"https:\/\/parafiakrzyzowa.pl\/?p=1436","title":{"rendered":""},"content":{"rendered":"<p>&nbsp;<\/p>\n<p><strong>\u00a0\u00a0\u00a0\u00a0\u00a0\u00a0\u00a0\u00a0\u00a0\u00a0\u00a0\u00a0\u00a0\u00a0\u00a0\u00a0\u00a0\u00a0\u00a0\u00a0\u00a0\u00a0\u00a0\u00a0\u00a0\u00a0\u00a0\u00a0\u00a0\u00a0\u00a0\u00a0\u00a0\u00a0\u00a0\u00a0\u00a0\u00a0\u00a0\u00a0\u00a0\u00a0\u00a0\u00a0\u00a0\u00a0\u00a0\u00a0\u00a0\u00a0\u00a0\u00a0\u00a0\u00a0\u00a0\u00a0\u00a0\u00a0\u00a0\u00a0\u00a0\u00a0\u00a0\u00a0\u00a0\u00a0\u00a0\u00a0\u00a0\u00a0\u00a0\u00a0\u00a0\u00a0\u00a0\u00a0\u00a0\u00a0\u00a0\u00a0\u00a0 <\/strong><strong>Krzy\u017cowa 14.X 2018r.<\/strong><\/p>\n<p><strong>\u00a0\u00a0\u00a0\u00a0\u00a0\u00a0\u00a0\u00a0\u00a0\u00a0\u00a0\u00a0\u00a0\u00a0\u00a0\u00a0\u00a0\u00a0\u00a0 <\/strong><\/p>\n<p><strong>\u00a0 \u00a0 \u00a0 \u00a0 \u00a0 \u00a0 \u00a0 \u00a0 \u00a0 \u00a0 \u00a0 \u00a0 \u00a0 \u00a0 \u00a0 \u00a0 \u00a0 \u00a0 \u00a0 \u00a0 \u00a0 \u00a0 \u00a0<\/strong><strong>\u00a0<\/strong><strong><u>XXVIII \u00a0NIEDZIELA\u00a0 ZWYK\u0141A<\/u><\/strong><\/p>\n<p>&nbsp;<\/p>\n<p>Zapraszam jeszcze dzi\u015b na nabo\u017ce\u0144stwo r\u00f3\u017ca\u0144cowe o godz. 17:30. W tygodniu R\u00f3\u017caniec po wieczornej mszy \u015bwi\u0119tej o godz. 17. W tym tygodniu R\u00f3\u017caniec prowadz\u0105 : pon \u2013 R\u00f3\u017ca bl. Ks. Jerzego Popie\u0142uszki wt- R\u00f3\u017ca m\u0142odzie\u017cowa b\u0142. Karoliny K\u00f3zk\u00f3wny \u015br. \u2013 stra\u017cacy z Krzy\u017cowej, czw. \u2013 stra\u017cacy z Krzy\u017cowej pt. Ko\u0142o Gospody\u0144 Wiejskich z Krzy\u017c\u00f3wek sob. \u2013 Ko\u0142o Gospody\u0144 Wiejskich\u00a0 \u00a0 \u00a0 z Krzy\u017cowej. Bardzo serdecznie zapraszam ca\u0142\u0105 parafi\u0119 na codzienny R\u00f3\u017caniec do naszego ko\u015bcio\u0142a , a je\u015bli to jest niemo\u017cliwe to o modlitw\u0119 w rodzinach albo indywidualnie.<\/p>\n<p>&nbsp;<\/p>\n<p>Dzi\u015b przypada \u015bwi\u0119to Edukacji narodowej czyli dawniej Dzie\u0144 Nauczyciela. Pragn\u0119 z\u0142o\u017cy\u0107 wszystkim nauczycielom serdeczne \u017cyczenia i podzi\u0119kowania za trud uczenia i wychowania naszych dzieci\u00a0 \u00a0 \u00a0 \u00a0 \u00a0 i m\u0142odzie\u017cy.<\/p>\n<p>Dzi\u015b Rady Duszpasterska i Ekonomiczna b\u0119d\u0105 zbiera\u0107 po raz ostatni ofiary na prace kt\u00f3re zako\u0144czyli\u015bmy w tym roku. Z g\u00f3ry sk\u0142adam wielkie B\u00f3g zap\u0142a\u0107.<\/p>\n<p>Bardzo dzi\u0119kuj\u0119 za ofiary na rodzin\u0119 syryjsk\u0105 kt\u00f3r\u0105 sk\u0142adacie ka\u017cdego miesi\u0105ca.<\/p>\n<p>Zach\u0119cam do nabywania prasy katolickiej.<\/p>\n<p>Mo\u017cna dawa\u0107 do koszyka przed Obrazem Pana Jezusa Mi\u0142osiernego wypominki jednorazowe\u00a0 \u00a0 \u00a0 \u00a0 \u00a0 \u00a0 \u00a0i roczne.<\/p>\n<p>B\u00f3g zap\u0142a\u0107 za sprz\u0105tanie ko\u015bcio\u0142a w tym tygodniu. Nast\u0119pne sprz\u0105tanie b\u0119dzie w sobot\u0119 o godz. 9:00.Sprz\u0105taj\u0105 Agata Spyrka Teresa Kormaniak i Sabina Z\u0105bek<\/p>\n<p>&nbsp;<\/p>\n<p>Spotkanie z kandydatami na ministrant\u00f3w w poniedzia\u0142ek o godz. 16 a z dzie\u0107mi\u00a0 z klasy III\u00a0 \u00a0 \u00a0 \u00a0 \u00a0 \u00a0 \u00a0 \u00a0 w sobot\u0119 o godz. 10.<\/p>\n<p>&nbsp;<\/p>\n<p>Kalendarz liturgiczny<\/p>\n<p>Poniedzia\u0142ek \u2013 wsp. \u015bw. Teresy z Avilli dziewicy i doktora Ko\u015bcio\u0142a<\/p>\n<p>Wtorek \u2013 wsp \u015bw. Jadwigi \u015al\u0105skiej \/ 40 rocznica wyboru kard. Karola Wojty\u0142y na papie\u017ca\/<\/p>\n<p>\u015aroda \u2013 wsp. \u015bw. Ignacego Antioche\u0144skiego biskupa i m\u0119czennika<\/p>\n<p>Czwartek \u2013 \u015bwi\u0119to \u015bw. \u0141ukasza Ewangelisty<\/p>\n<p>Sobota \u2013 wsp. \u015bw. Jana Kantego kap\u0142ana patrona diecezji<\/p>\n","protected":false},"excerpt":{"rendered":"<p>&nbsp; \u00a0\u00a0\u00a0\u00a0\u00a0\u00a0\u00a0\u00a0\u00a0\u00a0\u00a0\u00a0\u00a0\u00a0\u00a0\u00a0\u00a0\u00a0\u00a0\u00a0\u00a0\u00a0\u00a0\u00a0\u00a0\u00a0\u00a0\u00a0\u00a0\u00a0\u00a0\u00a0\u00a0\u00a0\u00a0\u00a0\u00a0\u00a0\u00a0\u00a0\u00a0\u00a0\u00a0\u00a0\u00a0\u00a0\u00a0\u00a0\u00a0\u00a0\u00a0\u00a0\u00a0\u00a0\u00a0\u00a0\u00a0\u00a0\u00a0\u00a0\u00a0\u00a0\u00a0\u00a0\u00a0\u00a0\u00a0\u00a0\u00a0\u00a0\u00a0\u00a0\u00a0\u00a0\u00a0\u00a0\u00a0\u00a0\u00a0\u00a0\u00a0 Krzy\u017cowa 14.X 2018r. \u00a0\u00a0\u00a0\u00a0\u00a0\u00a0\u00a0\u00a0\u00a0\u00a0\u00a0\u00a0\u00a0\u00a0\u00a0\u00a0\u00a0\u00a0\u00a0 \u00a0 \u00a0 \u00a0 \u00a0 \u00a0 \u00a0 \u00a0 \u00a0 \u00a0 \u00a0 \u00a0 \u00a0 \u00a0 \u00a0 \u00a0 \u00a0 \u00a0 \u00a0 \u00a0 \u00a0 \u00a0 \u00a0 \u00a0\u00a0XXVIII \u00a0NIEDZIELA\u00a0 ZWYK\u0141A &nbsp; Zapraszam jeszcze dzi\u015b na nabo\u017ce\u0144stwo r\u00f3\u017ca\u0144cowe o godz. 17:30. W tygodniu R\u00f3\u017caniec po wieczornej mszy \u015bwi\u0119tej o godz. 17. W tym tygodniu R\u00f3\u017caniec [&hellip;]<\/p>\n","protected":false},"author":0,"featured_media":0,"comment_status":"closed","ping_status":"closed","sticky":false,"template":"","format":"standard","meta":{"ngg_post_thumbnail":0,"footnotes":""},"categories":[3],"tags":[],"class_list":["post-1436","post","type-post","status-publish","format-standard","hentry","category-ogloszenia"],"aioseo_notices":[],"_links":{"self":[{"href":"https:\/\/parafiakrzyzowa.pl\/index.php?rest_route=\/wp\/v2\/posts\/1436","targetHints":{"allow":["GET"]}}],"collection":[{"href":"https:\/\/parafiakrzyzowa.pl\/index.php?rest_route=\/wp\/v2\/posts"}],"about":[{"href":"https:\/\/parafiakrzyzowa.pl\/index.php?rest_route=\/wp\/v2\/types\/post"}],"replies":[{"embeddable":true,"href":"https:\/\/parafiakrzyzowa.pl\/index.php?rest_route=%2Fwp%2Fv2%2Fcomments&post=1436"}],"version-history":[{"count":2,"href":"https:\/\/parafiakrzyzowa.pl\/index.php?rest_route=\/wp\/v2\/posts\/1436\/revisions"}],"predecessor-version":[{"id":1438,"href":"https:\/\/parafiakrzyzowa.pl\/index.php?rest_route=\/wp\/v2\/posts\/1436\/revisions\/1438"}],"wp:attachment":[{"href":"https:\/\/parafiakrzyzowa.pl\/index.php?rest_route=%2Fwp%2Fv2%2Fmedia&parent=1436"}],"wp:term":[{"taxonomy":"category","embeddable":true,"href":"https:\/\/parafiakrzyzowa.pl\/index.php?rest_route=%2Fwp%2Fv2%2Fcategories&post=1436"},{"taxonomy":"post_tag","embeddable":true,"href":"https:\/\/parafiakrzyzowa.pl\/index.php?rest_route=%2Fwp%2Fv2%2Ftags&post=1436"}],"curies":[{"name":"wp","href":"https:\/\/api.w.org\/{rel}","templated":true}]}}