{"id":1465,"date":"2018-11-10T13:09:57","date_gmt":"2018-11-10T13:09:57","guid":{"rendered":"https:\/\/parafiakrzyzowa.pl\/?p=1465"},"modified":"2018-11-10T13:10:03","modified_gmt":"2018-11-10T13:10:03","slug":"1465","status":"publish","type":"post","link":"https:\/\/parafiakrzyzowa.pl\/?p=1465","title":{"rendered":""},"content":{"rendered":"<p>&nbsp;<\/p>\n<p>&nbsp;<\/p>\n<p><strong><u>\u00a0INTENCJE\u00a0 MSZY \u015aWI\u0118TYCH<\/u><\/strong><\/p>\n<p><strong><u>NIEDZIELA 11.XI. 2018r<\/u><\/strong><\/p>\n<p>Godz. 8:00 \u00a0\u00a0&#8211; \u00a0\u00a0+ Maria Kami\u0144ska w 7r. \u015bmierci<\/p>\n<p>Godz. 11:00 &#8211; \u00a0\u00a0\u00a0\u00a0\u00a0\u00a0W intencji Ojczyzny<\/p>\n<p>Godz. 18\u00a0 \u00a0\u00a0\u00a0\u00a0&#8211; \u00a0++ Karolina Majcherek w 27r. \u015bmierci m\u0105\u017c Wojciech<\/p>\n<p><strong><u>PONIEDZIA\u0141EK <\/u><\/strong><strong><u>\u00a012<\/u><\/strong><strong><u>. XI. 2018r. <\/u><\/strong><\/p>\n<p>Godz. 17\u00a0\u00a0\u00a0\u00a0 &#8211;\u00a0\u00a0\u00a0 + Kazimierz Ciupka<\/p>\n<p><strong><u>WTOREK 13.XI. 2018<\/u><\/strong><\/p>\n<p>Godz. 7:00 \u00a0&#8211; \u00a0\u00a0\u00a0\u00a0\u00a0\u00a0W pewnej intencji<\/p>\n<p><strong><u>\u015aRODA 14.XI. 2018r. <\/u><\/strong><\/p>\n<p>Godz. 17\u00a0\u00a0\u00a0 &#8211;\u00a0 ++ Anna i Bronis\u0142aw Pastorowie<\/p>\n<p><strong><u>CZWARTEK 15.XI. 2018r. <\/u><\/strong><\/p>\n<p>Godz. 7:00 &#8211; \u00a0\u00a0\u00a0\u00a0+\u00a0 Rozalia Krawczyk<\/p>\n<p><strong><u>PI\u0104TEK 16.XI. 2018r. <\/u><\/strong><\/p>\n<p>Godz. 17\u00a0\u00a0\u00a0 &#8211;\u00a0\u00a0\u00a0\u00a0 \u00a0\u00a0\u00a0\u00a0Do Bo\u017cego Mi\u0142osierdzia<\/p>\n<p><strong><u>\u00a0SOBOTA 17.XI. 2018r. <\/u><\/strong><\/p>\n<p>Godz. 17\u00a0\u00a0 \u00a0&#8211;\u00a0\u00a0 ++ Jan Duraj w 20r. \u015bmierci \u017cona Rozalia<\/p>\n<p><strong><u>NIEDZIELA \u00a018.XI. 2018r.<\/u><\/strong><\/p>\n<p>Godz. 8:00 \u00a0&#8211; \u00a0++ Czes\u0142aw Duraj i rodzice Rozalia i Wojciech<\/p>\n<p>Godz.11:00 &#8211; \u00a0\u00a0\u00a0\u00a0\u00a0\u00a0\u00a0Dzi\u0119kczynna z pro\u015bb\u0105 o zdrowie i b\u0142. Bo\u017ce dla Gra\u017cyny i S\u0142awomira Nowak\u00f3w<\/p>\n<p>w 20r. \u015blubu<\/p>\n<p>Godz. 18\u00a0\u00a0\u00a0 &#8211;\u00a0 \u00a0\u00a0\u00a0\u00a0\u00a0\u00a0\u00a0Za dusze w czy\u015b\u0107cu cierpi\u0105ce i nie maj\u0105ce znik\u0105d pomocy<\/p>\n","protected":false},"excerpt":{"rendered":"<p>&nbsp; &nbsp; \u00a0INTENCJE\u00a0 MSZY \u015aWI\u0118TYCH NIEDZIELA 11.XI. 2018r Godz. 8:00 \u00a0\u00a0&#8211; \u00a0\u00a0+ Maria Kami\u0144ska w 7r. \u015bmierci Godz. 11:00 &#8211; \u00a0\u00a0\u00a0\u00a0\u00a0\u00a0W intencji Ojczyzny Godz. 18\u00a0 \u00a0\u00a0\u00a0\u00a0&#8211; \u00a0++ Karolina Majcherek w 27r. \u015bmierci m\u0105\u017c Wojciech PONIEDZIA\u0141EK \u00a012. XI. 2018r. Godz. 17\u00a0\u00a0\u00a0\u00a0 &#8211;\u00a0\u00a0\u00a0 + Kazimierz Ciupka WTOREK 13.XI. 2018 Godz. 7:00 \u00a0&#8211; \u00a0\u00a0\u00a0\u00a0\u00a0\u00a0W pewnej intencji \u015aRODA 14.XI. [&hellip;]<\/p>\n","protected":false},"author":0,"featured_media":0,"comment_status":"closed","ping_status":"closed","sticky":false,"template":"","format":"standard","meta":{"ngg_post_thumbnail":0,"footnotes":""},"categories":[7],"tags":[],"class_list":["post-1465","post","type-post","status-publish","format-standard","hentry","category-intencje"],"aioseo_notices":[],"_links":{"self":[{"href":"https:\/\/parafiakrzyzowa.pl\/index.php?rest_route=\/wp\/v2\/posts\/1465","targetHints":{"allow":["GET"]}}],"collection":[{"href":"https:\/\/parafiakrzyzowa.pl\/index.php?rest_route=\/wp\/v2\/posts"}],"about":[{"href":"https:\/\/parafiakrzyzowa.pl\/index.php?rest_route=\/wp\/v2\/types\/post"}],"replies":[{"embeddable":true,"href":"https:\/\/parafiakrzyzowa.pl\/index.php?rest_route=%2Fwp%2Fv2%2Fcomments&post=1465"}],"version-history":[{"count":1,"href":"https:\/\/parafiakrzyzowa.pl\/index.php?rest_route=\/wp\/v2\/posts\/1465\/revisions"}],"predecessor-version":[{"id":1466,"href":"https:\/\/parafiakrzyzowa.pl\/index.php?rest_route=\/wp\/v2\/posts\/1465\/revisions\/1466"}],"wp:attachment":[{"href":"https:\/\/parafiakrzyzowa.pl\/index.php?rest_route=%2Fwp%2Fv2%2Fmedia&parent=1465"}],"wp:term":[{"taxonomy":"category","embeddable":true,"href":"https:\/\/parafiakrzyzowa.pl\/index.php?rest_route=%2Fwp%2Fv2%2Fcategories&post=1465"},{"taxonomy":"post_tag","embeddable":true,"href":"https:\/\/parafiakrzyzowa.pl\/index.php?rest_route=%2Fwp%2Fv2%2Ftags&post=1465"}],"curies":[{"name":"wp","href":"https:\/\/api.w.org\/{rel}","templated":true}]}}