{"id":1553,"date":"2019-01-26T12:40:59","date_gmt":"2019-01-26T12:40:59","guid":{"rendered":"https:\/\/parafiakrzyzowa.pl\/?p=1553"},"modified":"2019-01-26T12:41:03","modified_gmt":"2019-01-26T12:41:03","slug":"1553","status":"publish","type":"post","link":"https:\/\/parafiakrzyzowa.pl\/?p=1553","title":{"rendered":""},"content":{"rendered":"<p>&nbsp;<\/p>\n<p><strong>\u00a0\u00a0\u00a0\u00a0\u00a0\u00a0\u00a0\u00a0\u00a0\u00a0\u00a0\u00a0\u00a0\u00a0\u00a0\u00a0\u00a0\u00a0\u00a0\u00a0\u00a0\u00a0\u00a0\u00a0\u00a0\u00a0\u00a0\u00a0\u00a0\u00a0\u00a0\u00a0\u00a0\u00a0\u00a0\u00a0\u00a0\u00a0\u00a0\u00a0\u00a0\u00a0\u00a0\u00a0\u00a0\u00a0\u00a0\u00a0\u00a0\u00a0\u00a0\u00a0\u00a0\u00a0\u00a0\u00a0\u00a0\u00a0\u00a0\u00a0\u00a0\u00a0\u00a0\u00a0\u00a0\u00a0\u00a0\u00a0\u00a0\u00a0\u00a0\u00a0\u00a0\u00a0\u00a0\u00a0\u00a0\u00a0\u00a0\u00a0\u00a0 <\/strong><strong>Krzy\u017cowa 27.I. 2019r.<\/strong><\/p>\n<p><strong>\u00a0\u00a0\u00a0\u00a0\u00a0\u00a0\u00a0\u00a0\u00a0\u00a0\u00a0\u00a0\u00a0\u00a0\u00a0\u00a0\u00a0\u00a0 <\/strong><\/p>\n<p><strong>\u00a0\u00a0\u00a0\u00a0\u00a0\u00a0\u00a0\u00a0\u00a0\u00a0\u00a0\u00a0\u00a0\u00a0\u00a0\u00a0\u00a0 <\/strong><\/p>\n<p><strong>\u00a0 \u00a0 \u00a0 \u00a0 \u00a0 \u00a0 \u00a0 \u00a0 \u00a0 \u00a0 \u00a0 \u00a0 \u00a0 \u00a0 \u00a0 \u00a0 \u00a0 \u00a0 \u00a0 \u00a0 \u00a0 \u00a0 \u00a0 \u00a0 \u00a0 \u00a0 \u00a0<\/strong><strong><u>\u00a0III NIEDZIELA\u00a0 ZWYK\u0141A<\/u><\/strong><\/p>\n<p>Zapraszam bardzo serdecznie na codzienn\u0105 msz\u0119 \u015bw. W \u015brod\u0119 jak zwykle przed msz\u0105 \u015bw. R\u00f3\u017caniec o trze\u017awo\u015b\u0107 .<\/p>\n<p>W tym tygodniu przypada I pi\u0105tek i sobota miesi\u0105ca. Spowied\u017a \u015bw. w pi\u0105tek od godz. 16 do 17. Po mszy \u015bw. nabo\u017ce\u0144stwo do Naj\u015bwi\u0119tszego Serca Pana Jezusa. Wizyta u chorych i senior\u00f3w od godz. 9:00..<\/p>\n<p>W sobot\u0119 przypada \u015bwi\u0119to Ofiarowania Pa\u0144skiego czyli Matki Bo\u017cej Gromnicznej. Msze \u015bw.\u00a0 \u00a0 \u00a0 \u00a0 \u00a0 \u00a0 \u00a0 \u00a0 \u00a0w naszym ko\u015bciele b\u0119d\u0105 o godz. 8:00 i 17 wieczorem. Przynosimy w ten dzie\u0144 do ko\u015bcio\u0142a gromnice.<\/p>\n<p>Zach\u0119cam do nabywania prasy katolickiej. Dzi\u015b jest film DVD Pt. B\u00f3g nie umar\u0142.<\/p>\n<p>&nbsp;<\/p>\n<p>B\u00f3g zap\u0142a\u0107 za sprz\u0105tanie ko\u015bcio\u0142a w tym tygodniu. Nast\u0119pne sprz\u0105tanie b\u0119dzie\u00a0 w sobot\u0119 po mszy \u015bw. o godz. 8:00. Sprz\u0105taj\u0105 Panie: Gra\u017cyna Duc Gra\u017cyna Duraj Ma\u0142gorzata Dendys\u00a0 i Anna Kaszlej. Kupujemy kwiaty.<\/p>\n<p>Wszystkie Panie kt\u00f3re sko\u0144czy\u0142y 60 lat i nie maj\u0105 \u017cadnej emerytury mog\u0105 si\u0119 stara\u0107 o tzw. Emerytur\u0119 matczyn\u0105 + 4.<\/p>\n<p>Nie b\u0119dzie spotkania z dzie\u0107mi z klasy III bo jest I pi\u0105tek miesi\u0105ca.<\/p>\n<p>Spotkanie z Rad\u0105 duszpastersk\u0105 i ekonomiczn\u0105 b\u0119dzie w sobot\u0119 o godz. 18. Bardzo serdecznie Pa\u0144stwa zapraszam i licz\u0119 na obecno\u015b\u0107. B\u0119dziemy musieli ustali\u0107 prace w tym roku.<\/p>\n<p>&nbsp;<\/p>\n<p>Kalendarz liturgiczny<\/p>\n<p>Poniedzia\u0142ek \u2013 wsp. \u015bw. Tomasza z Akwinu kap\u0142ana i Doktora Ko\u015bcio\u0142a<\/p>\n<p>Czwartek \u2013 wsp. \u015bw. Jana Bosko kap\u0142ana<\/p>\n<p>Sobota \u2013 \u015bwi\u0119to Ofiarowania Pa\u0144skiego<\/p>\n<p>&nbsp;<\/p>\n<p>W tym tygodniu odszed\u0142 z naszej rodziny parafialnej do Pana po wieczn\u0105 nagrod\u0119\u00a0 najstarszy parafianin \u015bp. W\u0142adys\u0142aw Michalec\u00a0\u00a0 wieczny odpoczynek racz mu da\u0107 Panie\u2026\u2026\u2026\u2026\u2026\u2026\u2026\u2026.<\/p>\n<p>&nbsp;<\/p>\n<p>&nbsp;<\/p>\n<p>&nbsp;<\/p>\n","protected":false},"excerpt":{"rendered":"<p>&nbsp; \u00a0\u00a0\u00a0\u00a0\u00a0\u00a0\u00a0\u00a0\u00a0\u00a0\u00a0\u00a0\u00a0\u00a0\u00a0\u00a0\u00a0\u00a0\u00a0\u00a0\u00a0\u00a0\u00a0\u00a0\u00a0\u00a0\u00a0\u00a0\u00a0\u00a0\u00a0\u00a0\u00a0\u00a0\u00a0\u00a0\u00a0\u00a0\u00a0\u00a0\u00a0\u00a0\u00a0\u00a0\u00a0\u00a0\u00a0\u00a0\u00a0\u00a0\u00a0\u00a0\u00a0\u00a0\u00a0\u00a0\u00a0\u00a0\u00a0\u00a0\u00a0\u00a0\u00a0\u00a0\u00a0\u00a0\u00a0\u00a0\u00a0\u00a0\u00a0\u00a0\u00a0\u00a0\u00a0\u00a0\u00a0\u00a0\u00a0\u00a0\u00a0 Krzy\u017cowa 27.I. 2019r. \u00a0\u00a0\u00a0\u00a0\u00a0\u00a0\u00a0\u00a0\u00a0\u00a0\u00a0\u00a0\u00a0\u00a0\u00a0\u00a0\u00a0\u00a0 \u00a0\u00a0\u00a0\u00a0\u00a0\u00a0\u00a0\u00a0\u00a0\u00a0\u00a0\u00a0\u00a0\u00a0\u00a0\u00a0\u00a0 \u00a0 \u00a0 \u00a0 \u00a0 \u00a0 \u00a0 \u00a0 \u00a0 \u00a0 \u00a0 \u00a0 \u00a0 \u00a0 \u00a0 \u00a0 \u00a0 \u00a0 \u00a0 \u00a0 \u00a0 \u00a0 \u00a0 \u00a0 \u00a0 \u00a0 \u00a0 \u00a0\u00a0III NIEDZIELA\u00a0 ZWYK\u0141A Zapraszam bardzo serdecznie na codzienn\u0105 msz\u0119 \u015bw. W \u015brod\u0119 jak zwykle przed msz\u0105 \u015bw. R\u00f3\u017caniec o trze\u017awo\u015b\u0107 . W [&hellip;]<\/p>\n","protected":false},"author":0,"featured_media":0,"comment_status":"closed","ping_status":"closed","sticky":false,"template":"","format":"standard","meta":{"ngg_post_thumbnail":0,"footnotes":""},"categories":[3],"tags":[],"class_list":["post-1553","post","type-post","status-publish","format-standard","hentry","category-ogloszenia"],"aioseo_notices":[],"_links":{"self":[{"href":"https:\/\/parafiakrzyzowa.pl\/index.php?rest_route=\/wp\/v2\/posts\/1553","targetHints":{"allow":["GET"]}}],"collection":[{"href":"https:\/\/parafiakrzyzowa.pl\/index.php?rest_route=\/wp\/v2\/posts"}],"about":[{"href":"https:\/\/parafiakrzyzowa.pl\/index.php?rest_route=\/wp\/v2\/types\/post"}],"replies":[{"embeddable":true,"href":"https:\/\/parafiakrzyzowa.pl\/index.php?rest_route=%2Fwp%2Fv2%2Fcomments&post=1553"}],"version-history":[{"count":1,"href":"https:\/\/parafiakrzyzowa.pl\/index.php?rest_route=\/wp\/v2\/posts\/1553\/revisions"}],"predecessor-version":[{"id":1554,"href":"https:\/\/parafiakrzyzowa.pl\/index.php?rest_route=\/wp\/v2\/posts\/1553\/revisions\/1554"}],"wp:attachment":[{"href":"https:\/\/parafiakrzyzowa.pl\/index.php?rest_route=%2Fwp%2Fv2%2Fmedia&parent=1553"}],"wp:term":[{"taxonomy":"category","embeddable":true,"href":"https:\/\/parafiakrzyzowa.pl\/index.php?rest_route=%2Fwp%2Fv2%2Fcategories&post=1553"},{"taxonomy":"post_tag","embeddable":true,"href":"https:\/\/parafiakrzyzowa.pl\/index.php?rest_route=%2Fwp%2Fv2%2Ftags&post=1553"}],"curies":[{"name":"wp","href":"https:\/\/api.w.org\/{rel}","templated":true}]}}