{"id":1595,"date":"2019-03-09T09:07:28","date_gmt":"2019-03-09T09:07:28","guid":{"rendered":"https:\/\/parafiakrzyzowa.pl\/?p=1595"},"modified":"2019-03-09T09:07:35","modified_gmt":"2019-03-09T09:07:35","slug":"1595","status":"publish","type":"post","link":"https:\/\/parafiakrzyzowa.pl\/?p=1595","title":{"rendered":""},"content":{"rendered":"<p>&nbsp;<\/p>\n<p><strong>\u00a0\u00a0\u00a0\u00a0\u00a0\u00a0\u00a0\u00a0\u00a0\u00a0\u00a0\u00a0\u00a0\u00a0\u00a0\u00a0\u00a0\u00a0\u00a0\u00a0\u00a0\u00a0\u00a0\u00a0\u00a0\u00a0\u00a0\u00a0\u00a0\u00a0\u00a0\u00a0\u00a0\u00a0\u00a0\u00a0\u00a0\u00a0\u00a0\u00a0\u00a0\u00a0\u00a0\u00a0\u00a0\u00a0\u00a0\u00a0\u00a0\u00a0\u00a0\u00a0\u00a0\u00a0\u00a0\u00a0\u00a0\u00a0\u00a0\u00a0\u00a0\u00a0\u00a0\u00a0\u00a0\u00a0\u00a0\u00a0\u00a0\u00a0\u00a0\u00a0\u00a0\u00a0\u00a0\u00a0\u00a0\u00a0\u00a0\u00a0\u00a0 <\/strong><strong>Krzy\u017cowa 10.III. 2019r.<\/strong><\/p>\n<p><strong>\u00a0\u00a0\u00a0\u00a0\u00a0\u00a0\u00a0\u00a0\u00a0\u00a0\u00a0\u00a0\u00a0\u00a0\u00a0\u00a0\u00a0\u00a0 <\/strong><\/p>\n<p><strong>\u00a0\u00a0\u00a0\u00a0\u00a0\u00a0\u00a0\u00a0\u00a0\u00a0\u00a0\u00a0\u00a0\u00a0\u00a0\u00a0\u00a0 <\/strong><\/p>\n<p><strong>\u00a0 \u00a0 \u00a0 \u00a0 \u00a0 \u00a0 \u00a0 \u00a0 \u00a0 \u00a0 \u00a0 \u00a0 \u00a0 \u00a0 \u00a0 \u00a0 \u00a0 \u00a0 \u00a0 \u00a0 \u00a0 \u00a0 \u00a0<\/strong><strong><u>\u00a0I \u00a0NIEDZIELA\u00a0 WIELKIEGO POSTU<\/u><\/strong><\/p>\n<p>&nbsp;<\/p>\n<p>Dzi\u015b po mszy \u015bwi\u0119tej o godz. 8:00 b\u0119dzie droga krzy\u017cowa dla tych , kt\u00f3rzy nie mog\u0105 uczestniczy\u0107 w pi\u0105tek.<\/p>\n<p>Dzisiaj pierwsze Gorzkie \u017bale z kazaniem pasyjnym o godz. 17:15. W tym roku kazanie pasyjne b\u0119d\u0105 g\u0142osi\u0107 o. Franciszkanie z Koszarawy Bystre. Bardzo serdecznie zapraszam ca\u0142\u0105 parafi\u0119 szczeg\u00f3lnie dzieci i m\u0142odzie\u017c.<\/p>\n<p>Bardzo serdecznie prosz\u0119 o czynienie postanowie\u0144 wielkopostnych , prosz\u0119\u00a0 \u00a0o trze\u017awo\u015b\u0107 prosz\u0119\u00a0 \u00a0 \u00a0 \u00a0o takie postanowienie pozytywne, \u017ce b\u0119d\u0119 uczestniczy\u0142\u00a0 w Drogach krzy\u017cowych czy wszystkich Gorzkich \u017balach.<\/p>\n<p>W najbli\u017csz\u0105 niedziel\u0119 17 marca Rady Duszpasterska i Ekonomiczna b\u0119d\u0105 zbiera\u0107 ofiary na tegoroczne prace przy ko\u015bciele i plebanii.<\/p>\n<p>W pi\u0105tek Droga Krzy\u017cowa dla dzieci o godz. 16:30 , a dla starszych i m\u0142odzie\u017cy<\/p>\n<p>o godz. 17:30.<\/p>\n<p>W pi\u0105tek o godz. 15:30 spotkanie z dzie\u0107mi komunijnymi , a po mszy \u015bwi\u0119tej spotkanie z m\u0142odzie\u017c\u0105 do Bierzmowania.<\/p>\n<p>Na stoliku przed obrazem Pana Jezusa Mi\u0142osiernego jest skarbona na ofiary na kwiaty do Grobu Pana Jezusa.<\/p>\n<p>B\u00f3g zap\u0142a\u0107 za sprz\u0105tanie ko\u015bcio\u0142a w tym tygodniu. Nast\u0119pne sprz\u0105tanie b\u0119dzie\u00a0 w sobot\u0119 o godz. 9:00 Sprz\u0105taj\u0105 Panie: Bo\u017cena Mylak Barbara Biernatek, Maria Sk\u00f3rzak i Barbara Moc.<\/p>\n<p>W pi\u0105tek msza \u015bw. do Bo\u017cego Mi\u0142osierdzia , a po mszy \u015bw. Koronka do Bo\u017cego Mi\u0142osierdzia.<\/p>\n<p>W przysz\u0142\u0105 niedziel\u0119 II Wielkiego Postu przed ko\u015bcio\u0142em lektorzy b\u0119d\u0105 zbiera\u0107 ofiary dla dzieci\u00a0 \u00a0 \u00a0 \u00a0 \u00a0 z Afryki. Niech to b\u0119dzie okazja dla nas na ja\u0142mu\u017cn\u0119 postn\u0105 , kt\u00f3ra jest obok modlitwy i postu fundamentem naszego nawr\u00f3cenia.<\/p>\n","protected":false},"excerpt":{"rendered":"<p>&nbsp; \u00a0\u00a0\u00a0\u00a0\u00a0\u00a0\u00a0\u00a0\u00a0\u00a0\u00a0\u00a0\u00a0\u00a0\u00a0\u00a0\u00a0\u00a0\u00a0\u00a0\u00a0\u00a0\u00a0\u00a0\u00a0\u00a0\u00a0\u00a0\u00a0\u00a0\u00a0\u00a0\u00a0\u00a0\u00a0\u00a0\u00a0\u00a0\u00a0\u00a0\u00a0\u00a0\u00a0\u00a0\u00a0\u00a0\u00a0\u00a0\u00a0\u00a0\u00a0\u00a0\u00a0\u00a0\u00a0\u00a0\u00a0\u00a0\u00a0\u00a0\u00a0\u00a0\u00a0\u00a0\u00a0\u00a0\u00a0\u00a0\u00a0\u00a0\u00a0\u00a0\u00a0\u00a0\u00a0\u00a0\u00a0\u00a0\u00a0\u00a0\u00a0 Krzy\u017cowa 10.III. 2019r. \u00a0\u00a0\u00a0\u00a0\u00a0\u00a0\u00a0\u00a0\u00a0\u00a0\u00a0\u00a0\u00a0\u00a0\u00a0\u00a0\u00a0\u00a0 \u00a0\u00a0\u00a0\u00a0\u00a0\u00a0\u00a0\u00a0\u00a0\u00a0\u00a0\u00a0\u00a0\u00a0\u00a0\u00a0\u00a0 \u00a0 \u00a0 \u00a0 \u00a0 \u00a0 \u00a0 \u00a0 \u00a0 \u00a0 \u00a0 \u00a0 \u00a0 \u00a0 \u00a0 \u00a0 \u00a0 \u00a0 \u00a0 \u00a0 \u00a0 \u00a0 \u00a0 \u00a0\u00a0I \u00a0NIEDZIELA\u00a0 WIELKIEGO POSTU &nbsp; Dzi\u015b po mszy \u015bwi\u0119tej o godz. 8:00 b\u0119dzie droga krzy\u017cowa dla tych , kt\u00f3rzy nie mog\u0105 uczestniczy\u0107 w pi\u0105tek. Dzisiaj pierwsze [&hellip;]<\/p>\n","protected":false},"author":0,"featured_media":0,"comment_status":"closed","ping_status":"closed","sticky":false,"template":"","format":"standard","meta":{"ngg_post_thumbnail":0,"footnotes":""},"categories":[3],"tags":[],"class_list":["post-1595","post","type-post","status-publish","format-standard","hentry","category-ogloszenia"],"aioseo_notices":[],"_links":{"self":[{"href":"https:\/\/parafiakrzyzowa.pl\/index.php?rest_route=\/wp\/v2\/posts\/1595","targetHints":{"allow":["GET"]}}],"collection":[{"href":"https:\/\/parafiakrzyzowa.pl\/index.php?rest_route=\/wp\/v2\/posts"}],"about":[{"href":"https:\/\/parafiakrzyzowa.pl\/index.php?rest_route=\/wp\/v2\/types\/post"}],"replies":[{"embeddable":true,"href":"https:\/\/parafiakrzyzowa.pl\/index.php?rest_route=%2Fwp%2Fv2%2Fcomments&post=1595"}],"version-history":[{"count":1,"href":"https:\/\/parafiakrzyzowa.pl\/index.php?rest_route=\/wp\/v2\/posts\/1595\/revisions"}],"predecessor-version":[{"id":1596,"href":"https:\/\/parafiakrzyzowa.pl\/index.php?rest_route=\/wp\/v2\/posts\/1595\/revisions\/1596"}],"wp:attachment":[{"href":"https:\/\/parafiakrzyzowa.pl\/index.php?rest_route=%2Fwp%2Fv2%2Fmedia&parent=1595"}],"wp:term":[{"taxonomy":"category","embeddable":true,"href":"https:\/\/parafiakrzyzowa.pl\/index.php?rest_route=%2Fwp%2Fv2%2Fcategories&post=1595"},{"taxonomy":"post_tag","embeddable":true,"href":"https:\/\/parafiakrzyzowa.pl\/index.php?rest_route=%2Fwp%2Fv2%2Ftags&post=1595"}],"curies":[{"name":"wp","href":"https:\/\/api.w.org\/{rel}","templated":true}]}}