{"id":1620,"date":"2019-03-30T09:29:53","date_gmt":"2019-03-30T09:29:53","guid":{"rendered":"https:\/\/parafiakrzyzowa.pl\/?p=1620"},"modified":"2019-03-30T09:30:00","modified_gmt":"2019-03-30T09:30:00","slug":"1620","status":"publish","type":"post","link":"https:\/\/parafiakrzyzowa.pl\/?p=1620","title":{"rendered":""},"content":{"rendered":"<p>&nbsp;<\/p>\n<p><strong>\u00a0\u00a0\u00a0\u00a0\u00a0\u00a0\u00a0\u00a0\u00a0\u00a0\u00a0\u00a0\u00a0\u00a0\u00a0\u00a0\u00a0\u00a0\u00a0\u00a0\u00a0\u00a0\u00a0\u00a0\u00a0\u00a0\u00a0\u00a0\u00a0\u00a0\u00a0\u00a0\u00a0\u00a0\u00a0\u00a0\u00a0\u00a0\u00a0\u00a0\u00a0\u00a0\u00a0\u00a0\u00a0\u00a0\u00a0\u00a0\u00a0\u00a0\u00a0\u00a0\u00a0\u00a0\u00a0\u00a0\u00a0\u00a0\u00a0\u00a0\u00a0\u00a0\u00a0\u00a0\u00a0\u00a0\u00a0\u00a0\u00a0\u00a0\u00a0\u00a0\u00a0\u00a0\u00a0\u00a0\u00a0\u00a0\u00a0\u00a0\u00a0 <\/strong><strong>Krzy\u017cowa 31.III. 2019r.<\/strong><\/p>\n<p><strong>\u00a0\u00a0\u00a0\u00a0\u00a0\u00a0\u00a0\u00a0\u00a0\u00a0\u00a0\u00a0\u00a0\u00a0\u00a0\u00a0\u00a0\u00a0 <\/strong><\/p>\n<p><strong>\u00a0 \u00a0 \u00a0 \u00a0 \u00a0 \u00a0 \u00a0 \u00a0 \u00a0 \u00a0 \u00a0 \u00a0 \u00a0 \u00a0 \u00a0 \u00a0 \u00a0<\/strong><strong><u>\u00a0IV \u00a0NIEDZIELA\u00a0 WIELKIEGO POSTU<\/u><\/strong><\/p>\n<p>Dzi\u015b po mszy \u015bwi\u0119tej o godz. 8:00 b\u0119dzie droga krzy\u017cowa dla tych , kt\u00f3rzy nie mog\u0105 uczestniczy\u0107\u00a0 \u00a0 \u00a0w pi\u0105tek.<\/p>\n<p>Gorzkie \u017bale z kazaniem pasyjnym o godz. 17:15.\u00a0 Bardzo serdecznie zapraszam ca\u0142\u0105 parafi\u0119 szczeg\u00f3lnie dzieci i m\u0142odzie\u017c.<\/p>\n<p>Bardzo serdecznie prosz\u0119 o czynienie postanowie\u0144 wielkopostnych , prosz\u0119\u00a0 o trze\u017awo\u015b\u0107 i podejmowanie r\u00f3\u017cnych czyn\u00f3w pokutnych<\/p>\n<p>Bardzo gor\u0105co \u00a0dzi\u0119kuj\u0119 ca\u0142ej Parafii z zaanga\u017cowanie przy sprz\u0105taniu \u015bwiata szczeg\u00f3lnie dzieciom i m\u0142odzie\u017cy.<\/p>\n<p>Jutro po wieczornej mszy \u015bwi\u0119tej spotkanie z kandydatami do bierzmowania. Zapraszam na to spotkanie rodzic\u00f3w kt\u00f3rzy b\u0119d\u0105 wita\u0107 ks. Biskupa,<\/p>\n<p>W pi\u0105tek Droga Krzy\u017cowa dla wszystkich zw wzgl\u0119du na I pi\u0105tek miesi\u0105ca\u00a0 o godz. 17:30.<\/p>\n<p>W poniedzia\u0142ek\u00a0 o godz. 16:30 spotkanie z dzie\u0107mi komunijnymi .<\/p>\n<p>W tym tygodniu przypada I czwartek pi\u0105tek i sobota miesi\u0105ca. We czwartek msza \u015bw. o godz. 18\u00a0 \u00a0 \u00a0 \u00a0 a po mszy \u015bw. Godzina \u015bw. w pi\u0105tek po mszy \u015bw. nabo\u017ce\u0144stwo do Serca Pana Jezusa.<\/p>\n<p>Spowied\u017a \u015bw. w pi\u0105tek od 16:30 do 17:30<\/p>\n<p>Nie b\u0119dzie wizyty u chorych i senior\u00f3w poniewa\u017c przed \u015bwi\u0119tami b\u0119d\u0105 odwiedziny z Panem Jezusem.<\/p>\n<p>W najbli\u017csz\u0105 niedziel\u0119 7 kwietnia rozpoczynamy rekolekcje \u015bwi\u0119te. Programy rekolekcji s\u0105 na stoliku w przedsionku ko\u015bcio\u0142a i w gablocie przed ko\u015bcio\u0142em.<\/p>\n<p>Rekolekcje g\u0142osi O. Eugeniusz redemptorysta.<\/p>\n<p>Na stoliku przed obrazem Pana Jezusa Mi\u0142osiernego jest skarbona na ofiary na kwiaty do Grobu Pana Jezusa.<\/p>\n<p>Zach\u0119cam do nabywania prasy katolickiej.<\/p>\n<p>B\u00f3g zap\u0142a\u0107 za sprz\u0105tanie ko\u015bcio\u0142a w tym tygodniu. Nast\u0119pne sprz\u0105tanie b\u0119dzie\u00a0 w sobot\u0119 o godz. 9:00 Sprz\u0105taj\u0105 Panie: Ewa Majcherek Helena Habzda Wies\u0142awa Wrzeszcz i Monika Majcherek.<\/p>\n<p>W najbli\u017csz\u0105 niedziel\u0119 Rady naszej parafii b\u0119d\u0105 zbiera\u0107 ofiary na prace przy ko\u015bciele.<\/p>\n<p>Nieustannie dzi\u0119kuj\u0119, \u017ce pami\u0119tacie o rodzinie z Aleppo w Syrii.<\/p>\n","protected":false},"excerpt":{"rendered":"<p>&nbsp; \u00a0\u00a0\u00a0\u00a0\u00a0\u00a0\u00a0\u00a0\u00a0\u00a0\u00a0\u00a0\u00a0\u00a0\u00a0\u00a0\u00a0\u00a0\u00a0\u00a0\u00a0\u00a0\u00a0\u00a0\u00a0\u00a0\u00a0\u00a0\u00a0\u00a0\u00a0\u00a0\u00a0\u00a0\u00a0\u00a0\u00a0\u00a0\u00a0\u00a0\u00a0\u00a0\u00a0\u00a0\u00a0\u00a0\u00a0\u00a0\u00a0\u00a0\u00a0\u00a0\u00a0\u00a0\u00a0\u00a0\u00a0\u00a0\u00a0\u00a0\u00a0\u00a0\u00a0\u00a0\u00a0\u00a0\u00a0\u00a0\u00a0\u00a0\u00a0\u00a0\u00a0\u00a0\u00a0\u00a0\u00a0\u00a0\u00a0\u00a0\u00a0 Krzy\u017cowa 31.III. 2019r. \u00a0\u00a0\u00a0\u00a0\u00a0\u00a0\u00a0\u00a0\u00a0\u00a0\u00a0\u00a0\u00a0\u00a0\u00a0\u00a0\u00a0\u00a0 \u00a0 \u00a0 \u00a0 \u00a0 \u00a0 \u00a0 \u00a0 \u00a0 \u00a0 \u00a0 \u00a0 \u00a0 \u00a0 \u00a0 \u00a0 \u00a0 \u00a0\u00a0IV \u00a0NIEDZIELA\u00a0 WIELKIEGO POSTU Dzi\u015b po mszy \u015bwi\u0119tej o godz. 8:00 b\u0119dzie droga krzy\u017cowa dla tych , kt\u00f3rzy nie mog\u0105 uczestniczy\u0107\u00a0 \u00a0 \u00a0w pi\u0105tek. Gorzkie \u017bale z kazaniem pasyjnym o godz. 17:15.\u00a0 Bardzo [&hellip;]<\/p>\n","protected":false},"author":0,"featured_media":0,"comment_status":"closed","ping_status":"closed","sticky":false,"template":"","format":"standard","meta":{"ngg_post_thumbnail":0,"footnotes":""},"categories":[3],"tags":[],"class_list":["post-1620","post","type-post","status-publish","format-standard","hentry","category-ogloszenia"],"aioseo_notices":[],"_links":{"self":[{"href":"https:\/\/parafiakrzyzowa.pl\/index.php?rest_route=\/wp\/v2\/posts\/1620","targetHints":{"allow":["GET"]}}],"collection":[{"href":"https:\/\/parafiakrzyzowa.pl\/index.php?rest_route=\/wp\/v2\/posts"}],"about":[{"href":"https:\/\/parafiakrzyzowa.pl\/index.php?rest_route=\/wp\/v2\/types\/post"}],"replies":[{"embeddable":true,"href":"https:\/\/parafiakrzyzowa.pl\/index.php?rest_route=%2Fwp%2Fv2%2Fcomments&post=1620"}],"version-history":[{"count":1,"href":"https:\/\/parafiakrzyzowa.pl\/index.php?rest_route=\/wp\/v2\/posts\/1620\/revisions"}],"predecessor-version":[{"id":1621,"href":"https:\/\/parafiakrzyzowa.pl\/index.php?rest_route=\/wp\/v2\/posts\/1620\/revisions\/1621"}],"wp:attachment":[{"href":"https:\/\/parafiakrzyzowa.pl\/index.php?rest_route=%2Fwp%2Fv2%2Fmedia&parent=1620"}],"wp:term":[{"taxonomy":"category","embeddable":true,"href":"https:\/\/parafiakrzyzowa.pl\/index.php?rest_route=%2Fwp%2Fv2%2Fcategories&post=1620"},{"taxonomy":"post_tag","embeddable":true,"href":"https:\/\/parafiakrzyzowa.pl\/index.php?rest_route=%2Fwp%2Fv2%2Ftags&post=1620"}],"curies":[{"name":"wp","href":"https:\/\/api.w.org\/{rel}","templated":true}]}}