{"id":1632,"date":"2019-04-06T11:06:14","date_gmt":"2019-04-06T11:06:14","guid":{"rendered":"https:\/\/parafiakrzyzowa.pl\/?p=1632"},"modified":"2019-04-06T11:06:20","modified_gmt":"2019-04-06T11:06:20","slug":"1632","status":"publish","type":"post","link":"https:\/\/parafiakrzyzowa.pl\/?p=1632","title":{"rendered":""},"content":{"rendered":"<p>&nbsp;<\/p>\n<p><strong>\u00a0\u00a0\u00a0\u00a0\u00a0\u00a0\u00a0\u00a0\u00a0\u00a0\u00a0\u00a0\u00a0\u00a0\u00a0\u00a0\u00a0\u00a0\u00a0\u00a0\u00a0\u00a0\u00a0\u00a0\u00a0\u00a0\u00a0\u00a0\u00a0\u00a0\u00a0\u00a0\u00a0\u00a0\u00a0\u00a0\u00a0\u00a0\u00a0\u00a0\u00a0\u00a0\u00a0\u00a0\u00a0\u00a0\u00a0\u00a0\u00a0\u00a0\u00a0\u00a0\u00a0\u00a0\u00a0\u00a0\u00a0\u00a0\u00a0\u00a0\u00a0\u00a0\u00a0\u00a0\u00a0\u00a0\u00a0\u00a0\u00a0\u00a0\u00a0\u00a0\u00a0\u00a0\u00a0\u00a0\u00a0\u00a0 <\/strong><\/p>\n<p><strong>\u00a0\u00a0\u00a0\u00a0\u00a0\u00a0\u00a0\u00a0\u00a0\u00a0\u00a0\u00a0\u00a0\u00a0\u00a0\u00a0\u00a0\u00a0\u00a0\u00a0\u00a0\u00a0\u00a0\u00a0\u00a0\u00a0\u00a0\u00a0\u00a0\u00a0\u00a0\u00a0\u00a0\u00a0\u00a0\u00a0\u00a0\u00a0\u00a0\u00a0\u00a0\u00a0\u00a0\u00a0 <\/strong><strong>\u00a0INTENCJE MSZY \u00a0\u015aWI\u0118TYCH<\/strong><\/p>\n<p><strong><u>NIEDZIELA 7. IV. 2019r<\/u><\/strong><\/p>\n<p>Godz. 8:00 &#8211;\u00a0\u00a0\u00a0\u00a0\u00a0 Dzi\u0119kczynna z pro\u015bb\u0105 o zdrowie i b\u0142. Bo\u017ce dla Aleksandry J\u0119drzejas w 18 urodziny<\/p>\n<p>Godz.9:30\u00a0 &#8211;\u00a0\u00a0\u00a0\u00a0\u00a0 W intencji m\u0142odzie\u017cy<\/p>\n<p>Godz. 11\u00a0\u00a0\u00a0 &#8211; ++ Magdalena Witas w 3r. \u015bmierci m\u0105\u017c J\u00f3zef<\/p>\n<p>Godz. 18\u00a0\u00a0\u00a0 &#8211;\u00a0\u00a0 + W\u0142adys\u0142aw J\u0119drzejas w 2r. \u015bmierci<u>\u00a0<\/u><\/p>\n<p><strong><u>PONIEDZIA\u0141EK 8.IV. 2019r.<\/u><\/strong><\/p>\n<p>Godz. 9:00 &#8211;\u00a0\u00a0 + Rudolf Skalski<\/p>\n<p>Godz. 18\u00a0\u00a0\u00a0 &#8211;\u00a0\u00a0 + Dominik Mrowiec<\/p>\n<p><strong><u>WTOREK 9.IV. 2019r.<\/u><\/strong><\/p>\n<p>Godz. 9:00 &#8211;\u00a0\u00a0 + Joanna Michalec<\/p>\n<p>Godz.18\u00a0\u00a0\u00a0\u00a0 &#8211;\u00a0\u00a0 + Weronika G\u00f3ra<\/p>\n<p><strong><u>\u015aRODA 10.IV. 2019r.<\/u><\/strong><\/p>\n<p>Godz.9:00 &#8211;\u00a0\u00a0 + Maria Gawlas<\/p>\n<p>Godz. 18\u00a0\u00a0 &#8211; ++ Jan G\u00f3ra i rodzice Franciszek i Maria<\/p>\n<p><strong><u>CZWARTEK 11.IV, 2019r<\/u><\/strong><strong>.<\/strong><\/p>\n<p>Godz. 7:00 &#8211;\u00a0\u00a0\u00a0\u00a0\u00a0 W pewnej intencji<\/p>\n<p><strong><u>PI\u0104TEK 12. IV. 2019r<\/u><\/strong>.<\/p>\n<p>Godz. 18\u00a0\u00a0 &#8211; ++ Kazimierz i Jerzy Kubala\u0144cowie<\/p>\n<p><strong><u>SOBOTA . 13.IV. 2019r.<\/u><\/strong><\/p>\n<p>Godz. 18\u00a0 &#8211;\u00a0\u00a0\u00a0 + Maria Michalec w 14r. \u015bmierci<\/p>\n<p><strong><u>NIEDZIELA 14.IV. 2019r.<\/u><\/strong><\/p>\n<p>Godz.8:00 &#8211;\u00a0\u00a0 + J\u00f3zef Cudzich w 12r. \u015bmierci<\/p>\n<p>Godz. 11\u00a0 &#8211;\u00a0\u00a0\u00a0 + W\u0142adys\u0142aw G\u00f3ra<\/p>\n<p>Godz. 18 &#8211; ++ Jan Gawlas \u017cona Weronika syn J\u00f3zef<\/p>\n","protected":false},"excerpt":{"rendered":"<p>&nbsp; \u00a0\u00a0\u00a0\u00a0\u00a0\u00a0\u00a0\u00a0\u00a0\u00a0\u00a0\u00a0\u00a0\u00a0\u00a0\u00a0\u00a0\u00a0\u00a0\u00a0\u00a0\u00a0\u00a0\u00a0\u00a0\u00a0\u00a0\u00a0\u00a0\u00a0\u00a0\u00a0\u00a0\u00a0\u00a0\u00a0\u00a0\u00a0\u00a0\u00a0\u00a0\u00a0\u00a0\u00a0\u00a0\u00a0\u00a0\u00a0\u00a0\u00a0\u00a0\u00a0\u00a0\u00a0\u00a0\u00a0\u00a0\u00a0\u00a0\u00a0\u00a0\u00a0\u00a0\u00a0\u00a0\u00a0\u00a0\u00a0\u00a0\u00a0\u00a0\u00a0\u00a0\u00a0\u00a0\u00a0\u00a0\u00a0 \u00a0\u00a0\u00a0\u00a0\u00a0\u00a0\u00a0\u00a0\u00a0\u00a0\u00a0\u00a0\u00a0\u00a0\u00a0\u00a0\u00a0\u00a0\u00a0\u00a0\u00a0\u00a0\u00a0\u00a0\u00a0\u00a0\u00a0\u00a0\u00a0\u00a0\u00a0\u00a0\u00a0\u00a0\u00a0\u00a0\u00a0\u00a0\u00a0\u00a0\u00a0\u00a0\u00a0\u00a0 \u00a0INTENCJE MSZY \u00a0\u015aWI\u0118TYCH NIEDZIELA 7. IV. 2019r Godz. 8:00 &#8211;\u00a0\u00a0\u00a0\u00a0\u00a0 Dzi\u0119kczynna z pro\u015bb\u0105 o zdrowie i b\u0142. Bo\u017ce dla Aleksandry J\u0119drzejas w 18 urodziny Godz.9:30\u00a0 &#8211;\u00a0\u00a0\u00a0\u00a0\u00a0 W intencji m\u0142odzie\u017cy Godz. 11\u00a0\u00a0\u00a0 &#8211; ++ Magdalena Witas w 3r. \u015bmierci m\u0105\u017c J\u00f3zef Godz. 18\u00a0\u00a0\u00a0 &#8211;\u00a0\u00a0 + W\u0142adys\u0142aw J\u0119drzejas w 2r. \u015bmierci\u00a0 PONIEDZIA\u0141EK 8.IV. 2019r. [&hellip;]<\/p>\n","protected":false},"author":0,"featured_media":0,"comment_status":"closed","ping_status":"closed","sticky":false,"template":"","format":"standard","meta":{"ngg_post_thumbnail":0,"footnotes":""},"categories":[7],"tags":[],"class_list":["post-1632","post","type-post","status-publish","format-standard","hentry","category-intencje"],"aioseo_notices":[],"_links":{"self":[{"href":"https:\/\/parafiakrzyzowa.pl\/index.php?rest_route=\/wp\/v2\/posts\/1632","targetHints":{"allow":["GET"]}}],"collection":[{"href":"https:\/\/parafiakrzyzowa.pl\/index.php?rest_route=\/wp\/v2\/posts"}],"about":[{"href":"https:\/\/parafiakrzyzowa.pl\/index.php?rest_route=\/wp\/v2\/types\/post"}],"replies":[{"embeddable":true,"href":"https:\/\/parafiakrzyzowa.pl\/index.php?rest_route=%2Fwp%2Fv2%2Fcomments&post=1632"}],"version-history":[{"count":1,"href":"https:\/\/parafiakrzyzowa.pl\/index.php?rest_route=\/wp\/v2\/posts\/1632\/revisions"}],"predecessor-version":[{"id":1633,"href":"https:\/\/parafiakrzyzowa.pl\/index.php?rest_route=\/wp\/v2\/posts\/1632\/revisions\/1633"}],"wp:attachment":[{"href":"https:\/\/parafiakrzyzowa.pl\/index.php?rest_route=%2Fwp%2Fv2%2Fmedia&parent=1632"}],"wp:term":[{"taxonomy":"category","embeddable":true,"href":"https:\/\/parafiakrzyzowa.pl\/index.php?rest_route=%2Fwp%2Fv2%2Fcategories&post=1632"},{"taxonomy":"post_tag","embeddable":true,"href":"https:\/\/parafiakrzyzowa.pl\/index.php?rest_route=%2Fwp%2Fv2%2Ftags&post=1632"}],"curies":[{"name":"wp","href":"https:\/\/api.w.org\/{rel}","templated":true}]}}