{"id":1647,"date":"2019-04-20T07:36:21","date_gmt":"2019-04-20T07:36:21","guid":{"rendered":"https:\/\/parafiakrzyzowa.pl\/?p=1647"},"modified":"2019-04-20T07:36:29","modified_gmt":"2019-04-20T07:36:29","slug":"1647","status":"publish","type":"post","link":"https:\/\/parafiakrzyzowa.pl\/?p=1647","title":{"rendered":""},"content":{"rendered":"<p>&nbsp;<\/p>\n<p>&nbsp;<\/p>\n<p>Krzy\u017cowa 22. IV. 2019r.<\/p>\n<p>&nbsp;<\/p>\n<p>&nbsp;<\/p>\n<p>&nbsp;<\/p>\n<p><strong><u>PONIEDZIA\u0141EK WIELKANOCNY<\/u><\/strong><\/p>\n<p>Dzi\u015b II Dzie\u0144 \u015bwi\u0105t Wielkiej Nocy. Wszystkim tym , kt\u00f3rzy odwiedzili rodziny w naszej parafii i s\u0105 teraz na mszy \u015bwi\u0119tej sk\u0142adam serdeczne \u017cyczenia \u015bwi\u0105teczne.\u00a0 Niech Zmartwychwsta\u0142y Pan wleje\u00a0 \u00a0 \u00a0w wasze serca rado\u015b\u0107 pok\u00f3j\u00a0 \u00a0i nadziej\u0119.<\/p>\n<p>W \u015brod\u0119 o godz. 17:30 r\u00f3\u017caniec w intencji trze\u017awo\u015bci w naszej parafii. Serdecznie zapraszam.<\/p>\n<p>Jutro o godz. 10:00 spotkanie z lektorami naszej Parafii a o 11 spotkanie\u00a0 z kandydatami do BIERZMOWANIA. B\u0119dziemy sprz\u0105ta\u0107 ko\u015bci\u00f3\u0142 na wasz\u0105 uroczysto\u015b\u0107 Bierzmowania. Bardzo prosz\u0119 przynie\u015b\u0107 ze sob\u0105 \u015bciereczki jakie\u015b p\u0142yny do sprz\u0105tania.<\/p>\n<p>W \u015brod\u0119 po wieczornej mszy \u015bwi\u0119tej spotkanie z rodzicami dzieci komunijnych. Ustalimy pielgrzymk\u0119 po komunii \u015bw. Bardzo prosz\u0119 , aby rodzice wiedzieli ile os\u00f3b z ich rodziny pojedzie na t\u0119 pielgrzymk\u0119.<\/p>\n<p>W czwartek o godz. 17 ks. Biskup Tadeusz Rakoczy udzieli naszej m\u0142odzie\u017cy\u00a0 z klasy VIII i III gimnazjum Sakramentu bierzmowania. . Sakrament bierzmowania przyjmie 34 m\u0142odych naszych parafian.\u00a0 Spo\u015br\u00f3d nich 20 z\u0142o\u017cy\u0142o dobrowolnie przyrzeczenie abstynencji do 18 roku \u017cycia i to jest ogromna moja rado\u015b\u0107.<\/p>\n<p>Zapraszam ca\u0142\u0105 Parafi\u0119 na t\u0119 uroczysto\u015b\u0107.<\/p>\n<p>W pi\u0105tek spotkanie z dzie\u0107mi komunijnymi o godz. 16:30.<\/p>\n<p>Zach\u0119cam do nabywania prasy katolickiej.<\/p>\n<p>B\u00f3g zap\u0142a\u0107 za sprz\u0105tanie ko\u015bcio\u0142a w tym tygodniu. Nast\u0119pne sprz\u0105tanie b\u0119dzie w sobot\u0119 o godz. 9:00. Sprz\u0105taj\u0105 Panie\u00a0 Stanis\u0142awa G\u00f3ra J\u00f3zefa Bia\u0142o\u0144 Janina Dendys i Anna G\u00f3ra.. Nie kupujemy kwiat\u00f3w.<\/p>\n<p>B\u00f3g zap\u0142a\u0107 za ostatni\u0105 ofiar\u0119 na prace przy ko\u015bciele . Zebrano \u2026\u2026<\/p>\n<p>&nbsp;<\/p>\n<p>&nbsp;<\/p>\n<p>&nbsp;<\/p>\n","protected":false},"excerpt":{"rendered":"<p>&nbsp; &nbsp; Krzy\u017cowa 22. IV. 2019r. &nbsp; &nbsp; &nbsp; PONIEDZIA\u0141EK WIELKANOCNY Dzi\u015b II Dzie\u0144 \u015bwi\u0105t Wielkiej Nocy. Wszystkim tym , kt\u00f3rzy odwiedzili rodziny w naszej parafii i s\u0105 teraz na mszy \u015bwi\u0119tej sk\u0142adam serdeczne \u017cyczenia \u015bwi\u0105teczne.\u00a0 Niech Zmartwychwsta\u0142y Pan wleje\u00a0 \u00a0 \u00a0w wasze serca rado\u015b\u0107 pok\u00f3j\u00a0 \u00a0i nadziej\u0119. W \u015brod\u0119 o godz. 17:30 r\u00f3\u017caniec w [&hellip;]<\/p>\n","protected":false},"author":0,"featured_media":0,"comment_status":"closed","ping_status":"closed","sticky":false,"template":"","format":"standard","meta":{"ngg_post_thumbnail":0,"footnotes":""},"categories":[3],"tags":[],"class_list":["post-1647","post","type-post","status-publish","format-standard","hentry","category-ogloszenia"],"aioseo_notices":[],"_links":{"self":[{"href":"https:\/\/parafiakrzyzowa.pl\/index.php?rest_route=\/wp\/v2\/posts\/1647","targetHints":{"allow":["GET"]}}],"collection":[{"href":"https:\/\/parafiakrzyzowa.pl\/index.php?rest_route=\/wp\/v2\/posts"}],"about":[{"href":"https:\/\/parafiakrzyzowa.pl\/index.php?rest_route=\/wp\/v2\/types\/post"}],"replies":[{"embeddable":true,"href":"https:\/\/parafiakrzyzowa.pl\/index.php?rest_route=%2Fwp%2Fv2%2Fcomments&post=1647"}],"version-history":[{"count":1,"href":"https:\/\/parafiakrzyzowa.pl\/index.php?rest_route=\/wp\/v2\/posts\/1647\/revisions"}],"predecessor-version":[{"id":1648,"href":"https:\/\/parafiakrzyzowa.pl\/index.php?rest_route=\/wp\/v2\/posts\/1647\/revisions\/1648"}],"wp:attachment":[{"href":"https:\/\/parafiakrzyzowa.pl\/index.php?rest_route=%2Fwp%2Fv2%2Fmedia&parent=1647"}],"wp:term":[{"taxonomy":"category","embeddable":true,"href":"https:\/\/parafiakrzyzowa.pl\/index.php?rest_route=%2Fwp%2Fv2%2Fcategories&post=1647"},{"taxonomy":"post_tag","embeddable":true,"href":"https:\/\/parafiakrzyzowa.pl\/index.php?rest_route=%2Fwp%2Fv2%2Ftags&post=1647"}],"curies":[{"name":"wp","href":"https:\/\/api.w.org\/{rel}","templated":true}]}}