{"id":1650,"date":"2019-04-20T19:10:17","date_gmt":"2019-04-20T19:10:17","guid":{"rendered":"https:\/\/parafiakrzyzowa.pl\/?p=1650"},"modified":"2019-04-20T19:10:42","modified_gmt":"2019-04-20T19:10:42","slug":"1650","status":"publish","type":"post","link":"https:\/\/parafiakrzyzowa.pl\/?p=1650","title":{"rendered":""},"content":{"rendered":"<p>&nbsp;<\/p>\n<p><strong>\u00a0\u00a0\u00a0\u00a0\u00a0\u00a0\u00a0\u00a0\u00a0\u00a0\u00a0\u00a0\u00a0\u00a0\u00a0\u00a0\u00a0\u00a0\u00a0\u00a0\u00a0\u00a0\u00a0\u00a0\u00a0\u00a0\u00a0\u00a0\u00a0\u00a0\u00a0\u00a0\u00a0\u00a0\u00a0\u00a0\u00a0\u00a0\u00a0\u00a0\u00a0\u00a0\u00a0\u00a0\u00a0\u00a0\u00a0\u00a0\u00a0\u00a0\u00a0\u00a0\u00a0\u00a0\u00a0\u00a0\u00a0\u00a0\u00a0\u00a0\u00a0\u00a0\u00a0\u00a0\u00a0\u00a0\u00a0\u00a0\u00a0\u00a0\u00a0\u00a0\u00a0\u00a0\u00a0\u00a0\u00a0\u00a0 <\/strong><\/p>\n<p><strong>\u00a0\u00a0\u00a0\u00a0\u00a0\u00a0\u00a0\u00a0\u00a0\u00a0\u00a0\u00a0\u00a0\u00a0\u00a0\u00a0\u00a0\u00a0\u00a0\u00a0\u00a0\u00a0\u00a0\u00a0\u00a0\u00a0\u00a0\u00a0\u00a0\u00a0\u00a0\u00a0\u00a0\u00a0\u00a0\u00a0\u00a0\u00a0\u00a0\u00a0\u00a0\u00a0\u00a0\u00a0 <\/strong><strong>\u00a0INTENCJE MSZY \u00a0\u015aWI\u0118TYCH<\/strong><\/p>\n<p>&nbsp;<\/p>\n<p><strong><u>PONIEDZIA\u0141EK WIELKANOCNY 22. IV. 2019r<\/u><\/strong><\/p>\n<p>Godz. 8:00 &#8211;\u00a0 \u00a0\u00a0+ + J\u00f3zef Krzesak \u017cona W\u0142adys\u0142awa<\/p>\n<p>Godz. 11\u00a0\u00a0\u00a0 &#8211; \u00a0\u00a0\u00a0\u00a0\u00a0\u00a0+ J\u00f3zef Pastor w 18r. \u015bmierci<\/p>\n<p>Godz. 18\u00a0\u00a0\u00a0 &#8211;\u00a0\u00a0\u00a0\u00a0\u00a0\u00a0 + Jan Barcik w1 4r. \u015bmierci<\/p>\n<p><strong><u>WTOREK 23.IV. 2019r.<\/u><\/strong><\/p>\n<p>Godz. 7:00 &#8211;\u00a0\u00a0 \u00a0\u00a0\u00a0\u00a0\u00a0W pewnej intencji<\/p>\n<p><strong><u>\u015aRODA 24.IV. 2019r.<\/u><\/strong><\/p>\n<p>Godz. 18\u00a0\u00a0 \u00a0&#8211; \u00a0\u00a0\u00a0\u00a0+ Grzegorz G\u00f3rny<\/p>\n<p><strong><u>CZWARTEK 25.IV, 2019r<\/u><\/strong><strong>.<\/strong><\/p>\n<p>Godz. 7:00 &#8211; \u00a0\u00a0\u00a0+ Franciszek Szewczulak<\/p>\n<p>Godz. 17\u00a0\u00a0\u00a0 &#8211;\u00a0\u00a0\u00a0\u00a0\u00a0\u00a0\u00a0 BIERZMOWANIE<\/p>\n<p><strong><u>\u00a0PI\u0104TEK 26. IV. 2019r<\/u><\/strong>.<\/p>\n<p>Godz. 18\u00a0 \u00a0&#8211;\u00a0\u00a0\u00a0 + Joanna Michalec<\/p>\n<p><strong><u>\u00a0<\/u><\/strong><strong><u>SOBOTA . 27.IV. 2019r.<\/u><\/strong><\/p>\n<p>Godz. 18\u00a0 &#8211;\u00a0 \u00a0\u00a0\u00a0\u00a0+ Weronika G\u00f3ra<\/p>\n<p><strong><u>NIEDZIELA 28.IV. 2019r.<\/u><\/strong><\/p>\n<p>Godz.8:00 &#8211; \u00a0\u00a0\u00a0\u00a0\u00a0\u00a0\u00a0\u00a0Dzi\u0119kczynna z pro\u015bb\u0105 o zdrowie i b\u0142. Bo\u017ce dla Beaty i \u0141ukasza Jasek w 20r. \u015blubu<\/p>\n<p>Godz. 11\u00a0 \u00a0&#8211;\u00a0 \u00a0\u00a0\u00a0\u00a0\u00a0\u00a0\u00a0Dzi\u0119kczynna z pro\u015bb\u0105 o zdrowie i b\u0142. Bo\u017ce dla Magdaleny Sylwii Niewdany w 1r.<\/p>\n<p>Urodzin i jej rodzic\u00f3w<\/p>\n<p>Godz. 18 \u00a0&#8211; \u00a0\u00a0\u00a0\u00a0+\u00a0\u00a0 Anna Michalec w 2r. \u015bmierci i syn Krzysztof<\/p>\n","protected":false},"excerpt":{"rendered":"<p>&nbsp; \u00a0\u00a0\u00a0\u00a0\u00a0\u00a0\u00a0\u00a0\u00a0\u00a0\u00a0\u00a0\u00a0\u00a0\u00a0\u00a0\u00a0\u00a0\u00a0\u00a0\u00a0\u00a0\u00a0\u00a0\u00a0\u00a0\u00a0\u00a0\u00a0\u00a0\u00a0\u00a0\u00a0\u00a0\u00a0\u00a0\u00a0\u00a0\u00a0\u00a0\u00a0\u00a0\u00a0\u00a0\u00a0\u00a0\u00a0\u00a0\u00a0\u00a0\u00a0\u00a0\u00a0\u00a0\u00a0\u00a0\u00a0\u00a0\u00a0\u00a0\u00a0\u00a0\u00a0\u00a0\u00a0\u00a0\u00a0\u00a0\u00a0\u00a0\u00a0\u00a0\u00a0\u00a0\u00a0\u00a0\u00a0\u00a0 \u00a0\u00a0\u00a0\u00a0\u00a0\u00a0\u00a0\u00a0\u00a0\u00a0\u00a0\u00a0\u00a0\u00a0\u00a0\u00a0\u00a0\u00a0\u00a0\u00a0\u00a0\u00a0\u00a0\u00a0\u00a0\u00a0\u00a0\u00a0\u00a0\u00a0\u00a0\u00a0\u00a0\u00a0\u00a0\u00a0\u00a0\u00a0\u00a0\u00a0\u00a0\u00a0\u00a0\u00a0 \u00a0INTENCJE MSZY \u00a0\u015aWI\u0118TYCH &nbsp; PONIEDZIA\u0141EK WIELKANOCNY 22. IV. 2019r Godz. 8:00 &#8211;\u00a0 \u00a0\u00a0+ + J\u00f3zef Krzesak \u017cona W\u0142adys\u0142awa Godz. 11\u00a0\u00a0\u00a0 &#8211; \u00a0\u00a0\u00a0\u00a0\u00a0\u00a0+ J\u00f3zef Pastor w 18r. \u015bmierci Godz. 18\u00a0\u00a0\u00a0 &#8211;\u00a0\u00a0\u00a0\u00a0\u00a0\u00a0 + Jan Barcik w1 4r. \u015bmierci WTOREK 23.IV. 2019r. Godz. 7:00 &#8211;\u00a0\u00a0 \u00a0\u00a0\u00a0\u00a0\u00a0W pewnej intencji \u015aRODA 24.IV. 2019r. Godz. 18\u00a0\u00a0 \u00a0&#8211; \u00a0\u00a0\u00a0\u00a0+ [&hellip;]<\/p>\n","protected":false},"author":0,"featured_media":0,"comment_status":"closed","ping_status":"closed","sticky":false,"template":"","format":"standard","meta":{"ngg_post_thumbnail":0,"footnotes":""},"categories":[7],"tags":[],"class_list":["post-1650","post","type-post","status-publish","format-standard","hentry","category-intencje"],"aioseo_notices":[],"_links":{"self":[{"href":"https:\/\/parafiakrzyzowa.pl\/index.php?rest_route=\/wp\/v2\/posts\/1650","targetHints":{"allow":["GET"]}}],"collection":[{"href":"https:\/\/parafiakrzyzowa.pl\/index.php?rest_route=\/wp\/v2\/posts"}],"about":[{"href":"https:\/\/parafiakrzyzowa.pl\/index.php?rest_route=\/wp\/v2\/types\/post"}],"replies":[{"embeddable":true,"href":"https:\/\/parafiakrzyzowa.pl\/index.php?rest_route=%2Fwp%2Fv2%2Fcomments&post=1650"}],"version-history":[{"count":1,"href":"https:\/\/parafiakrzyzowa.pl\/index.php?rest_route=\/wp\/v2\/posts\/1650\/revisions"}],"predecessor-version":[{"id":1651,"href":"https:\/\/parafiakrzyzowa.pl\/index.php?rest_route=\/wp\/v2\/posts\/1650\/revisions\/1651"}],"wp:attachment":[{"href":"https:\/\/parafiakrzyzowa.pl\/index.php?rest_route=%2Fwp%2Fv2%2Fmedia&parent=1650"}],"wp:term":[{"taxonomy":"category","embeddable":true,"href":"https:\/\/parafiakrzyzowa.pl\/index.php?rest_route=%2Fwp%2Fv2%2Fcategories&post=1650"},{"taxonomy":"post_tag","embeddable":true,"href":"https:\/\/parafiakrzyzowa.pl\/index.php?rest_route=%2Fwp%2Fv2%2Ftags&post=1650"}],"curies":[{"name":"wp","href":"https:\/\/api.w.org\/{rel}","templated":true}]}}