{"id":1751,"date":"2019-07-27T13:15:52","date_gmt":"2019-07-27T13:15:52","guid":{"rendered":"https:\/\/parafiakrzyzowa.pl\/?p=1751"},"modified":"2019-07-27T21:00:42","modified_gmt":"2019-07-27T21:00:42","slug":"1751","status":"publish","type":"post","link":"https:\/\/parafiakrzyzowa.pl\/?p=1751","title":{"rendered":""},"content":{"rendered":"<p>&nbsp;<\/p>\n<p><strong>\u00a0\u00a0\u00a0\u00a0\u00a0\u00a0\u00a0\u00a0\u00a0\u00a0\u00a0\u00a0\u00a0\u00a0\u00a0\u00a0\u00a0\u00a0\u00a0\u00a0\u00a0\u00a0\u00a0\u00a0\u00a0\u00a0\u00a0\u00a0\u00a0\u00a0\u00a0\u00a0\u00a0\u00a0\u00a0\u00a0\u00a0\u00a0\u00a0\u00a0\u00a0\u00a0\u00a0\u00a0\u00a0\u00a0\u00a0\u00a0\u00a0\u00a0\u00a0\u00a0\u00a0\u00a0\u00a0\u00a0\u00a0\u00a0\u00a0\u00a0\u00a0\u00a0\u00a0\u00a0\u00a0\u00a0\u00a0\u00a0\u00a0\u00a0\u00a0\u00a0\u00a0\u00a0\u00a0\u00a0\u00a0\u00a0 <\/strong><\/p>\n<p><strong>\u00a0\u00a0\u00a0\u00a0\u00a0\u00a0\u00a0\u00a0\u00a0\u00a0\u00a0\u00a0\u00a0\u00a0\u00a0\u00a0\u00a0\u00a0\u00a0\u00a0\u00a0\u00a0\u00a0\u00a0\u00a0\u00a0\u00a0\u00a0\u00a0\u00a0\u00a0\u00a0\u00a0\u00a0\u00a0\u00a0\u00a0\u00a0\u00a0 <\/strong><strong>\u00a0<u>INTENCJE MSZY\u00a0 \u015aWI\u0118TYCH<\/u><\/strong><\/p>\n<p>&nbsp;<\/p>\n<p><strong><u>NIEDZIEL28.VII . 2019r.<\/u><\/strong><\/p>\n<p>Godz. 8:00 \u00a0&#8211;\u00a0 ++ Maria Pacuszka 2 m\u0119\u017cowie i rodzice<\/p>\n<p>Godz.11:0\u00a0 \u00a0&#8211;\u00a0\u00a0\u00a0 + J\u00f3zef Pacuszka w 8r. \u015bmierci<\/p>\n<p>Godz. 18\u00a0 \u00a0\u00a0&#8211;\u00a0\u00a0\u00a0\u00a0\u00a0\u00a0\u00a0 W intencji Parafian<\/p>\n<p><strong><u>PONIEDZIA\u0141EK \u00a029. VII 2019r.<\/u><\/strong><\/p>\n<p>Godz. 18\u00a0\u00a0\u00a0 &#8211; \u00a0\u00a0\u00a0\u00a0+ J\u00f3zef Cima\u0142a<\/p>\n<p><strong><u>WTOREK 30.VII. 2019r.<\/u><\/strong><\/p>\n<p>Godz. 7:00 \u00a0\u00a0&#8211;\u00a0\u00a0 + J\u00f3zef Janik<\/p>\n<p><strong><u>\u015aRODA 31.VII. 2019r.<\/u><\/strong><\/p>\n<p>Godz. 18\u00a0\u00a0 \u00a0\u00a0\u00a0\u00a0\u00a0\u00a0\u00a0+ Jerzy Linke<\/p>\n<p><strong><u>CZWARTEK 1.VIII . 2019r.<\/u><\/strong><\/p>\n<p>Godz. 7:00 &#8211; \u00a0\u00a0\u00a0+ Rudolf Skalski<\/p>\n<p><strong><u>\u00a0<\/u><\/strong><strong><u>PI\u0104TEK 2. VIII. 2019r.<\/u><\/strong><\/p>\n<p>Godz. 18\u00a0\u00a0 &#8211; \u00a0\u00a0\u00a0\u00a0\u00a0\u00a0\u00a0\u00a0Za zmar\u0142ych wypominanych<\/p>\n<p><strong><u>Sobota 3. VIII. 2019r.<\/u><\/strong><\/p>\n<p>Godz. 18\u00a0 &#8211;\u00a0\u00a0\u00a0\u00a0 + Anna J\u0119drzejas<\/p>\n<p>Godz. 19\u00a0 Krzy\u017c\u00f3wki \u00a0&#8211; \u00a0+ Maria Niewdana w 1r. \u015bmierci<\/p>\n<p><strong><u>NIEDZIELA 4.VIII. 2019r.<\/u><\/strong><\/p>\n<p>Godz.8:00 &#8211; \u00a0\u00a0\u00a0\u00a0+ Marian Barcik w 13r. \u015bmierci<\/p>\n<p>Godz. 11:00 &#8211; \u00a0\u00a0\u00a0\u00a0O zdrowie i b\u0142. Bo\u017ce dla Emilii Anny Szewczyk w 1r. urodzin i jej rodzic\u00f3w<\/p>\n<p>Godz. 18 \u00a0&#8211; \u00a0\u00a0\u00a0++ Anna Kormaniak m\u0105\u017c Stanis\u0142aw<\/p>\n","protected":false},"excerpt":{"rendered":"<p>&nbsp; \u00a0\u00a0\u00a0\u00a0\u00a0\u00a0\u00a0\u00a0\u00a0\u00a0\u00a0\u00a0\u00a0\u00a0\u00a0\u00a0\u00a0\u00a0\u00a0\u00a0\u00a0\u00a0\u00a0\u00a0\u00a0\u00a0\u00a0\u00a0\u00a0\u00a0\u00a0\u00a0\u00a0\u00a0\u00a0\u00a0\u00a0\u00a0\u00a0\u00a0\u00a0\u00a0\u00a0\u00a0\u00a0\u00a0\u00a0\u00a0\u00a0\u00a0\u00a0\u00a0\u00a0\u00a0\u00a0\u00a0\u00a0\u00a0\u00a0\u00a0\u00a0\u00a0\u00a0\u00a0\u00a0\u00a0\u00a0\u00a0\u00a0\u00a0\u00a0\u00a0\u00a0\u00a0\u00a0\u00a0\u00a0\u00a0 \u00a0\u00a0\u00a0\u00a0\u00a0\u00a0\u00a0\u00a0\u00a0\u00a0\u00a0\u00a0\u00a0\u00a0\u00a0\u00a0\u00a0\u00a0\u00a0\u00a0\u00a0\u00a0\u00a0\u00a0\u00a0\u00a0\u00a0\u00a0\u00a0\u00a0\u00a0\u00a0\u00a0\u00a0\u00a0\u00a0\u00a0\u00a0\u00a0 \u00a0INTENCJE MSZY\u00a0 \u015aWI\u0118TYCH &nbsp; NIEDZIEL28.VII . 2019r. Godz. 8:00 \u00a0&#8211;\u00a0 ++ Maria Pacuszka 2 m\u0119\u017cowie i rodzice Godz.11:0\u00a0 \u00a0&#8211;\u00a0\u00a0\u00a0 + J\u00f3zef Pacuszka w 8r. \u015bmierci Godz. 18\u00a0 \u00a0\u00a0&#8211;\u00a0\u00a0\u00a0\u00a0\u00a0\u00a0\u00a0 W intencji Parafian PONIEDZIA\u0141EK \u00a029. VII 2019r. Godz. 18\u00a0\u00a0\u00a0 &#8211; \u00a0\u00a0\u00a0\u00a0+ J\u00f3zef Cima\u0142a WTOREK 30.VII. 2019r. Godz. 7:00 \u00a0\u00a0&#8211;\u00a0\u00a0 + J\u00f3zef Janik \u015aRODA 31.VII. [&hellip;]<\/p>\n","protected":false},"author":0,"featured_media":0,"comment_status":"closed","ping_status":"closed","sticky":false,"template":"","format":"standard","meta":{"ngg_post_thumbnail":0,"footnotes":""},"categories":[7],"tags":[],"class_list":["post-1751","post","type-post","status-publish","format-standard","hentry","category-intencje"],"aioseo_notices":[],"_links":{"self":[{"href":"https:\/\/parafiakrzyzowa.pl\/index.php?rest_route=\/wp\/v2\/posts\/1751","targetHints":{"allow":["GET"]}}],"collection":[{"href":"https:\/\/parafiakrzyzowa.pl\/index.php?rest_route=\/wp\/v2\/posts"}],"about":[{"href":"https:\/\/parafiakrzyzowa.pl\/index.php?rest_route=\/wp\/v2\/types\/post"}],"replies":[{"embeddable":true,"href":"https:\/\/parafiakrzyzowa.pl\/index.php?rest_route=%2Fwp%2Fv2%2Fcomments&post=1751"}],"version-history":[{"count":2,"href":"https:\/\/parafiakrzyzowa.pl\/index.php?rest_route=\/wp\/v2\/posts\/1751\/revisions"}],"predecessor-version":[{"id":1753,"href":"https:\/\/parafiakrzyzowa.pl\/index.php?rest_route=\/wp\/v2\/posts\/1751\/revisions\/1753"}],"wp:attachment":[{"href":"https:\/\/parafiakrzyzowa.pl\/index.php?rest_route=%2Fwp%2Fv2%2Fmedia&parent=1751"}],"wp:term":[{"taxonomy":"category","embeddable":true,"href":"https:\/\/parafiakrzyzowa.pl\/index.php?rest_route=%2Fwp%2Fv2%2Fcategories&post=1751"},{"taxonomy":"post_tag","embeddable":true,"href":"https:\/\/parafiakrzyzowa.pl\/index.php?rest_route=%2Fwp%2Fv2%2Ftags&post=1751"}],"curies":[{"name":"wp","href":"https:\/\/api.w.org\/{rel}","templated":true}]}}