{"id":1787,"date":"2019-09-07T10:50:03","date_gmt":"2019-09-07T10:50:03","guid":{"rendered":"https:\/\/parafiakrzyzowa.pl\/?p=1787"},"modified":"2019-09-07T10:50:33","modified_gmt":"2019-09-07T10:50:33","slug":"1787","status":"publish","type":"post","link":"https:\/\/parafiakrzyzowa.pl\/?p=1787","title":{"rendered":""},"content":{"rendered":"<p>&nbsp;<\/p>\n<p><strong>\u00a0\u00a0\u00a0\u00a0\u00a0\u00a0\u00a0\u00a0\u00a0\u00a0\u00a0\u00a0\u00a0\u00a0\u00a0\u00a0\u00a0\u00a0\u00a0\u00a0\u00a0\u00a0\u00a0\u00a0\u00a0\u00a0\u00a0\u00a0\u00a0\u00a0\u00a0\u00a0\u00a0\u00a0\u00a0\u00a0\u00a0\u00a0\u00a0\u00a0\u00a0\u00a0\u00a0\u00a0\u00a0\u00a0\u00a0\u00a0\u00a0\u00a0\u00a0\u00a0\u00a0\u00a0\u00a0\u00a0\u00a0\u00a0\u00a0\u00a0\u00a0\u00a0\u00a0\u00a0\u00a0\u00a0\u00a0\u00a0\u00a0\u00a0\u00a0\u00a0\u00a0\u00a0\u00a0\u00a0\u00a0\u00a0 <\/strong><\/p>\n<p><strong>\u00a0\u00a0\u00a0\u00a0\u00a0\u00a0\u00a0\u00a0\u00a0\u00a0\u00a0\u00a0\u00a0\u00a0\u00a0\u00a0\u00a0\u00a0\u00a0\u00a0\u00a0\u00a0\u00a0\u00a0\u00a0\u00a0\u00a0\u00a0\u00a0\u00a0\u00a0\u00a0\u00a0\u00a0\u00a0\u00a0\u00a0\u00a0\u00a0 <\/strong><strong>\u00a0<u>INTENCJE MSZY\u00a0 \u015aWI\u0118TYCH<\/u><\/strong><\/p>\n<p><strong><u>NIEDZIEL 8.IX . 2019r.<\/u><\/strong><\/p>\n<p>Godz. 8:00 \u00a0&#8211;\u00a0 \u00a0\u00a0+ Cecylia Kami\u0144ska w 7r. \u015bmierci<\/p>\n<p>Godz.11:0\u00a0 &#8211;\u00a0 ++ Maria Basik w 12r. \u015bmierci m\u0105\u017c Karol<\/p>\n<p>Godz. 18\u00a0 \u00a0\u00a0&#8211; \u00a0\u00a0\u00a0+ Krzysztof Omylak w 2r. \u015bmierci<\/p>\n<p><strong><u>PONIEDZIA\u0141EK \u00a09. IX 2019r.<\/u><\/strong><\/p>\n<p>Godz. 18\u00a0\u00a0\u00a0 &#8211; \u00a0\u00a0\u00a0+\u00a0 J\u00f3zef Kami\u0144ski w 34r. \u015bmierci<\/p>\n<p><strong><u>WTOREK 10.IX. 2019r.<\/u><\/strong><\/p>\n<p>Godz. 7:00 \u00a0&#8211;\u00a0\u00a0\u00a0\u00a0\u00a0 W pewnej intencji<\/p>\n<p><strong><u>\u015aRODA 11.IX. 2019r.<\/u><\/strong><\/p>\n<p>Godz. 18\u00a0\u00a0 \u00a0&#8211;\u00a0 ++ Stanis\u0142aw J\u0119drzejas \u017cona Maria syn Tadeusz<\/p>\n<p><strong><u>CZWARTEK 12.IX . 2019r.<\/u><\/strong><\/p>\n<p>Godz. 7:00 &#8211;\u00a0 ++ Aniela Jurasz i m\u0105\u017c<\/p>\n<p><strong><u>\u00a0<\/u><\/strong><strong><u>PI\u0104TEK 13. IX. 2019r.<\/u><\/strong><\/p>\n<p>Godz. 18\u00a0\u00a0 &#8211; \u00a0\u00a0\u00a0\u00a0\u00a0\u00a0\u00a0O zdrowie i b\u0142. Bo\u017ce dla Marii i rodziny<\/p>\n<p><strong><u>Sobota 14. IX. 2019r.<\/u><\/strong><\/p>\n<p>Godz. 18\u00a0 &#8211; \u00a0\u00a0+\u00a0\u00a0 Weronika Cudzich<\/p>\n<p><strong><u>NIEDZIELA 15.IX. 2019r.<\/u><\/strong><\/p>\n<p>Godz.8:00 &#8211; ++ Rozalia i Pawe\u0142Plutowie<\/p>\n<p>Godz. 11:0 &#8211;\u00a0\u00a0 + Mieczys\u0142aw Lesiak w 6r. \u015bmierci<\/p>\n<p>Godz. 18 \u00a0&#8211; \u00a0++ Jan Gawlas i rodzice Aniela i W\u0142adys\u0142aw<\/p>\n","protected":false},"excerpt":{"rendered":"<p>&nbsp; \u00a0\u00a0\u00a0\u00a0\u00a0\u00a0\u00a0\u00a0\u00a0\u00a0\u00a0\u00a0\u00a0\u00a0\u00a0\u00a0\u00a0\u00a0\u00a0\u00a0\u00a0\u00a0\u00a0\u00a0\u00a0\u00a0\u00a0\u00a0\u00a0\u00a0\u00a0\u00a0\u00a0\u00a0\u00a0\u00a0\u00a0\u00a0\u00a0\u00a0\u00a0\u00a0\u00a0\u00a0\u00a0\u00a0\u00a0\u00a0\u00a0\u00a0\u00a0\u00a0\u00a0\u00a0\u00a0\u00a0\u00a0\u00a0\u00a0\u00a0\u00a0\u00a0\u00a0\u00a0\u00a0\u00a0\u00a0\u00a0\u00a0\u00a0\u00a0\u00a0\u00a0\u00a0\u00a0\u00a0\u00a0\u00a0 \u00a0\u00a0\u00a0\u00a0\u00a0\u00a0\u00a0\u00a0\u00a0\u00a0\u00a0\u00a0\u00a0\u00a0\u00a0\u00a0\u00a0\u00a0\u00a0\u00a0\u00a0\u00a0\u00a0\u00a0\u00a0\u00a0\u00a0\u00a0\u00a0\u00a0\u00a0\u00a0\u00a0\u00a0\u00a0\u00a0\u00a0\u00a0\u00a0 \u00a0INTENCJE MSZY\u00a0 \u015aWI\u0118TYCH NIEDZIEL 8.IX . 2019r. Godz. 8:00 \u00a0&#8211;\u00a0 \u00a0\u00a0+ Cecylia Kami\u0144ska w 7r. \u015bmierci Godz.11:0\u00a0 &#8211;\u00a0 ++ Maria Basik w 12r. \u015bmierci m\u0105\u017c Karol Godz. 18\u00a0 \u00a0\u00a0&#8211; \u00a0\u00a0\u00a0+ Krzysztof Omylak w 2r. \u015bmierci PONIEDZIA\u0141EK \u00a09. IX 2019r. Godz. 18\u00a0\u00a0\u00a0 &#8211; \u00a0\u00a0\u00a0+\u00a0 J\u00f3zef Kami\u0144ski w 34r. \u015bmierci WTOREK 10.IX. 2019r. Godz. [&hellip;]<\/p>\n","protected":false},"author":0,"featured_media":0,"comment_status":"closed","ping_status":"closed","sticky":false,"template":"","format":"standard","meta":{"ngg_post_thumbnail":0,"footnotes":""},"categories":[7],"tags":[],"class_list":["post-1787","post","type-post","status-publish","format-standard","hentry","category-intencje"],"aioseo_notices":[],"_links":{"self":[{"href":"https:\/\/parafiakrzyzowa.pl\/index.php?rest_route=\/wp\/v2\/posts\/1787","targetHints":{"allow":["GET"]}}],"collection":[{"href":"https:\/\/parafiakrzyzowa.pl\/index.php?rest_route=\/wp\/v2\/posts"}],"about":[{"href":"https:\/\/parafiakrzyzowa.pl\/index.php?rest_route=\/wp\/v2\/types\/post"}],"replies":[{"embeddable":true,"href":"https:\/\/parafiakrzyzowa.pl\/index.php?rest_route=%2Fwp%2Fv2%2Fcomments&post=1787"}],"version-history":[{"count":2,"href":"https:\/\/parafiakrzyzowa.pl\/index.php?rest_route=\/wp\/v2\/posts\/1787\/revisions"}],"predecessor-version":[{"id":1789,"href":"https:\/\/parafiakrzyzowa.pl\/index.php?rest_route=\/wp\/v2\/posts\/1787\/revisions\/1789"}],"wp:attachment":[{"href":"https:\/\/parafiakrzyzowa.pl\/index.php?rest_route=%2Fwp%2Fv2%2Fmedia&parent=1787"}],"wp:term":[{"taxonomy":"category","embeddable":true,"href":"https:\/\/parafiakrzyzowa.pl\/index.php?rest_route=%2Fwp%2Fv2%2Fcategories&post=1787"},{"taxonomy":"post_tag","embeddable":true,"href":"https:\/\/parafiakrzyzowa.pl\/index.php?rest_route=%2Fwp%2Fv2%2Ftags&post=1787"}],"curies":[{"name":"wp","href":"https:\/\/api.w.org\/{rel}","templated":true}]}}