{"id":1795,"date":"2019-09-14T14:06:05","date_gmt":"2019-09-14T14:06:05","guid":{"rendered":"https:\/\/parafiakrzyzowa.pl\/?p=1795"},"modified":"2019-09-14T14:06:09","modified_gmt":"2019-09-14T14:06:09","slug":"1795","status":"publish","type":"post","link":"https:\/\/parafiakrzyzowa.pl\/?p=1795","title":{"rendered":""},"content":{"rendered":"<p>&nbsp;<\/p>\n<p><strong>\u00a0\u00a0\u00a0\u00a0\u00a0\u00a0\u00a0\u00a0\u00a0\u00a0\u00a0\u00a0\u00a0\u00a0\u00a0\u00a0\u00a0\u00a0\u00a0\u00a0\u00a0\u00a0\u00a0\u00a0\u00a0\u00a0\u00a0\u00a0\u00a0\u00a0\u00a0\u00a0\u00a0\u00a0\u00a0\u00a0\u00a0\u00a0\u00a0\u00a0\u00a0\u00a0\u00a0\u00a0\u00a0\u00a0\u00a0\u00a0\u00a0\u00a0\u00a0\u00a0\u00a0\u00a0\u00a0\u00a0\u00a0\u00a0\u00a0\u00a0\u00a0\u00a0\u00a0\u00a0\u00a0\u00a0\u00a0\u00a0\u00a0\u00a0\u00a0\u00a0\u00a0\u00a0\u00a0\u00a0\u00a0\u00a0\u00a0\u00a0\u00a0 <\/strong><strong>Krzy\u017cowa 15.IX. 2019r.<\/strong><\/p>\n<p><strong>\u00a0\u00a0\u00a0\u00a0\u00a0\u00a0\u00a0\u00a0\u00a0\u00a0\u00a0\u00a0\u00a0\u00a0\u00a0\u00a0\u00a0\u00a0 <\/strong><\/p>\n<p><strong>\u00a0\u00a0\u00a0\u00a0\u00a0\u00a0\u00a0\u00a0\u00a0\u00a0\u00a0\u00a0\u00a0\u00a0\u00a0\u00a0\u00a0 <\/strong><\/p>\n<p><strong>\u00a0 \u00a0 \u00a0 \u00a0 \u00a0 \u00a0 \u00a0 \u00a0 \u00a0 \u00a0 \u00a0 \u00a0 \u00a0 \u00a0 \u00a0 \u00a0 \u00a0 \u00a0 \u00a0 \u00a0 \u00a0 \u00a0 \u00a0 \u00a0 \u00a0 \u00a0 \u00a0 \u00a0<u>XXIV NIEDZIELA ZWYK\u0141A<\/u><\/strong><\/p>\n<p>Bardzo serdecznie dzi\u0119kuj\u0119 za uczestnictwo i modlitw\u0119 w czasie peregrynacji relikwii \u015bw. Melchiora Grodzieckiego w ko\u015bciele \u015bw. Wojciecha w Jele\u015bni.<\/p>\n<p>W\u00a0 \u015brod\u0119 przed msz\u0105 \u015bw. r\u00f3\u017caniec o trze\u017awo\u015b\u0107 a p\u00f3\u017aniej Msza \u015bw. i Nowenna do Matki Bo\u017cej Nieustaj\u0105cej Pomocy. Serdecznie zapraszam.<\/p>\n<p>Jutro po mszy \u015bwi\u0119tej wieczornej spotkanie z rodzicami dzieci komunijnych. Bardo serdecznie prosz\u0119 rodzic\u00f3w o obecno\u015b\u0107.<\/p>\n<p>W \u015brod\u0119 po mszy \u015bwi\u0119tej spotkanie z rodzicami m\u0142odzie\u017cy z klasy VII i VIII kandydatami do Bierzmowania. Licz\u0119 na obecno\u015b\u0107.<\/p>\n<p>Dzi\u015b Rady Duszpasterska i Ekonomiczna b\u0119d\u0105 zbiera\u0107 ofiary na prace kt\u00f3re sko\u0144czyli\u015bmy w tym roku. Bardzo serdecznie dzi\u0119kuj\u0119 za ofiarno\u015b\u0107.<\/p>\n<p>Zach\u0119cam do nabywania prasy katolickiej. Opr\u00f3cz Go\u015bcia Niedzielnego s\u0105 r\u00f3wnie\u017c Drogi Misyjne.<\/p>\n<p>Dzi\u0119kuj\u0119 Paniom za sprz\u0105tanie ko\u015bcio\u0142a w tym tygodniu. Nast\u0119pne b\u0119dzie w sobot\u0119 o godz. 9:00. Sprz\u0105taj\u0105 Panie: Anna W\u0105s Krystyna Bednarek Gra\u017cyna Nowak i Alicja Konior<\/p>\n<p>&nbsp;<\/p>\n<p>Kalendarz liturgiczny<\/p>\n<p>Poniedzia\u0142ek \u2013 wsp. \u015bw. m\u0119czennik\u00f3w Korneliusza papie\u017ca i Cypriana biskupa<\/p>\n<p>\u015aroda \u2013 \u015bw. \u015bw. Stanis\u0142awa Kostki zakonnika patrona Polski<\/p>\n<p>Pi\u0105tek \u2013 wsp. \u015bw. m\u0119czennik\u00f3w Andrzeja Kima i Towarzyszy<\/p>\n<p>Sobota \u2013 \u015bwi\u0119to \u015bw. Mateusza Aposto\u0142a<\/p>\n<p>Ju\u017c dzisiaj zapowiadam , \u017ce w najbli\u017csz\u0105 niedziel\u0119 przy bunkrach w Krzy\u017cowej o godz. 14:00 b\u0119dzie odprawiona msza \u015bw. w intencji poleg\u0142ych w czasie II wojny \u015bwiatowej i o pok\u00f3j na \u015bwiecie.<\/p>\n<p>Spotkanie z kandydatami Nd ministrant\u00f3w b\u0119dzie w pi\u0105tek o godz. 17:00. Wszystkich ch\u0119tnych zapraszam.<\/p>\n<p>&nbsp;<\/p>\n","protected":false},"excerpt":{"rendered":"<p>&nbsp; \u00a0\u00a0\u00a0\u00a0\u00a0\u00a0\u00a0\u00a0\u00a0\u00a0\u00a0\u00a0\u00a0\u00a0\u00a0\u00a0\u00a0\u00a0\u00a0\u00a0\u00a0\u00a0\u00a0\u00a0\u00a0\u00a0\u00a0\u00a0\u00a0\u00a0\u00a0\u00a0\u00a0\u00a0\u00a0\u00a0\u00a0\u00a0\u00a0\u00a0\u00a0\u00a0\u00a0\u00a0\u00a0\u00a0\u00a0\u00a0\u00a0\u00a0\u00a0\u00a0\u00a0\u00a0\u00a0\u00a0\u00a0\u00a0\u00a0\u00a0\u00a0\u00a0\u00a0\u00a0\u00a0\u00a0\u00a0\u00a0\u00a0\u00a0\u00a0\u00a0\u00a0\u00a0\u00a0\u00a0\u00a0\u00a0\u00a0\u00a0\u00a0 Krzy\u017cowa 15.IX. 2019r. \u00a0\u00a0\u00a0\u00a0\u00a0\u00a0\u00a0\u00a0\u00a0\u00a0\u00a0\u00a0\u00a0\u00a0\u00a0\u00a0\u00a0\u00a0 \u00a0\u00a0\u00a0\u00a0\u00a0\u00a0\u00a0\u00a0\u00a0\u00a0\u00a0\u00a0\u00a0\u00a0\u00a0\u00a0\u00a0 \u00a0 \u00a0 \u00a0 \u00a0 \u00a0 \u00a0 \u00a0 \u00a0 \u00a0 \u00a0 \u00a0 \u00a0 \u00a0 \u00a0 \u00a0 \u00a0 \u00a0 \u00a0 \u00a0 \u00a0 \u00a0 \u00a0 \u00a0 \u00a0 \u00a0 \u00a0 \u00a0 \u00a0XXIV NIEDZIELA ZWYK\u0141A Bardzo serdecznie dzi\u0119kuj\u0119 za uczestnictwo i modlitw\u0119 w czasie peregrynacji relikwii \u015bw. Melchiora Grodzieckiego w ko\u015bciele \u015bw. Wojciecha [&hellip;]<\/p>\n","protected":false},"author":0,"featured_media":0,"comment_status":"closed","ping_status":"closed","sticky":false,"template":"","format":"standard","meta":{"ngg_post_thumbnail":0,"footnotes":""},"categories":[3],"tags":[],"class_list":["post-1795","post","type-post","status-publish","format-standard","hentry","category-ogloszenia"],"aioseo_notices":[],"_links":{"self":[{"href":"https:\/\/parafiakrzyzowa.pl\/index.php?rest_route=\/wp\/v2\/posts\/1795","targetHints":{"allow":["GET"]}}],"collection":[{"href":"https:\/\/parafiakrzyzowa.pl\/index.php?rest_route=\/wp\/v2\/posts"}],"about":[{"href":"https:\/\/parafiakrzyzowa.pl\/index.php?rest_route=\/wp\/v2\/types\/post"}],"replies":[{"embeddable":true,"href":"https:\/\/parafiakrzyzowa.pl\/index.php?rest_route=%2Fwp%2Fv2%2Fcomments&post=1795"}],"version-history":[{"count":1,"href":"https:\/\/parafiakrzyzowa.pl\/index.php?rest_route=\/wp\/v2\/posts\/1795\/revisions"}],"predecessor-version":[{"id":1796,"href":"https:\/\/parafiakrzyzowa.pl\/index.php?rest_route=\/wp\/v2\/posts\/1795\/revisions\/1796"}],"wp:attachment":[{"href":"https:\/\/parafiakrzyzowa.pl\/index.php?rest_route=%2Fwp%2Fv2%2Fmedia&parent=1795"}],"wp:term":[{"taxonomy":"category","embeddable":true,"href":"https:\/\/parafiakrzyzowa.pl\/index.php?rest_route=%2Fwp%2Fv2%2Fcategories&post=1795"},{"taxonomy":"post_tag","embeddable":true,"href":"https:\/\/parafiakrzyzowa.pl\/index.php?rest_route=%2Fwp%2Fv2%2Ftags&post=1795"}],"curies":[{"name":"wp","href":"https:\/\/api.w.org\/{rel}","templated":true}]}}