{"id":1800,"date":"2019-09-21T17:21:13","date_gmt":"2019-09-21T17:21:13","guid":{"rendered":"https:\/\/parafiakrzyzowa.pl\/?p=1800"},"modified":"2019-09-21T17:21:19","modified_gmt":"2019-09-21T17:21:19","slug":"1800","status":"publish","type":"post","link":"https:\/\/parafiakrzyzowa.pl\/?p=1800","title":{"rendered":""},"content":{"rendered":"<p>&nbsp;<\/p>\n<p><strong>\u00a0\u00a0\u00a0\u00a0\u00a0\u00a0\u00a0\u00a0\u00a0\u00a0\u00a0\u00a0\u00a0\u00a0\u00a0\u00a0\u00a0\u00a0\u00a0\u00a0\u00a0\u00a0\u00a0\u00a0\u00a0\u00a0\u00a0\u00a0\u00a0\u00a0\u00a0\u00a0\u00a0\u00a0\u00a0\u00a0\u00a0\u00a0\u00a0\u00a0\u00a0\u00a0\u00a0\u00a0\u00a0\u00a0\u00a0\u00a0\u00a0\u00a0\u00a0\u00a0\u00a0\u00a0\u00a0\u00a0\u00a0\u00a0\u00a0\u00a0\u00a0\u00a0\u00a0\u00a0\u00a0\u00a0\u00a0\u00a0\u00a0\u00a0\u00a0\u00a0\u00a0\u00a0\u00a0\u00a0\u00a0\u00a0\u00a0\u00a0\u00a0 <\/strong><strong>Krzy\u017cowa 22.IX. 2019r.<\/strong><\/p>\n<p><strong>\u00a0\u00a0\u00a0\u00a0\u00a0\u00a0\u00a0\u00a0\u00a0\u00a0\u00a0\u00a0\u00a0\u00a0\u00a0\u00a0\u00a0\u00a0 <\/strong><\/p>\n<p><strong>\u00a0\u00a0\u00a0\u00a0\u00a0\u00a0\u00a0\u00a0\u00a0\u00a0\u00a0\u00a0\u00a0\u00a0\u00a0\u00a0\u00a0 <\/strong><\/p>\n<p><strong>\u00a0 \u00a0 \u00a0 \u00a0 \u00a0 \u00a0 \u00a0 \u00a0 \u00a0 \u00a0 \u00a0 \u00a0 \u00a0 \u00a0 \u00a0 \u00a0 \u00a0 \u00a0 \u00a0 \u00a0 \u00a0 \u00a0 \u00a0 \u00a0 \u00a0 \u00a0 \u00a0 \u00a0 <u>XXV NIEDZIELA ZWYK\u0141A<\/u><\/strong><\/p>\n<p>W dzisiejsz\u0105 niedziel\u0119 opr\u00f3cz mszy \u015bwi\u0119tych w ko\u015bciele b\u0119dzie msza \u015bw. Przy bunkrach o godz. 14:00 w intencji ofiar II wojny \u015bwiatowej\u00a0 \u00a0i o pok\u00f3j. Po mszy \u015bwi\u0119tej rekonstrukcja wydarze\u0144 z czas\u00f3w II wojny \u015bwiatowej.<\/p>\n<p>W \u015brod\u0119 przed msz\u0105 \u015bw. r\u00f3\u017caniec o trze\u017awo\u015b\u0107, a p\u00f3\u017aniej msza \u015bw. i nowenna do Matki Bo\u017cej Nieustaj\u0105cej Pomocy.<\/p>\n<p>W \u015brod\u0119 \u00a0spotkanie z kandydatami na ministrant\u00f3w o godz. 17:00<\/p>\n<p>W pi\u0105tek o godz. 17 spotkanie z dzie\u0107mi z klasy III przygotowuj\u0105cymi si\u0119 do I Komunii \u015bw.<\/p>\n<p>Zach\u0119cam do nabywania prasy katolickiej.<\/p>\n<p>Dzi\u0119kuj\u0119 za sprz\u0105tanie ko\u015bcio\u0142a w tym tygodniu. Nast\u0119pne sprz\u0105tnie b\u0119dzie w sobot\u0119 o godz. 9:00. Sprz\u0105taj\u0105 Panie: Ma\u0142gorzata Bobrowska Dorota Michalec Paulina P\u0142aza<\/p>\n<p>B\u00f3g zap\u0142a\u0107 za ofiary z\u0142o\u017cone naszym Radom w ostatni\u0105 niedziel\u0119 . Zebrano \u2026\u2026..<\/p>\n<p>&nbsp;<\/p>\n<p>Kalendarz liturgiczna<\/p>\n<p>Poniedzia\u0142ek \u2013 wsp. \u015bw. O. Pio zakonnika<\/p>\n<p>Wtorek \u2013 \u015bwi\u0119to rocznicy po\u015bwi\u0119cenia ko\u015bcio\u0142a katedralnego w Bielsku \u2013 Bia\u0142ej<\/p>\n<p>Pi\u0105tek \u2013 wsp. \u015bw. Wincentego a Paulo kap\u0142ana<\/p>\n<p>Sobota \u2013 wsp. \u015bw. Wac\u0142awa m\u0119czennika<\/p>\n<p>W ostatnim tygodniu odesz\u0142a do Pana po wieczn\u0105 nagrod\u0119 \u015bp. Weronika Szewczulak\u00a0\u00a0 wieczny odpoczynek racz jej da\u0107 Panie\u2026\u2026\u2026<\/p>\n","protected":false},"excerpt":{"rendered":"<p>&nbsp; \u00a0\u00a0\u00a0\u00a0\u00a0\u00a0\u00a0\u00a0\u00a0\u00a0\u00a0\u00a0\u00a0\u00a0\u00a0\u00a0\u00a0\u00a0\u00a0\u00a0\u00a0\u00a0\u00a0\u00a0\u00a0\u00a0\u00a0\u00a0\u00a0\u00a0\u00a0\u00a0\u00a0\u00a0\u00a0\u00a0\u00a0\u00a0\u00a0\u00a0\u00a0\u00a0\u00a0\u00a0\u00a0\u00a0\u00a0\u00a0\u00a0\u00a0\u00a0\u00a0\u00a0\u00a0\u00a0\u00a0\u00a0\u00a0\u00a0\u00a0\u00a0\u00a0\u00a0\u00a0\u00a0\u00a0\u00a0\u00a0\u00a0\u00a0\u00a0\u00a0\u00a0\u00a0\u00a0\u00a0\u00a0\u00a0\u00a0\u00a0\u00a0 Krzy\u017cowa 22.IX. 2019r. \u00a0\u00a0\u00a0\u00a0\u00a0\u00a0\u00a0\u00a0\u00a0\u00a0\u00a0\u00a0\u00a0\u00a0\u00a0\u00a0\u00a0\u00a0 \u00a0\u00a0\u00a0\u00a0\u00a0\u00a0\u00a0\u00a0\u00a0\u00a0\u00a0\u00a0\u00a0\u00a0\u00a0\u00a0\u00a0 \u00a0 \u00a0 \u00a0 \u00a0 \u00a0 \u00a0 \u00a0 \u00a0 \u00a0 \u00a0 \u00a0 \u00a0 \u00a0 \u00a0 \u00a0 \u00a0 \u00a0 \u00a0 \u00a0 \u00a0 \u00a0 \u00a0 \u00a0 \u00a0 \u00a0 \u00a0 \u00a0 \u00a0 XXV NIEDZIELA ZWYK\u0141A W dzisiejsz\u0105 niedziel\u0119 opr\u00f3cz mszy \u015bwi\u0119tych w ko\u015bciele b\u0119dzie msza \u015bw. Przy bunkrach o godz. 14:00 w [&hellip;]<\/p>\n","protected":false},"author":0,"featured_media":0,"comment_status":"closed","ping_status":"closed","sticky":false,"template":"","format":"standard","meta":{"ngg_post_thumbnail":0,"footnotes":""},"categories":[3],"tags":[],"class_list":["post-1800","post","type-post","status-publish","format-standard","hentry","category-ogloszenia"],"aioseo_notices":[],"_links":{"self":[{"href":"https:\/\/parafiakrzyzowa.pl\/index.php?rest_route=\/wp\/v2\/posts\/1800","targetHints":{"allow":["GET"]}}],"collection":[{"href":"https:\/\/parafiakrzyzowa.pl\/index.php?rest_route=\/wp\/v2\/posts"}],"about":[{"href":"https:\/\/parafiakrzyzowa.pl\/index.php?rest_route=\/wp\/v2\/types\/post"}],"replies":[{"embeddable":true,"href":"https:\/\/parafiakrzyzowa.pl\/index.php?rest_route=%2Fwp%2Fv2%2Fcomments&post=1800"}],"version-history":[{"count":1,"href":"https:\/\/parafiakrzyzowa.pl\/index.php?rest_route=\/wp\/v2\/posts\/1800\/revisions"}],"predecessor-version":[{"id":1801,"href":"https:\/\/parafiakrzyzowa.pl\/index.php?rest_route=\/wp\/v2\/posts\/1800\/revisions\/1801"}],"wp:attachment":[{"href":"https:\/\/parafiakrzyzowa.pl\/index.php?rest_route=%2Fwp%2Fv2%2Fmedia&parent=1800"}],"wp:term":[{"taxonomy":"category","embeddable":true,"href":"https:\/\/parafiakrzyzowa.pl\/index.php?rest_route=%2Fwp%2Fv2%2Fcategories&post=1800"},{"taxonomy":"post_tag","embeddable":true,"href":"https:\/\/parafiakrzyzowa.pl\/index.php?rest_route=%2Fwp%2Fv2%2Ftags&post=1800"}],"curies":[{"name":"wp","href":"https:\/\/api.w.org\/{rel}","templated":true}]}}