{"id":1803,"date":"2019-09-28T14:54:32","date_gmt":"2019-09-28T14:54:32","guid":{"rendered":"https:\/\/parafiakrzyzowa.pl\/?p=1803"},"modified":"2019-09-28T14:54:37","modified_gmt":"2019-09-28T14:54:37","slug":"1803","status":"publish","type":"post","link":"https:\/\/parafiakrzyzowa.pl\/?p=1803","title":{"rendered":""},"content":{"rendered":"<p>&nbsp;<\/p>\n<p><strong>\u00a0\u00a0\u00a0\u00a0\u00a0\u00a0\u00a0\u00a0\u00a0\u00a0\u00a0\u00a0\u00a0\u00a0\u00a0\u00a0\u00a0\u00a0\u00a0\u00a0\u00a0\u00a0\u00a0\u00a0\u00a0\u00a0\u00a0\u00a0\u00a0\u00a0\u00a0\u00a0\u00a0\u00a0\u00a0\u00a0\u00a0\u00a0\u00a0\u00a0\u00a0\u00a0\u00a0\u00a0\u00a0\u00a0\u00a0\u00a0\u00a0\u00a0\u00a0\u00a0\u00a0\u00a0\u00a0\u00a0\u00a0\u00a0\u00a0\u00a0\u00a0\u00a0\u00a0\u00a0\u00a0\u00a0\u00a0\u00a0\u00a0\u00a0\u00a0\u00a0\u00a0\u00a0\u00a0\u00a0\u00a0\u00a0\u00a0\u00a0\u00a0 <\/strong><strong>Krzy\u017cowa 29.IX. 2019r.<\/strong><\/p>\n<p><strong>\u00a0\u00a0\u00a0\u00a0\u00a0\u00a0\u00a0\u00a0\u00a0\u00a0\u00a0\u00a0\u00a0\u00a0\u00a0\u00a0\u00a0\u00a0 <\/strong><\/p>\n<p><strong>\u00a0\u00a0\u00a0\u00a0\u00a0\u00a0\u00a0\u00a0\u00a0\u00a0\u00a0\u00a0\u00a0\u00a0\u00a0\u00a0\u00a0 <\/strong><\/p>\n<p><strong>\u00a0 \u00a0 \u00a0 \u00a0 \u00a0 \u00a0 \u00a0 \u00a0 \u00a0 \u00a0 \u00a0 \u00a0 \u00a0 \u00a0 \u00a0 \u00a0 \u00a0 \u00a0 \u00a0 \u00a0 \u00a0 \u00a0 \u00a0 \u00a0 \u00a0 \u00a0\u00a0<u>XXVI NIEDZIELA ZWYK\u0141A<\/u><\/strong><\/p>\n<p>&nbsp;<\/p>\n<p>&nbsp;<\/p>\n<p>Od jutra msze \u015bw. w dni powszednie b\u0119d\u0105 odprawiane o godz. 17.i przez ca\u0142y pa\u017adziernik msze \u015bwi\u0119te b\u0119d\u0105 wieczorem o godz. 17:00. We wtorek pierwszy R\u00f3\u017caniec po mszy \u015bwi\u0119tej . W niedziele R\u00f3\u017caniec b\u0119dzie przed msz\u0105 \u015bw. o godz. 17:30.<\/p>\n<p>Bardzo serdecznie zapraszam na R\u00f3\u017caniec ca\u0142\u0105 parafi\u0119 . Niech to b\u0119dzie wielki nasz szturm nieba\u00a0 \u00a0 w intencji naszego chorego \u0141ukasza ale r\u00f3wnie\u017c b\u0119dziemy si\u0119 modli\u0107 za nasz\u0105 Ojczyzn\u0119 , o pok\u00f3j na \u015bwiecie za ksi\u0119\u017cy i o nowe powo\u0142ania kap\u0142a\u0144skie. W tym roku do seminarium zg\u0142osi\u0142o si\u0119 tylko\u00a0 \u00a0 \u00a0 \u00a0 \u00a0 \u00a07 kandydat\u00f3w. Nasz\u0105 modlitw\u0105 b\u0119dziemy ogarnia\u0107 nasze rodziny zw\u0142aszcza te prze\u017cywaj\u0105ce kryzys dzieci i m\u0142odzie\u017c\u00a0 W ostatnim tygodniu pa\u017adziernika b\u0119dziemy si\u0119 modli\u0107 za naszych zmar\u0142ych .Prosz\u0119 aby parafianie z Krzy\u017c\u00f3wek odmawiali codziennie R\u00f3\u017caniec w kaplicy i niech to b\u0119dzie godz. 17:00.<\/p>\n<p>W tym tygodniu odmawiaj\u0105 R\u00f3\u017caniec; pon. kl. VIII wt kl. VII. \u015ar. kl. VI czw. kl. V Pt. kl, IV i sobota kl. III<\/p>\n<p>1 pa\u017adziernika dzieci klasy III przynios\u0105 r\u00f3\u017ca\u0144ce do po\u015bwi\u0119cenia.<\/p>\n<p>Jest ju\u017c nowa ksi\u0119ga intencyjna na nowy rok i dlatego mo\u017cna rezerwowa\u0107 msze \u015bw.<\/p>\n<p>W tym tygodniu przypada I czwartek i pi\u0105tek miesi\u0105ca. W czwartek spowied\u017a \u015bw. od 16 do 17\u00a0 \u00a0 \u00a0 \u00a0 \u00a0 \u00a0 \u00a0 i w pi\u0105tek od 16 do 17. Wizyta u chorych\u00a0 i senior\u00f3w od godz. 9:00.<\/p>\n<p>Spotkanie z kandydatami na ministrant\u00f3w w \u015brod\u0119 o godz. 16.<\/p>\n<p>Zach\u0119cam do nabywania prasy katolickiej .<\/p>\n<p>B\u00f3g zap\u0142a\u0107 za sprz\u0105tanie ko\u015bcio\u0142a w tym tygodniu, Nast\u0119pne sprz\u0105tanie\u00a0 w sobot\u0119 o godz. 9:00 Sprz\u0105taj\u0105 Panie: Ma\u0142gorzata P\u0142aza Agnieszka Mocek Barbara Wawak i Ewa Strza\u0142ka<\/p>\n<p>&nbsp;<\/p>\n<p>Kalendarz liturgiczny<\/p>\n<p>Poniedzia\u0142ek. &#8211; wsp. \u015bw. Hieronima kap\u0142an i Doktor Ko\u015bcio\u0142a<\/p>\n<p>Wtorek \u2013 wsp. \u015bw. Teresy od Dzieci\u0105tka Jezus<\/p>\n<p>\u015aroda \u2013 wsp. \u015awi\u0119tych Anio\u0142\u00f3w Str\u00f3\u017c\u00f3w<\/p>\n<p>Pi\u0105tek \u2013 wsp. \u015bw. Franciszka z Asy\u017cu<\/p>\n<p>Sobota \u2013 wsp. \u015bw. Faustyny Kowalskiej dziewicy<\/p>\n<p>Gratuluj\u0119 bardzo serdecznie naszym stra\u017cakom kt\u00f3rzy na zawodach powiatowych zaj\u0119li I miejsce ,\u00a0 \u00a0 a dru\u017cyna dziewcz\u0105t II miejsce.<\/p>\n","protected":false},"excerpt":{"rendered":"<p>&nbsp; \u00a0\u00a0\u00a0\u00a0\u00a0\u00a0\u00a0\u00a0\u00a0\u00a0\u00a0\u00a0\u00a0\u00a0\u00a0\u00a0\u00a0\u00a0\u00a0\u00a0\u00a0\u00a0\u00a0\u00a0\u00a0\u00a0\u00a0\u00a0\u00a0\u00a0\u00a0\u00a0\u00a0\u00a0\u00a0\u00a0\u00a0\u00a0\u00a0\u00a0\u00a0\u00a0\u00a0\u00a0\u00a0\u00a0\u00a0\u00a0\u00a0\u00a0\u00a0\u00a0\u00a0\u00a0\u00a0\u00a0\u00a0\u00a0\u00a0\u00a0\u00a0\u00a0\u00a0\u00a0\u00a0\u00a0\u00a0\u00a0\u00a0\u00a0\u00a0\u00a0\u00a0\u00a0\u00a0\u00a0\u00a0\u00a0\u00a0\u00a0\u00a0 Krzy\u017cowa 29.IX. 2019r. \u00a0\u00a0\u00a0\u00a0\u00a0\u00a0\u00a0\u00a0\u00a0\u00a0\u00a0\u00a0\u00a0\u00a0\u00a0\u00a0\u00a0\u00a0 \u00a0\u00a0\u00a0\u00a0\u00a0\u00a0\u00a0\u00a0\u00a0\u00a0\u00a0\u00a0\u00a0\u00a0\u00a0\u00a0\u00a0 \u00a0 \u00a0 \u00a0 \u00a0 \u00a0 \u00a0 \u00a0 \u00a0 \u00a0 \u00a0 \u00a0 \u00a0 \u00a0 \u00a0 \u00a0 \u00a0 \u00a0 \u00a0 \u00a0 \u00a0 \u00a0 \u00a0 \u00a0 \u00a0 \u00a0 \u00a0\u00a0XXVI NIEDZIELA ZWYK\u0141A &nbsp; &nbsp; Od jutra msze \u015bw. w dni powszednie b\u0119d\u0105 odprawiane o godz. 17.i przez ca\u0142y pa\u017adziernik msze \u015bwi\u0119te b\u0119d\u0105 [&hellip;]<\/p>\n","protected":false},"author":0,"featured_media":0,"comment_status":"closed","ping_status":"closed","sticky":false,"template":"","format":"standard","meta":{"ngg_post_thumbnail":0,"footnotes":""},"categories":[3],"tags":[],"class_list":["post-1803","post","type-post","status-publish","format-standard","hentry","category-ogloszenia"],"aioseo_notices":[],"_links":{"self":[{"href":"https:\/\/parafiakrzyzowa.pl\/index.php?rest_route=\/wp\/v2\/posts\/1803","targetHints":{"allow":["GET"]}}],"collection":[{"href":"https:\/\/parafiakrzyzowa.pl\/index.php?rest_route=\/wp\/v2\/posts"}],"about":[{"href":"https:\/\/parafiakrzyzowa.pl\/index.php?rest_route=\/wp\/v2\/types\/post"}],"replies":[{"embeddable":true,"href":"https:\/\/parafiakrzyzowa.pl\/index.php?rest_route=%2Fwp%2Fv2%2Fcomments&post=1803"}],"version-history":[{"count":1,"href":"https:\/\/parafiakrzyzowa.pl\/index.php?rest_route=\/wp\/v2\/posts\/1803\/revisions"}],"predecessor-version":[{"id":1804,"href":"https:\/\/parafiakrzyzowa.pl\/index.php?rest_route=\/wp\/v2\/posts\/1803\/revisions\/1804"}],"wp:attachment":[{"href":"https:\/\/parafiakrzyzowa.pl\/index.php?rest_route=%2Fwp%2Fv2%2Fmedia&parent=1803"}],"wp:term":[{"taxonomy":"category","embeddable":true,"href":"https:\/\/parafiakrzyzowa.pl\/index.php?rest_route=%2Fwp%2Fv2%2Fcategories&post=1803"},{"taxonomy":"post_tag","embeddable":true,"href":"https:\/\/parafiakrzyzowa.pl\/index.php?rest_route=%2Fwp%2Fv2%2Ftags&post=1803"}],"curies":[{"name":"wp","href":"https:\/\/api.w.org\/{rel}","templated":true}]}}