{"id":1810,"date":"2019-10-04T18:20:02","date_gmt":"2019-10-04T18:20:02","guid":{"rendered":"https:\/\/parafiakrzyzowa.pl\/?p=1810"},"modified":"2019-10-04T18:20:09","modified_gmt":"2019-10-04T18:20:09","slug":"1810","status":"publish","type":"post","link":"https:\/\/parafiakrzyzowa.pl\/?p=1810","title":{"rendered":""},"content":{"rendered":"<p>&nbsp;<\/p>\n<p><strong>\u00a0\u00a0\u00a0\u00a0\u00a0\u00a0\u00a0\u00a0\u00a0\u00a0\u00a0\u00a0\u00a0\u00a0\u00a0\u00a0\u00a0\u00a0\u00a0\u00a0\u00a0\u00a0\u00a0\u00a0\u00a0\u00a0\u00a0\u00a0\u00a0\u00a0\u00a0\u00a0\u00a0\u00a0\u00a0\u00a0\u00a0\u00a0\u00a0\u00a0\u00a0\u00a0\u00a0\u00a0\u00a0\u00a0\u00a0\u00a0\u00a0\u00a0\u00a0\u00a0\u00a0\u00a0\u00a0\u00a0\u00a0\u00a0\u00a0\u00a0\u00a0\u00a0\u00a0\u00a0\u00a0\u00a0\u00a0\u00a0\u00a0\u00a0\u00a0\u00a0\u00a0\u00a0\u00a0\u00a0\u00a0\u00a0 <\/strong><\/p>\n<p><strong>\u00a0\u00a0\u00a0\u00a0\u00a0\u00a0\u00a0\u00a0\u00a0\u00a0\u00a0\u00a0\u00a0\u00a0\u00a0\u00a0\u00a0\u00a0\u00a0\u00a0\u00a0\u00a0\u00a0\u00a0\u00a0\u00a0\u00a0\u00a0\u00a0\u00a0\u00a0\u00a0\u00a0\u00a0\u00a0\u00a0\u00a0\u00a0\u00a0 <\/strong><strong>\u00a0<u>INTENCJE MSZY\u00a0 \u015aWI\u0118TYCH<\/u><\/strong><\/p>\n<p><strong><u>NIEDZIEL 6.X . 2019r.<\/u><\/strong><\/p>\n<p>Godz. 8:00 \u00a0&#8211;\u00a0\u00a0\u00a0\u00a0\u00a0\u00a0\u00a0 O zdrowie i b\u0142. Bo\u017ce dla cz\u0142onki\u0144 R\u00f3\u017cy \u015bw. Faustyny Kowalskiej i wieczny pok\u00f3j<\/p>\n<p>dla zmar\u0142ych<\/p>\n<p>Godz.11:0\u00a0 &#8211;\u00a0 ++\u00a0 Agnieszka P\u0142aza w 21r. \u015bmierci m\u0105\u017c J\u00f3zef<\/p>\n<p>Godz. 18\u00a0 \u00a0\u00a0&#8211; \u00a0\u00a0++ Wiktoria Klimas w 9r. \u015bmierci m\u0105\u017c Jan c\u00f3rka Teres<\/p>\n<p><strong><u>PONIEDZIA\u0141EK \u00a07. X 2019r.<\/u><\/strong><\/p>\n<p>Godz. 17\u00a0\u00a0\u00a0 &#8211; \u00a0\u00a0++ Agnieszka J\u0119drzejas w 20r. \u015bmierci m\u0105\u017c W\u0142adys\u0142aw<\/p>\n<p><strong><u>WTOREK 8.X. 2019r.<\/u><\/strong><\/p>\n<p>Godz. 17 \u00a0&#8211;\u00a0\u00a0\u00a0\u00a0\u00a0\u00a0\u00a0\u00a0\u00a0\u00a0 W intencji naszej Ojczyzny<\/p>\n<p><strong><u>\u015aRODA 9.X. 2019r.<\/u><\/strong><\/p>\n<p>Godz. 17\u00a0 &#8211; ++ W\u0142adys\u0142aw Wylecia\u0142 i rodzice<\/p>\n<p><strong><u>CZWARTEK 10.X . 2019r.<\/u><\/strong><\/p>\n<p>Godz. 17 \u00a0&#8211;\u00a0\u00a0 + Piotr Cicho\u0144 w 3r. \u015bmierci<\/p>\n<p><strong><u>\u00a0<\/u><\/strong><strong><u>PI\u0104TEK 11. X. 2019r.<\/u><\/strong><\/p>\n<p>Godz. 17\u00a0\u00a0 &#8211; \u00a0+ Jan Sordyl w 13r. \u015bmierci<\/p>\n<p><strong><u>Sobota 12. X. 2019r.<\/u><\/strong><\/p>\n<p>Godz. 17\u00a0 &#8211; \u00a0\u00a0+ J\u00f3zef Michalec w 10r. \u015bmierci<\/p>\n<p><strong><u>NIEDZIELA 13.X. 2019r.<\/u><\/strong><\/p>\n<p>Godz.8:00 &#8211; \u00a0\u00a0\u00a0\u00a0\u00a0O zdrowie i b\u0142. Bo\u017ce dla cz\u0142onki\u0144 R\u00f3\u017cy \u015bw. Jana Paw\u0142a II i wieczny odpoczynek<\/p>\n<p>dla zmar\u0142ych<\/p>\n<p>Godz. 11:0 &#8211;\u00a0 + Stanis\u0142aw Niewdana w 7r. \u015bmierci<\/p>\n<p>Godz. 18 \u00a0&#8211;\u00a0 ++ Anna i Franciszek Krzesakowie<\/p>\n","protected":false},"excerpt":{"rendered":"<p>&nbsp; \u00a0\u00a0\u00a0\u00a0\u00a0\u00a0\u00a0\u00a0\u00a0\u00a0\u00a0\u00a0\u00a0\u00a0\u00a0\u00a0\u00a0\u00a0\u00a0\u00a0\u00a0\u00a0\u00a0\u00a0\u00a0\u00a0\u00a0\u00a0\u00a0\u00a0\u00a0\u00a0\u00a0\u00a0\u00a0\u00a0\u00a0\u00a0\u00a0\u00a0\u00a0\u00a0\u00a0\u00a0\u00a0\u00a0\u00a0\u00a0\u00a0\u00a0\u00a0\u00a0\u00a0\u00a0\u00a0\u00a0\u00a0\u00a0\u00a0\u00a0\u00a0\u00a0\u00a0\u00a0\u00a0\u00a0\u00a0\u00a0\u00a0\u00a0\u00a0\u00a0\u00a0\u00a0\u00a0\u00a0\u00a0\u00a0 \u00a0\u00a0\u00a0\u00a0\u00a0\u00a0\u00a0\u00a0\u00a0\u00a0\u00a0\u00a0\u00a0\u00a0\u00a0\u00a0\u00a0\u00a0\u00a0\u00a0\u00a0\u00a0\u00a0\u00a0\u00a0\u00a0\u00a0\u00a0\u00a0\u00a0\u00a0\u00a0\u00a0\u00a0\u00a0\u00a0\u00a0\u00a0\u00a0 \u00a0INTENCJE MSZY\u00a0 \u015aWI\u0118TYCH NIEDZIEL 6.X . 2019r. Godz. 8:00 \u00a0&#8211;\u00a0\u00a0\u00a0\u00a0\u00a0\u00a0\u00a0 O zdrowie i b\u0142. Bo\u017ce dla cz\u0142onki\u0144 R\u00f3\u017cy \u015bw. Faustyny Kowalskiej i wieczny pok\u00f3j dla zmar\u0142ych Godz.11:0\u00a0 &#8211;\u00a0 ++\u00a0 Agnieszka P\u0142aza w 21r. \u015bmierci m\u0105\u017c J\u00f3zef Godz. 18\u00a0 \u00a0\u00a0&#8211; \u00a0\u00a0++ Wiktoria Klimas w 9r. \u015bmierci m\u0105\u017c Jan c\u00f3rka Teres PONIEDZIA\u0141EK \u00a07. X [&hellip;]<\/p>\n","protected":false},"author":0,"featured_media":0,"comment_status":"closed","ping_status":"closed","sticky":false,"template":"","format":"standard","meta":{"ngg_post_thumbnail":0,"footnotes":""},"categories":[7],"tags":[],"class_list":["post-1810","post","type-post","status-publish","format-standard","hentry","category-intencje"],"aioseo_notices":[],"_links":{"self":[{"href":"https:\/\/parafiakrzyzowa.pl\/index.php?rest_route=\/wp\/v2\/posts\/1810","targetHints":{"allow":["GET"]}}],"collection":[{"href":"https:\/\/parafiakrzyzowa.pl\/index.php?rest_route=\/wp\/v2\/posts"}],"about":[{"href":"https:\/\/parafiakrzyzowa.pl\/index.php?rest_route=\/wp\/v2\/types\/post"}],"replies":[{"embeddable":true,"href":"https:\/\/parafiakrzyzowa.pl\/index.php?rest_route=%2Fwp%2Fv2%2Fcomments&post=1810"}],"version-history":[{"count":1,"href":"https:\/\/parafiakrzyzowa.pl\/index.php?rest_route=\/wp\/v2\/posts\/1810\/revisions"}],"predecessor-version":[{"id":1811,"href":"https:\/\/parafiakrzyzowa.pl\/index.php?rest_route=\/wp\/v2\/posts\/1810\/revisions\/1811"}],"wp:attachment":[{"href":"https:\/\/parafiakrzyzowa.pl\/index.php?rest_route=%2Fwp%2Fv2%2Fmedia&parent=1810"}],"wp:term":[{"taxonomy":"category","embeddable":true,"href":"https:\/\/parafiakrzyzowa.pl\/index.php?rest_route=%2Fwp%2Fv2%2Fcategories&post=1810"},{"taxonomy":"post_tag","embeddable":true,"href":"https:\/\/parafiakrzyzowa.pl\/index.php?rest_route=%2Fwp%2Fv2%2Ftags&post=1810"}],"curies":[{"name":"wp","href":"https:\/\/api.w.org\/{rel}","templated":true}]}}