{"id":1813,"date":"2019-10-04T18:21:50","date_gmt":"2019-10-04T18:21:50","guid":{"rendered":"https:\/\/parafiakrzyzowa.pl\/?p=1813"},"modified":"2019-10-04T18:47:32","modified_gmt":"2019-10-04T18:47:32","slug":"1813","status":"publish","type":"post","link":"https:\/\/parafiakrzyzowa.pl\/?p=1813","title":{"rendered":""},"content":{"rendered":"<p>&nbsp;<\/p>\n<p><strong>\u00a0\u00a0\u00a0\u00a0\u00a0\u00a0\u00a0\u00a0\u00a0\u00a0\u00a0\u00a0\u00a0\u00a0\u00a0\u00a0\u00a0\u00a0\u00a0\u00a0\u00a0\u00a0\u00a0\u00a0\u00a0\u00a0\u00a0\u00a0\u00a0\u00a0\u00a0\u00a0\u00a0\u00a0\u00a0\u00a0\u00a0\u00a0\u00a0\u00a0\u00a0\u00a0\u00a0\u00a0\u00a0\u00a0\u00a0\u00a0\u00a0\u00a0\u00a0\u00a0\u00a0\u00a0\u00a0\u00a0\u00a0\u00a0\u00a0\u00a0\u00a0\u00a0\u00a0\u00a0\u00a0\u00a0\u00a0\u00a0\u00a0\u00a0\u00a0\u00a0\u00a0\u00a0\u00a0\u00a0\u00a0\u00a0\u00a0\u00a0\u00a0 <\/strong><strong>Krzy\u017cowa 6.X. 2019r.<\/strong><\/p>\n<p><strong>\u00a0\u00a0\u00a0\u00a0\u00a0\u00a0\u00a0\u00a0\u00a0\u00a0\u00a0\u00a0\u00a0\u00a0\u00a0\u00a0\u00a0\u00a0 <\/strong><\/p>\n<p><strong>\u00a0 \u00a0 \u00a0 \u00a0 \u00a0 \u00a0 \u00a0 \u00a0 \u00a0 \u00a0 \u00a0 \u00a0 \u00a0 \u00a0 \u00a0 \u00a0 \u00a0 \u00a0 \u00a0 \u00a0 \u00a0 \u00a0 \u00a0\u00a0<\/strong><strong>\u00a0<u>XXVII NIEDZIELA ZWYK\u0141A<\/u><\/strong><\/p>\n<p>Zapraszam jeszcze dzisiaj na R\u00f3\u017caniec o godz. 17:30. Serdecznie zapraszam. W tygodniu modlitwa r\u00f3\u017ca\u0144cowa po mszy \u015bwi\u0119tej o godz. 17.<\/p>\n<p>W tym tygodniu modlitw\u0119 poprowadz\u0105: pon. kl. III wt. ministranci \u015br. lektorzy\u00a0 czw. R\u00f3\u017ca \u015bw. Jana Paw\u0142a II pt. R\u00f3\u017ca \u015bw. Anny sob. R\u00f3\u017ca \u015bw. Faustyny. Bardzo serdecznie zapraszam ca\u0142\u0105 parafi\u0119\u00a0 R\u00f3\u017caniec , w tym tygodniu codziennie b\u0119dziemy si\u0119 modli\u0107 za nasz\u0105 Ojczyzn\u0119 przed wyborami do Sejmu i Senatu kt\u00f3re odb\u0119d\u0105 si\u0119 w najbli\u017csz\u0105 niedziel\u0119.<\/p>\n<p>We wtorek b\u0119dzie msza \u015bw. w intencji Ojczyzny i m\u0105dre odpowiedzialne wypory do parlamentu.<\/p>\n<p>Przy tej okazji bardzo gor\u0105co prosz\u0119 aby\u015bcie wszyscy poszli do wybor\u00f3w. Sumienie wam podpowiada na kogo g\u0142osowa\u0107 . Katolicy maj\u0105 obowi\u0105zek uczestniczy\u0107 w \u017cyciu publicznym.<\/p>\n<p>Spotkania w tym tygodniu: \u015broda godz. 16 kandydaci na ministrant\u00f3w pi\u0105tek godz. 16 klasa III.<\/p>\n<p>Zach\u0119cam do nabywania prasy katolickiej.<\/p>\n<p>W najbli\u017csz\u0105 niedziel\u0119 b\u0119dziemy prze\u017cywali Dzie\u0144 papieski. Przed ko\u015bcio\u0142em lektorzy b\u0119d\u0105 zbiera\u0107 ofiary na stypendia dla uzdolnionych uczni\u00f3w z rodzin potrzebuj\u0105cych.<\/p>\n<p>R\u00f3wnie\u017c w najbli\u017csz\u0105 niedziel\u0119 Rady b\u0119d\u0105 zbiera\u0107 ofiary na sp\u0142acenie d\u0142ugu na prace kt\u00f3re robili\u015bmy w tym roku. Bardzo prosz\u0119 o ofiarno\u015b\u0107 .<\/p>\n<p>B\u00f3g zap\u0142a\u0107 za sprz\u0105tanie ko\u015bcio\u0142a w tym tygodniu. Nast\u0119pne sprz\u0105tanie b\u0119dzie w sobot\u0119 o godz. 9:00 . Sprz\u0105taj\u0105 Panie: Teresa \u015acieszka Anna \u0141oboz Aleksandra Majcherek Natalia Juraszek.. Nie kupujemy kwiat\u00f3w<\/p>\n<p>Kalendarz liturgiczny<\/p>\n<p>Poniedzia\u0142ek \u2013 wsp. NM Panny R\u00f3\u017ca\u0144cowej<\/p>\n<p>Na stoliku przed obrazem Pana Jezusa Mi\u0142osiernego sa karteczki na wypominki kt\u00f3re mo\u017cna zabra\u0107 do domu. Prosz\u0119 zaznaczy\u0107 wypominki roczne<\/p>\n","protected":false},"excerpt":{"rendered":"<p>&nbsp; \u00a0\u00a0\u00a0\u00a0\u00a0\u00a0\u00a0\u00a0\u00a0\u00a0\u00a0\u00a0\u00a0\u00a0\u00a0\u00a0\u00a0\u00a0\u00a0\u00a0\u00a0\u00a0\u00a0\u00a0\u00a0\u00a0\u00a0\u00a0\u00a0\u00a0\u00a0\u00a0\u00a0\u00a0\u00a0\u00a0\u00a0\u00a0\u00a0\u00a0\u00a0\u00a0\u00a0\u00a0\u00a0\u00a0\u00a0\u00a0\u00a0\u00a0\u00a0\u00a0\u00a0\u00a0\u00a0\u00a0\u00a0\u00a0\u00a0\u00a0\u00a0\u00a0\u00a0\u00a0\u00a0\u00a0\u00a0\u00a0\u00a0\u00a0\u00a0\u00a0\u00a0\u00a0\u00a0\u00a0\u00a0\u00a0\u00a0\u00a0\u00a0 Krzy\u017cowa 6.X. 2019r. \u00a0\u00a0\u00a0\u00a0\u00a0\u00a0\u00a0\u00a0\u00a0\u00a0\u00a0\u00a0\u00a0\u00a0\u00a0\u00a0\u00a0\u00a0 \u00a0 \u00a0 \u00a0 \u00a0 \u00a0 \u00a0 \u00a0 \u00a0 \u00a0 \u00a0 \u00a0 \u00a0 \u00a0 \u00a0 \u00a0 \u00a0 \u00a0 \u00a0 \u00a0 \u00a0 \u00a0 \u00a0 \u00a0\u00a0\u00a0XXVII NIEDZIELA ZWYK\u0141A Zapraszam jeszcze dzisiaj na R\u00f3\u017caniec o godz. 17:30. Serdecznie zapraszam. W tygodniu modlitwa r\u00f3\u017ca\u0144cowa po mszy \u015bwi\u0119tej o godz. 17. W tym tygodniu modlitw\u0119 [&hellip;]<\/p>\n","protected":false},"author":0,"featured_media":0,"comment_status":"closed","ping_status":"closed","sticky":false,"template":"","format":"standard","meta":{"ngg_post_thumbnail":0,"footnotes":""},"categories":[3],"tags":[],"class_list":["post-1813","post","type-post","status-publish","format-standard","hentry","category-ogloszenia"],"aioseo_notices":[],"_links":{"self":[{"href":"https:\/\/parafiakrzyzowa.pl\/index.php?rest_route=\/wp\/v2\/posts\/1813","targetHints":{"allow":["GET"]}}],"collection":[{"href":"https:\/\/parafiakrzyzowa.pl\/index.php?rest_route=\/wp\/v2\/posts"}],"about":[{"href":"https:\/\/parafiakrzyzowa.pl\/index.php?rest_route=\/wp\/v2\/types\/post"}],"replies":[{"embeddable":true,"href":"https:\/\/parafiakrzyzowa.pl\/index.php?rest_route=%2Fwp%2Fv2%2Fcomments&post=1813"}],"version-history":[{"count":3,"href":"https:\/\/parafiakrzyzowa.pl\/index.php?rest_route=\/wp\/v2\/posts\/1813\/revisions"}],"predecessor-version":[{"id":1816,"href":"https:\/\/parafiakrzyzowa.pl\/index.php?rest_route=\/wp\/v2\/posts\/1813\/revisions\/1816"}],"wp:attachment":[{"href":"https:\/\/parafiakrzyzowa.pl\/index.php?rest_route=%2Fwp%2Fv2%2Fmedia&parent=1813"}],"wp:term":[{"taxonomy":"category","embeddable":true,"href":"https:\/\/parafiakrzyzowa.pl\/index.php?rest_route=%2Fwp%2Fv2%2Fcategories&post=1813"},{"taxonomy":"post_tag","embeddable":true,"href":"https:\/\/parafiakrzyzowa.pl\/index.php?rest_route=%2Fwp%2Fv2%2Ftags&post=1813"}],"curies":[{"name":"wp","href":"https:\/\/api.w.org\/{rel}","templated":true}]}}