{"id":1819,"date":"2019-10-12T14:15:03","date_gmt":"2019-10-12T14:15:03","guid":{"rendered":"https:\/\/parafiakrzyzowa.pl\/?p=1819"},"modified":"2019-10-12T14:15:11","modified_gmt":"2019-10-12T14:15:11","slug":"1819","status":"publish","type":"post","link":"https:\/\/parafiakrzyzowa.pl\/?p=1819","title":{"rendered":""},"content":{"rendered":"<p>&nbsp;<\/p>\n<p><strong>\u00a0\u00a0\u00a0\u00a0\u00a0\u00a0\u00a0\u00a0\u00a0\u00a0\u00a0\u00a0\u00a0\u00a0\u00a0\u00a0\u00a0\u00a0\u00a0\u00a0\u00a0\u00a0\u00a0\u00a0\u00a0\u00a0\u00a0\u00a0\u00a0\u00a0\u00a0\u00a0\u00a0\u00a0\u00a0\u00a0\u00a0\u00a0\u00a0\u00a0\u00a0\u00a0\u00a0\u00a0\u00a0\u00a0\u00a0\u00a0\u00a0\u00a0\u00a0\u00a0\u00a0\u00a0\u00a0\u00a0\u00a0\u00a0\u00a0\u00a0\u00a0\u00a0\u00a0\u00a0\u00a0\u00a0\u00a0\u00a0\u00a0\u00a0\u00a0\u00a0\u00a0\u00a0\u00a0\u00a0\u00a0\u00a0 <\/strong><\/p>\n<p><strong>\u00a0\u00a0\u00a0\u00a0\u00a0\u00a0\u00a0\u00a0\u00a0\u00a0\u00a0\u00a0\u00a0\u00a0\u00a0\u00a0\u00a0\u00a0\u00a0\u00a0\u00a0\u00a0\u00a0\u00a0\u00a0\u00a0\u00a0\u00a0\u00a0\u00a0\u00a0\u00a0\u00a0\u00a0\u00a0\u00a0\u00a0\u00a0\u00a0 <\/strong><strong>\u00a0<u>INTENCJE MSZY\u00a0 \u015aWI\u0118TYCH<\/u><\/strong><strong><u>\u00a0<\/u><\/strong><\/p>\n<p><strong><u>NIEDZIEL 13.X . 2019r.<\/u><\/strong><\/p>\n<p>Godz. 8:00 \u00a0&#8211;\u00a0\u00a0\u00a0\u00a0\u00a0\u00a0\u00a0 O zdrowie i b\u0142. Bo\u017ce dla cz\u0142onki\u0144 R\u00f3\u017cy \u015bw. Jana Paw\u0142a II i wieczny pok\u00f3j<\/p>\n<p>dla zmar\u0142ych<\/p>\n<p>Godz.11:0\u00a0 &#8211;\u00a0 \u00a0\u00a0\u00a0+ Stanis\u0142aw Niewdana w 7r. \u015bmierci<\/p>\n<p>Godz. 18\u00a0 \u00a0\u00a0&#8211; \u00a0\u00a0++ Anna i Franciszek Krzesakowie<\/p>\n<p><strong><u>PONIEDZIA\u0141EK \u00a014. X 2019r.<\/u><\/strong><\/p>\n<p>Godz. 17\u00a0\u00a0\u00a0 &#8211; \u00a0\u00a0\u00a0\u00a0\u00a0\u00a0\u00a0\u00a0W pewnej intencji<\/p>\n<p><strong><u>WTOREK 15.X. 2019r.<\/u><\/strong><\/p>\n<p>Godz. 17 \u00a0&#8211;\u00a0\u00a0 ++ Maria i Antoni Pastorowie<\/p>\n<p><strong><u>\u015aRODA 16.X. 2019r.<\/u><\/strong><\/p>\n<p>Godz. 17\u00a0 &#8211;\u00a0\u00a0\u00a0\u00a0 + Edward Mrowiec w 2r. \u015bmierci<\/p>\n<p><strong><u>CZWARTEK 17.X . 2019r.<\/u><\/strong><\/p>\n<p>Godz. 17 \u00a0&#8211;\u00a0\u00a0 \u00a0\u00a0+ Stanis\u0142aw<\/p>\n<p><strong><u>\u00a0<\/u><\/strong><strong><u>PI\u0104TEK 18. X. 2019r.<\/u><\/strong><\/p>\n<p>Godz. 17\u00a0\u00a0 &#8211; \u00a0\u00a0\u00a0\u00a0\u00a0\u00a0O zdrowie i b\u0142. Bo\u017ce dla cz\u0142onki\u0144 R\u00f3\u017cy \u015bw. Anny i wieczny pok\u00f3j dla\u00a0 \u00a0 \u00a0 \u00a0 \u00a0 \u00a0 \u00a0 \u00a0 \u00a0 \u00a0 \u00a0 \u00a0 \u00a0 \u00a0 \u00a0 \u00a0 \u00a0 \u00a0 \u00a0 \u00a0 \u00a0 \u00a0 \u00a0 \u00a0 \u00a0 \u00a0 \u00a0 \u00a0 \u00a0 \u00a0zmar\u0142ych<\/p>\n<p><strong><u>Sobota 19. X. 2019r.<\/u><\/strong><\/p>\n<p>Godz. 17\u00a0 &#8211; \u00a0++ W\u0142adys\u0142aw Walig\u00f3ra w 8r. \u015bmierci \u017cona Magdalena i syn Tadeusz<\/p>\n<p><strong><u>NIEDZIELA 20.X. 2019r.<\/u><\/strong><\/p>\n<p>Godz.8:00 &#8211; \u00a0\u00a0\u00a0\u00a0\u00a0O zdrowie i b\u0142. Bo\u017ce dla Piotra i Barbary Wawak\u00f3w w 20r. \u015blubu<\/p>\n<p>Godz. 11:0 &#8211;\u00a0\u00a0\u00a0\u00a0 O zdrowie i b\u0142. Bo\u017ce dla J\u00f3zefa i Gabrieli Michalc\u00f3w w 40r. \u015blubu<\/p>\n<p>Godz. 18 \u00a0&#8211;\u00a0\u00a0\u00a0 + Stefan Bednarek w 29r. \u015bmierci<\/p>\n","protected":false},"excerpt":{"rendered":"<p>&nbsp; \u00a0\u00a0\u00a0\u00a0\u00a0\u00a0\u00a0\u00a0\u00a0\u00a0\u00a0\u00a0\u00a0\u00a0\u00a0\u00a0\u00a0\u00a0\u00a0\u00a0\u00a0\u00a0\u00a0\u00a0\u00a0\u00a0\u00a0\u00a0\u00a0\u00a0\u00a0\u00a0\u00a0\u00a0\u00a0\u00a0\u00a0\u00a0\u00a0\u00a0\u00a0\u00a0\u00a0\u00a0\u00a0\u00a0\u00a0\u00a0\u00a0\u00a0\u00a0\u00a0\u00a0\u00a0\u00a0\u00a0\u00a0\u00a0\u00a0\u00a0\u00a0\u00a0\u00a0\u00a0\u00a0\u00a0\u00a0\u00a0\u00a0\u00a0\u00a0\u00a0\u00a0\u00a0\u00a0\u00a0\u00a0\u00a0 \u00a0\u00a0\u00a0\u00a0\u00a0\u00a0\u00a0\u00a0\u00a0\u00a0\u00a0\u00a0\u00a0\u00a0\u00a0\u00a0\u00a0\u00a0\u00a0\u00a0\u00a0\u00a0\u00a0\u00a0\u00a0\u00a0\u00a0\u00a0\u00a0\u00a0\u00a0\u00a0\u00a0\u00a0\u00a0\u00a0\u00a0\u00a0\u00a0 \u00a0INTENCJE MSZY\u00a0 \u015aWI\u0118TYCH\u00a0 NIEDZIEL 13.X . 2019r. Godz. 8:00 \u00a0&#8211;\u00a0\u00a0\u00a0\u00a0\u00a0\u00a0\u00a0 O zdrowie i b\u0142. Bo\u017ce dla cz\u0142onki\u0144 R\u00f3\u017cy \u015bw. Jana Paw\u0142a II i wieczny pok\u00f3j dla zmar\u0142ych Godz.11:0\u00a0 &#8211;\u00a0 \u00a0\u00a0\u00a0+ Stanis\u0142aw Niewdana w 7r. \u015bmierci Godz. 18\u00a0 \u00a0\u00a0&#8211; \u00a0\u00a0++ Anna i Franciszek Krzesakowie PONIEDZIA\u0141EK \u00a014. X 2019r. Godz. 17\u00a0\u00a0\u00a0 &#8211; \u00a0\u00a0\u00a0\u00a0\u00a0\u00a0\u00a0\u00a0W pewnej [&hellip;]<\/p>\n","protected":false},"author":0,"featured_media":0,"comment_status":"closed","ping_status":"closed","sticky":false,"template":"","format":"standard","meta":{"ngg_post_thumbnail":0,"footnotes":""},"categories":[7],"tags":[],"class_list":["post-1819","post","type-post","status-publish","format-standard","hentry","category-intencje"],"aioseo_notices":[],"_links":{"self":[{"href":"https:\/\/parafiakrzyzowa.pl\/index.php?rest_route=\/wp\/v2\/posts\/1819","targetHints":{"allow":["GET"]}}],"collection":[{"href":"https:\/\/parafiakrzyzowa.pl\/index.php?rest_route=\/wp\/v2\/posts"}],"about":[{"href":"https:\/\/parafiakrzyzowa.pl\/index.php?rest_route=\/wp\/v2\/types\/post"}],"replies":[{"embeddable":true,"href":"https:\/\/parafiakrzyzowa.pl\/index.php?rest_route=%2Fwp%2Fv2%2Fcomments&post=1819"}],"version-history":[{"count":1,"href":"https:\/\/parafiakrzyzowa.pl\/index.php?rest_route=\/wp\/v2\/posts\/1819\/revisions"}],"predecessor-version":[{"id":1820,"href":"https:\/\/parafiakrzyzowa.pl\/index.php?rest_route=\/wp\/v2\/posts\/1819\/revisions\/1820"}],"wp:attachment":[{"href":"https:\/\/parafiakrzyzowa.pl\/index.php?rest_route=%2Fwp%2Fv2%2Fmedia&parent=1819"}],"wp:term":[{"taxonomy":"category","embeddable":true,"href":"https:\/\/parafiakrzyzowa.pl\/index.php?rest_route=%2Fwp%2Fv2%2Fcategories&post=1819"},{"taxonomy":"post_tag","embeddable":true,"href":"https:\/\/parafiakrzyzowa.pl\/index.php?rest_route=%2Fwp%2Fv2%2Ftags&post=1819"}],"curies":[{"name":"wp","href":"https:\/\/api.w.org\/{rel}","templated":true}]}}