{"id":1824,"date":"2019-10-19T09:30:47","date_gmt":"2019-10-19T09:30:47","guid":{"rendered":"https:\/\/parafiakrzyzowa.pl\/?p=1824"},"modified":"2019-10-19T09:30:53","modified_gmt":"2019-10-19T09:30:53","slug":"1824","status":"publish","type":"post","link":"https:\/\/parafiakrzyzowa.pl\/?p=1824","title":{"rendered":""},"content":{"rendered":"<p>&nbsp;<\/p>\n<p><strong>\u00a0\u00a0\u00a0\u00a0\u00a0\u00a0\u00a0\u00a0\u00a0\u00a0\u00a0\u00a0\u00a0\u00a0\u00a0\u00a0\u00a0\u00a0\u00a0\u00a0\u00a0\u00a0\u00a0\u00a0\u00a0\u00a0\u00a0\u00a0\u00a0\u00a0\u00a0\u00a0\u00a0\u00a0\u00a0\u00a0\u00a0\u00a0\u00a0\u00a0\u00a0\u00a0\u00a0\u00a0\u00a0\u00a0\u00a0\u00a0\u00a0\u00a0\u00a0\u00a0\u00a0\u00a0\u00a0\u00a0\u00a0\u00a0\u00a0\u00a0\u00a0\u00a0\u00a0\u00a0\u00a0\u00a0\u00a0\u00a0\u00a0\u00a0\u00a0\u00a0\u00a0\u00a0\u00a0\u00a0\u00a0\u00a0 <\/strong><\/p>\n<p><strong>\u00a0\u00a0\u00a0\u00a0\u00a0\u00a0\u00a0\u00a0\u00a0\u00a0\u00a0\u00a0\u00a0\u00a0\u00a0\u00a0\u00a0\u00a0\u00a0\u00a0\u00a0\u00a0\u00a0\u00a0\u00a0\u00a0\u00a0\u00a0\u00a0\u00a0\u00a0\u00a0\u00a0\u00a0\u00a0\u00a0\u00a0\u00a0\u00a0 <\/strong><strong>\u00a0<u>INTENCJE MSZY\u00a0 \u015aWI\u0118TYCH<\/u><\/strong><\/p>\n<p><strong><u>NIEDZIEL 13.X . 2019r.<\/u><\/strong><strong><u>\u00a0<\/u><\/strong><\/p>\n<p>Godz. 8:00 \u00a0&#8211;\u00a0\u00a0\u00a0\u00a0\u00a0 \u00a0\u00a0O zdrowie i b\u0142. Bo\u017ce dla Piotra i Barbary Wawak\u00f3w w 20r\/ \u015blubu<\/p>\n<p>Godz.11:0\u00a0 &#8211;\u00a0 \u00a0\u00a0\u00a0\u00a0\u00a0\u00a0\u00a0O zdrowie i b\u0142. Bo\u017ce dla J\u00f3zefa i Gabrieli Michalc\u00f3w w 40r. \u015blubu<\/p>\n<p>Godz. 18\u00a0 \u00a0\u00a0&#8211; \u00a0\u00a0\u00a0\u00a0\u00a0\u00a0+ Stefan Bednarek w 29r. \u015bmierci<strong><u>\u00a0<\/u><\/strong><\/p>\n<p><strong><u>PONIEDZIA\u0141EK \u00a014. X 2019r.<\/u><\/strong><\/p>\n<p>Godz. 17\u00a0\u00a0\u00a0 &#8211; \u00a0\u00a0++ Aniela i W\u0142adys\u0142aw Strza\u0142kowie i synowie<strong><u>\u00a0<\/u><\/strong><\/p>\n<p><strong><u>WTOREK 15.X. 2019r.<\/u><\/strong><\/p>\n<p>Godz. 17 \u00a0&#8211;\u00a0\u00a0\u00a0\u00a0\u00a0 + Piotr Neukirch w 20r. \u015bmierci<\/p>\n<p><strong><u>\u015aRODA 16.X. 2019r.<\/u><\/strong><\/p>\n<p>Godz. 17\u00a0 &#8211;\u00a0\u00a0 \u00a0\u00a0+\u00a0 Jan P\u0142aza<\/p>\n<p><strong><u>CZWARTEK 17.X . 2019r.<\/u><\/strong><\/p>\n<p>Godz. 17 \u00a0&#8211;\u00a0\u00a0 \u00a0\u00a0\u00a0\u00a0\u00a0\u00a0Podzi\u0119kowanie za cud uzdrowienia pewnej osoby<\/p>\n<p><strong><u>PI\u0104TEK 18. X. 2019r.<\/u><\/strong><\/p>\n<p>Godz. 17\u00a0\u00a0 &#8211; \u00a0\u00a0\u00a0\u00a0\u00a0\u00a0\u00a0\u00a0O zdrowie i b\u0142. Bo\u017ce dla \u0141ukasza<strong><u>\u00a0<\/u><\/strong><\/p>\n<p><strong><u>Sobota 19. X. 2019r.<\/u><\/strong><\/p>\n<p>Godz. 17\u00a0 &#8211; \u00a0\u00a0\u00a0\u00a0\u00a0\u00a0+ W\u0142adys\u0142aw Pastor w 15r. \u015bmierci<\/p>\n<p><strong><u>NIEDZIELA 20.X. 2019r.<\/u><\/strong><\/p>\n<p>Godz.8:00 &#8211; \u00a0\u00a0++ Agnieszka P\u0142aza w 29r. \u015bmierci m\u0105\u017c J\u00f3zef<\/p>\n<p>Godz. 11:0 &#8211;\u00a0\u00a0\u00a0\u00a0 \u00a0\u00a0O zdrowie i b\u0142. Bo\u017ce dla Zyty i J\u00f3zefa Michalc\u00f3w w 8r. \u015blubu<\/p>\n<p>Godz. 18 \u00a0&#8211;\u00a0\u00a0\u00a0 \u00a0\u00a0\u00a0\u00a0\u00a0\u00a0Dzi\u0119kczynna z pro\u015bb\u0105 o zdrowie dla Marii i Antoniego\u00a0 P\u0142az\u00f3w w r. \u015blubu<\/p>\n","protected":false},"excerpt":{"rendered":"<p>&nbsp; \u00a0\u00a0\u00a0\u00a0\u00a0\u00a0\u00a0\u00a0\u00a0\u00a0\u00a0\u00a0\u00a0\u00a0\u00a0\u00a0\u00a0\u00a0\u00a0\u00a0\u00a0\u00a0\u00a0\u00a0\u00a0\u00a0\u00a0\u00a0\u00a0\u00a0\u00a0\u00a0\u00a0\u00a0\u00a0\u00a0\u00a0\u00a0\u00a0\u00a0\u00a0\u00a0\u00a0\u00a0\u00a0\u00a0\u00a0\u00a0\u00a0\u00a0\u00a0\u00a0\u00a0\u00a0\u00a0\u00a0\u00a0\u00a0\u00a0\u00a0\u00a0\u00a0\u00a0\u00a0\u00a0\u00a0\u00a0\u00a0\u00a0\u00a0\u00a0\u00a0\u00a0\u00a0\u00a0\u00a0\u00a0\u00a0 \u00a0\u00a0\u00a0\u00a0\u00a0\u00a0\u00a0\u00a0\u00a0\u00a0\u00a0\u00a0\u00a0\u00a0\u00a0\u00a0\u00a0\u00a0\u00a0\u00a0\u00a0\u00a0\u00a0\u00a0\u00a0\u00a0\u00a0\u00a0\u00a0\u00a0\u00a0\u00a0\u00a0\u00a0\u00a0\u00a0\u00a0\u00a0\u00a0 \u00a0INTENCJE MSZY\u00a0 \u015aWI\u0118TYCH NIEDZIEL 13.X . 2019r.\u00a0 Godz. 8:00 \u00a0&#8211;\u00a0\u00a0\u00a0\u00a0\u00a0 \u00a0\u00a0O zdrowie i b\u0142. Bo\u017ce dla Piotra i Barbary Wawak\u00f3w w 20r\/ \u015blubu Godz.11:0\u00a0 &#8211;\u00a0 \u00a0\u00a0\u00a0\u00a0\u00a0\u00a0\u00a0O zdrowie i b\u0142. Bo\u017ce dla J\u00f3zefa i Gabrieli Michalc\u00f3w w 40r. \u015blubu Godz. 18\u00a0 \u00a0\u00a0&#8211; \u00a0\u00a0\u00a0\u00a0\u00a0\u00a0+ Stefan Bednarek w 29r. \u015bmierci\u00a0 PONIEDZIA\u0141EK \u00a014. X 2019r. Godz. [&hellip;]<\/p>\n","protected":false},"author":0,"featured_media":0,"comment_status":"closed","ping_status":"closed","sticky":false,"template":"","format":"standard","meta":{"ngg_post_thumbnail":0,"footnotes":""},"categories":[7],"tags":[],"class_list":["post-1824","post","type-post","status-publish","format-standard","hentry","category-intencje"],"aioseo_notices":[],"_links":{"self":[{"href":"https:\/\/parafiakrzyzowa.pl\/index.php?rest_route=\/wp\/v2\/posts\/1824","targetHints":{"allow":["GET"]}}],"collection":[{"href":"https:\/\/parafiakrzyzowa.pl\/index.php?rest_route=\/wp\/v2\/posts"}],"about":[{"href":"https:\/\/parafiakrzyzowa.pl\/index.php?rest_route=\/wp\/v2\/types\/post"}],"replies":[{"embeddable":true,"href":"https:\/\/parafiakrzyzowa.pl\/index.php?rest_route=%2Fwp%2Fv2%2Fcomments&post=1824"}],"version-history":[{"count":1,"href":"https:\/\/parafiakrzyzowa.pl\/index.php?rest_route=\/wp\/v2\/posts\/1824\/revisions"}],"predecessor-version":[{"id":1825,"href":"https:\/\/parafiakrzyzowa.pl\/index.php?rest_route=\/wp\/v2\/posts\/1824\/revisions\/1825"}],"wp:attachment":[{"href":"https:\/\/parafiakrzyzowa.pl\/index.php?rest_route=%2Fwp%2Fv2%2Fmedia&parent=1824"}],"wp:term":[{"taxonomy":"category","embeddable":true,"href":"https:\/\/parafiakrzyzowa.pl\/index.php?rest_route=%2Fwp%2Fv2%2Fcategories&post=1824"},{"taxonomy":"post_tag","embeddable":true,"href":"https:\/\/parafiakrzyzowa.pl\/index.php?rest_route=%2Fwp%2Fv2%2Ftags&post=1824"}],"curies":[{"name":"wp","href":"https:\/\/api.w.org\/{rel}","templated":true}]}}