{"id":1827,"date":"2019-10-19T09:32:49","date_gmt":"2019-10-19T09:32:49","guid":{"rendered":"https:\/\/parafiakrzyzowa.pl\/?p=1827"},"modified":"2019-10-19T09:32:55","modified_gmt":"2019-10-19T09:32:55","slug":"1827","status":"publish","type":"post","link":"https:\/\/parafiakrzyzowa.pl\/?p=1827","title":{"rendered":""},"content":{"rendered":"<p>&nbsp;<\/p>\n<p><strong>\u00a0\u00a0\u00a0\u00a0\u00a0\u00a0\u00a0\u00a0\u00a0\u00a0\u00a0\u00a0\u00a0\u00a0\u00a0\u00a0\u00a0\u00a0\u00a0\u00a0\u00a0\u00a0\u00a0\u00a0\u00a0\u00a0\u00a0\u00a0\u00a0\u00a0\u00a0\u00a0\u00a0\u00a0\u00a0\u00a0\u00a0\u00a0\u00a0\u00a0\u00a0\u00a0\u00a0\u00a0\u00a0\u00a0\u00a0\u00a0\u00a0\u00a0\u00a0\u00a0\u00a0\u00a0\u00a0\u00a0\u00a0\u00a0\u00a0\u00a0\u00a0\u00a0\u00a0\u00a0\u00a0\u00a0\u00a0\u00a0\u00a0\u00a0\u00a0\u00a0\u00a0\u00a0\u00a0\u00a0\u00a0 \u00a0\u00a0\u00a0\u00a0\u00a0\u00a0\u00a0\u00a0\u00a0\u00a0\u00a0\u00a0\u00a0\u00a0\u00a0\u00a0\u00a0\u00a0\u00a0\u00a0\u00a0\u00a0\u00a0\u00a0\u00a0\u00a0\u00a0<\/strong><strong>Krzy\u017cowa dn. 20. X. 2019r.<\/strong><\/p>\n<p><strong>\u00a0\u00a0\u00a0\u00a0\u00a0\u00a0\u00a0\u00a0\u00a0\u00a0\u00a0\u00a0\u00a0\u00a0\u00a0\u00a0\u00a0\u00a0\u00a0\u00a0\u00a0\u00a0 \u00a0\u00a0\u00a0\u00a0\u00a0\u00a0\u00a0<\/strong><strong>\u00a0 \u00a0 \u00a0 \u00a0 \u00a0 \u00a0 \u00a0 \u00a0 \u00a0 \u00a0 \u00a0<\/strong><strong>\u00a0<u>XXIX \u00a0NIEDZIELA ZWYK\u0141A<\/u><\/strong><\/p>\n<p>Zapraszam jeszcze dzisiaj na R\u00f3\u017caniec o godz. 17:30. W tym tygodniu modlitw\u0119 r\u00f3\u017ca\u0144cow\u0105 prowadz\u0105 pon-, kl.VI wt.- V \u015br. kl. IV czw .-\u00a0 kl. III Pt. &#8211; ministranci sob.-\u00a0 lektorzy. Nieustannie zapraszam ca\u0142\u0105 parafi\u0119 na codzienny R\u00f3\u017caniec.<\/p>\n<p>Zbli\u017ca si\u0119 uroczysto\u015b\u0107 Wszystkich \u015awi\u0119tych i Dzie\u0144 Zaduszny.\u00a0 Bardzo serdecznie prosz\u0119 zadbajcie\u00a0 o groby waszych bliskich. Niech b\u0119d\u0105 pi\u0119knie uporz\u0105dkowane.<\/p>\n<p>Mo\u017cna dawa\u0107\u00a0 wypominki do koszyka kt\u00f3ry jest na stoliku przed Obrazem Pana Jezusa Mi\u0142osiernego.<\/p>\n<p>Bardzo serdecznie dzi\u0119kuj\u0119 wam wszystkim za udzia\u0142 w wyborach parlamentarnych , za du\u017c\u0105 frekwencj\u0119 i tak mi si\u0119 wydaj\u0119 za g\u0142osowanie dobre dla ka\u017cdego z nas i naszej Ojczyzny.<\/p>\n<p>Zach\u0119cam do nabywania prasy katolickiej.<\/p>\n<p>Dzi\u015b Rady Duszpasterska i Ekonomiczna b\u0119d\u0105 zbiera\u0107 ofiary na prace kt\u00f3re zako\u0144czyli\u015bmy w tym roku.<\/p>\n<p>B\u00f3g zap\u0142a\u0107 za ofiary dla rodziny syryjskiej.<\/p>\n<p>&nbsp;<\/p>\n<p>B\u00f3g zap\u0142a\u0107 za sprz\u0105tanie ko\u015bcio\u0142a w tym tygodniu . Nast\u0119pne sprz\u0105tanie b\u0119dzie w sobot\u0119 o godz. 9:00. Sprz\u0105taj\u0105 Panie: Krystyna S\u0142owik Helena Olak Jadwiga Urbaniec Sabina S\u0142owik.<\/p>\n<p>&nbsp;<\/p>\n<p>Kalendarz liturgiczny<\/p>\n<p>Wtorek \u2013 wsp. \u015bw. Jana Paw\u0142a II<\/p>\n<p>Spotkania: \u015aroda o godz. 16 kandydaci na ministrant\u00f3w, pi\u0105tek \u2013 kl. III<\/p>\n<p>&nbsp;<\/p>\n<p>&nbsp;<\/p>\n<p>&nbsp;<\/p>\n","protected":false},"excerpt":{"rendered":"<p>&nbsp; \u00a0\u00a0\u00a0\u00a0\u00a0\u00a0\u00a0\u00a0\u00a0\u00a0\u00a0\u00a0\u00a0\u00a0\u00a0\u00a0\u00a0\u00a0\u00a0\u00a0\u00a0\u00a0\u00a0\u00a0\u00a0\u00a0\u00a0\u00a0\u00a0\u00a0\u00a0\u00a0\u00a0\u00a0\u00a0\u00a0\u00a0\u00a0\u00a0\u00a0\u00a0\u00a0\u00a0\u00a0\u00a0\u00a0\u00a0\u00a0\u00a0\u00a0\u00a0\u00a0\u00a0\u00a0\u00a0\u00a0\u00a0\u00a0\u00a0\u00a0\u00a0\u00a0\u00a0\u00a0\u00a0\u00a0\u00a0\u00a0\u00a0\u00a0\u00a0\u00a0\u00a0\u00a0\u00a0\u00a0\u00a0 \u00a0\u00a0\u00a0\u00a0\u00a0\u00a0\u00a0\u00a0\u00a0\u00a0\u00a0\u00a0\u00a0\u00a0\u00a0\u00a0\u00a0\u00a0\u00a0\u00a0\u00a0\u00a0\u00a0\u00a0\u00a0\u00a0\u00a0Krzy\u017cowa dn. 20. X. 2019r. \u00a0\u00a0\u00a0\u00a0\u00a0\u00a0\u00a0\u00a0\u00a0\u00a0\u00a0\u00a0\u00a0\u00a0\u00a0\u00a0\u00a0\u00a0\u00a0\u00a0\u00a0\u00a0 \u00a0\u00a0\u00a0\u00a0\u00a0\u00a0\u00a0\u00a0 \u00a0 \u00a0 \u00a0 \u00a0 \u00a0 \u00a0 \u00a0 \u00a0 \u00a0 \u00a0\u00a0XXIX \u00a0NIEDZIELA ZWYK\u0141A Zapraszam jeszcze dzisiaj na R\u00f3\u017caniec o godz. 17:30. W tym tygodniu modlitw\u0119 r\u00f3\u017ca\u0144cow\u0105 prowadz\u0105 pon-, kl.VI wt.- V \u015br. kl. IV czw .-\u00a0 kl. III Pt. &#8211; ministranci sob.-\u00a0 lektorzy. Nieustannie zapraszam ca\u0142\u0105 parafi\u0119 [&hellip;]<\/p>\n","protected":false},"author":0,"featured_media":0,"comment_status":"closed","ping_status":"closed","sticky":false,"template":"","format":"standard","meta":{"ngg_post_thumbnail":0,"footnotes":""},"categories":[3],"tags":[],"class_list":["post-1827","post","type-post","status-publish","format-standard","hentry","category-ogloszenia"],"aioseo_notices":[],"_links":{"self":[{"href":"https:\/\/parafiakrzyzowa.pl\/index.php?rest_route=\/wp\/v2\/posts\/1827","targetHints":{"allow":["GET"]}}],"collection":[{"href":"https:\/\/parafiakrzyzowa.pl\/index.php?rest_route=\/wp\/v2\/posts"}],"about":[{"href":"https:\/\/parafiakrzyzowa.pl\/index.php?rest_route=\/wp\/v2\/types\/post"}],"replies":[{"embeddable":true,"href":"https:\/\/parafiakrzyzowa.pl\/index.php?rest_route=%2Fwp%2Fv2%2Fcomments&post=1827"}],"version-history":[{"count":1,"href":"https:\/\/parafiakrzyzowa.pl\/index.php?rest_route=\/wp\/v2\/posts\/1827\/revisions"}],"predecessor-version":[{"id":1828,"href":"https:\/\/parafiakrzyzowa.pl\/index.php?rest_route=\/wp\/v2\/posts\/1827\/revisions\/1828"}],"wp:attachment":[{"href":"https:\/\/parafiakrzyzowa.pl\/index.php?rest_route=%2Fwp%2Fv2%2Fmedia&parent=1827"}],"wp:term":[{"taxonomy":"category","embeddable":true,"href":"https:\/\/parafiakrzyzowa.pl\/index.php?rest_route=%2Fwp%2Fv2%2Fcategories&post=1827"},{"taxonomy":"post_tag","embeddable":true,"href":"https:\/\/parafiakrzyzowa.pl\/index.php?rest_route=%2Fwp%2Fv2%2Ftags&post=1827"}],"curies":[{"name":"wp","href":"https:\/\/api.w.org\/{rel}","templated":true}]}}