{"id":1831,"date":"2019-10-26T12:30:00","date_gmt":"2019-10-26T12:30:00","guid":{"rendered":"https:\/\/parafiakrzyzowa.pl\/?p=1831"},"modified":"2019-10-26T14:06:56","modified_gmt":"2019-10-26T14:06:56","slug":"1831","status":"publish","type":"post","link":"https:\/\/parafiakrzyzowa.pl\/?p=1831","title":{"rendered":""},"content":{"rendered":"<p><strong>\u00a0\u00a0\u00a0\u00a0\u00a0\u00a0\u00a0\u00a0\u00a0\u00a0\u00a0\u00a0\u00a0\u00a0\u00a0\u00a0\u00a0\u00a0\u00a0\u00a0\u00a0\u00a0\u00a0\u00a0\u00a0\u00a0\u00a0\u00a0\u00a0\u00a0\u00a0\u00a0\u00a0\u00a0\u00a0\u00a0\u00a0\u00a0\u00a0\u00a0\u00a0\u00a0\u00a0\u00a0\u00a0\u00a0\u00a0\u00a0\u00a0\u00a0\u00a0\u00a0\u00a0\u00a0\u00a0\u00a0\u00a0\u00a0\u00a0\u00a0\u00a0\u00a0\u00a0\u00a0\u00a0\u00a0\u00a0\u00a0\u00a0\u00a0\u00a0\u00a0\u00a0\u00a0\u00a0\u00a0\u00a0 \u00a0\u00a0\u00a0\u00a0\u00a0\u00a0\u00a0\u00a0\u00a0\u00a0\u00a0\u00a0\u00a0\u00a0\u00a0\u00a0\u00a0\u00a0\u00a0\u00a0\u00a0\u00a0\u00a0\u00a0\u00a0\u00a0\u00a0<\/strong><strong>Krzy\u017cowa dn. 27. X. 2019r.<\/strong><\/p>\n<p><strong>\u00a0\u00a0\u00a0\u00a0\u00a0\u00a0\u00a0\u00a0\u00a0\u00a0\u00a0\u00a0\u00a0\u00a0\u00a0\u00a0\u00a0\u00a0\u00a0\u00a0\u00a0\u00a0 \u00a0\u00a0\u00a0\u00a0\u00a0\u00a0\u00a0<\/strong><strong>\u00a0<\/strong><\/p>\n<p><strong>\u00a0<\/strong><\/p>\n<p><strong>\u00a0 \u00a0 \u00a0 \u00a0 \u00a0 \u00a0 \u00a0 \u00a0 \u00a0 \u00a0 \u00a0 \u00a0 \u00a0 \u00a0 \u00a0 \u00a0 \u00a0 \u00a0 \u00a0 \u00a0 \u00a0 \u00a0 \u00a0 \u00a0 \u00a0 \u00a0\u00a0<u>XXX \u00a0NIEDZIELA ZWYK\u0141A<\/u><\/strong><\/p>\n<p>&nbsp;<\/p>\n<p>Zapraszam jeszcze dzisiaj na R\u00f3\u017caniec o godz. 17:30. W tym tygodniu modlitw\u0119 b\u0119dziemy si\u0119 \u00a0modli\u0107 za naszych bliskich zmar\u0142ych wypominanych w naszym ko\u015bciele. Modlitw\u0119 poprowadz\u0105<\/p>\n<p>W pon. kl. III wt kl. IV \u015br. kl. V..\u00a0 czw. kl. VI. Bardzo serdecznie zapraszam. W pi\u0105tek przypada uroczysto\u015b\u0107 Wszystkich \u015awi\u0119tych. W tym dniu czcimy tych , kt\u00f3rzy po pielgrzymce ziemskiej osi\u0105gn\u0119li niebo.<\/p>\n<p>Msze \u015bw. w naszym ko\u015bciele b\u0119d\u0105 o godz.\u00a0 8 11 i 14. Po mszy \u015bwi\u0119tej o godz. 14 b\u0119dzie procesja na cmentarz gdzie przy 5 stacjach b\u0119dziemy wypomina\u0107 zmar\u0142ych i modli\u0107 si\u0119 za nich.<\/p>\n<p>W sobot\u0119 przypada Dzie\u0144 Zaduszny. Msze \u015bw. w ko\u015bciele b\u0119d\u0105 o godz. 7 8:30 i 17 wieczorem. Przed ka\u017cd\u0105 msz\u0105 \u015bw. kilka minut b\u0119d\u0105 czytane wypominki jednorazowe i b\u0119dziemy si\u0119 modli\u0107 za zmar\u0142ych.<\/p>\n<p>Od uroczysto\u015bci Wszystkich \u015awi\u0119tych przez kolejne 8 dni mo\u017cna zyskiwa\u0107 odpusty zupe\u0142ne\u00a0 \u00a0 \u00a0 \u00a0 \u00a0 \u00a0 \u00a0 \u00a0 \u00a0 i ofiarowa\u0107 za zmar\u0142ych.<\/p>\n<p>W czwartek od 15:30 do 17 b\u0119dzie spowied\u017a \u015bw.<\/p>\n<p>Mo\u017cna jeszcze dawa\u0107 na wypominki.<\/p>\n<p>W listopadzie nie b\u0119dzie wizyty u chorych bo jest to uroczysto\u015b\u0107 Wszystkich \u015awi\u0119tych.<\/p>\n<p>B\u00f3g zap\u0142a\u0107 za ofiary z\u0142o\u017cone w ostatni\u0105 niedziel\u0119 Zebrano \u2026\u2026\u2026..<\/p>\n<p>Zach\u0119cam do nabywania prasy katolickiej.<\/p>\n<p>B\u00f3g zap\u0142a\u0107 za sprz\u0105tanie ko\u015bcio\u0142a w tym tygodniu . Nast\u0119pne sprz\u0105tanie b\u0119dzie w czwartek po\u00a0 \u00a0 \u00a0 \u00a0 \u00a0 \u00a0 wieczornej mszy \u015bw. o godz. 17, Sprz\u0105taj\u0105 Panie: Monika Butor Urszula Wyr\u00f3d Iwona Czul\u00a0 \u00a0 \u00a0 \u00a0 \u00a0 \u00a0 \u00a0 \u00a0 \u00a0 \u00a0i Magdalena Kocur Nie kupujemy kwiat\u00f3w.<\/p>\n<p>&nbsp;<\/p>\n<p>Kalendarz liturgiczny<\/p>\n<p>Pi\u0105tek \u2013 Uroczysto\u015b\u0107 Wszystkich \u015awi\u0119tych<\/p>\n<p>Sobota \u2013 Dzie\u0144 Zaduszny<\/p>\n<p>W \u015brod\u0119 spotkanie z kandydatami\u00a0 na ministrant\u00f3w o godz. 16 .<\/p>\n<p>&nbsp;<\/p>\n<p>W ostatnim tygodniu z naszej wsp\u00f3lnoty odszed\u0142 do Pana do wieczno\u015bci \u015bp. Andrzej S\u0142owik\u00a0 wieczny odpoczynek &#8230;<\/p>\n<p>&nbsp;<\/p>\n<p>&nbsp;<\/p>\n<p>&nbsp;<\/p>\n<p>&nbsp;<\/p>\n<p>&nbsp;<\/p>\n<p>&nbsp;<\/p>\n<p>&nbsp;<\/p>\n","protected":false},"excerpt":{"rendered":"<p>\u00a0\u00a0\u00a0\u00a0\u00a0\u00a0\u00a0\u00a0\u00a0\u00a0\u00a0\u00a0\u00a0\u00a0\u00a0\u00a0\u00a0\u00a0\u00a0\u00a0\u00a0\u00a0\u00a0\u00a0\u00a0\u00a0\u00a0\u00a0\u00a0\u00a0\u00a0\u00a0\u00a0\u00a0\u00a0\u00a0\u00a0\u00a0\u00a0\u00a0\u00a0\u00a0\u00a0\u00a0\u00a0\u00a0\u00a0\u00a0\u00a0\u00a0\u00a0\u00a0\u00a0\u00a0\u00a0\u00a0\u00a0\u00a0\u00a0\u00a0\u00a0\u00a0\u00a0\u00a0\u00a0\u00a0\u00a0\u00a0\u00a0\u00a0\u00a0\u00a0\u00a0\u00a0\u00a0\u00a0\u00a0 \u00a0\u00a0\u00a0\u00a0\u00a0\u00a0\u00a0\u00a0\u00a0\u00a0\u00a0\u00a0\u00a0\u00a0\u00a0\u00a0\u00a0\u00a0\u00a0\u00a0\u00a0\u00a0\u00a0\u00a0\u00a0\u00a0\u00a0Krzy\u017cowa dn. 27. X. 2019r. \u00a0\u00a0\u00a0\u00a0\u00a0\u00a0\u00a0\u00a0\u00a0\u00a0\u00a0\u00a0\u00a0\u00a0\u00a0\u00a0\u00a0\u00a0\u00a0\u00a0\u00a0\u00a0 \u00a0\u00a0\u00a0\u00a0\u00a0\u00a0\u00a0\u00a0 \u00a0 \u00a0 \u00a0 \u00a0 \u00a0 \u00a0 \u00a0 \u00a0 \u00a0 \u00a0 \u00a0 \u00a0 \u00a0 \u00a0 \u00a0 \u00a0 \u00a0 \u00a0 \u00a0 \u00a0 \u00a0 \u00a0 \u00a0 \u00a0 \u00a0 \u00a0 \u00a0\u00a0XXX \u00a0NIEDZIELA ZWYK\u0141A &nbsp; Zapraszam jeszcze dzisiaj na R\u00f3\u017caniec o godz. 17:30. W tym tygodniu modlitw\u0119 b\u0119dziemy si\u0119 \u00a0modli\u0107 za naszych [&hellip;]<\/p>\n","protected":false},"author":0,"featured_media":0,"comment_status":"closed","ping_status":"closed","sticky":false,"template":"","format":"standard","meta":{"ngg_post_thumbnail":0,"footnotes":""},"categories":[3],"tags":[],"class_list":["post-1831","post","type-post","status-publish","format-standard","hentry","category-ogloszenia"],"aioseo_notices":[],"_links":{"self":[{"href":"https:\/\/parafiakrzyzowa.pl\/index.php?rest_route=\/wp\/v2\/posts\/1831","targetHints":{"allow":["GET"]}}],"collection":[{"href":"https:\/\/parafiakrzyzowa.pl\/index.php?rest_route=\/wp\/v2\/posts"}],"about":[{"href":"https:\/\/parafiakrzyzowa.pl\/index.php?rest_route=\/wp\/v2\/types\/post"}],"replies":[{"embeddable":true,"href":"https:\/\/parafiakrzyzowa.pl\/index.php?rest_route=%2Fwp%2Fv2%2Fcomments&post=1831"}],"version-history":[{"count":3,"href":"https:\/\/parafiakrzyzowa.pl\/index.php?rest_route=\/wp\/v2\/posts\/1831\/revisions"}],"predecessor-version":[{"id":1837,"href":"https:\/\/parafiakrzyzowa.pl\/index.php?rest_route=\/wp\/v2\/posts\/1831\/revisions\/1837"}],"wp:attachment":[{"href":"https:\/\/parafiakrzyzowa.pl\/index.php?rest_route=%2Fwp%2Fv2%2Fmedia&parent=1831"}],"wp:term":[{"taxonomy":"category","embeddable":true,"href":"https:\/\/parafiakrzyzowa.pl\/index.php?rest_route=%2Fwp%2Fv2%2Fcategories&post=1831"},{"taxonomy":"post_tag","embeddable":true,"href":"https:\/\/parafiakrzyzowa.pl\/index.php?rest_route=%2Fwp%2Fv2%2Ftags&post=1831"}],"curies":[{"name":"wp","href":"https:\/\/api.w.org\/{rel}","templated":true}]}}