{"id":1834,"date":"2019-10-26T12:31:44","date_gmt":"2019-10-26T12:31:44","guid":{"rendered":"https:\/\/parafiakrzyzowa.pl\/?p=1834"},"modified":"2019-10-26T12:31:52","modified_gmt":"2019-10-26T12:31:52","slug":"1834","status":"publish","type":"post","link":"https:\/\/parafiakrzyzowa.pl\/?p=1834","title":{"rendered":""},"content":{"rendered":"<p>&nbsp;<\/p>\n<p><strong>\u00a0\u00a0\u00a0\u00a0\u00a0\u00a0\u00a0\u00a0\u00a0\u00a0\u00a0\u00a0\u00a0\u00a0\u00a0\u00a0\u00a0\u00a0\u00a0\u00a0\u00a0\u00a0\u00a0\u00a0\u00a0\u00a0\u00a0\u00a0\u00a0\u00a0\u00a0\u00a0\u00a0\u00a0\u00a0\u00a0\u00a0\u00a0\u00a0\u00a0\u00a0\u00a0\u00a0\u00a0\u00a0\u00a0\u00a0\u00a0\u00a0\u00a0\u00a0\u00a0\u00a0\u00a0\u00a0\u00a0\u00a0\u00a0\u00a0\u00a0\u00a0\u00a0\u00a0\u00a0\u00a0\u00a0\u00a0\u00a0\u00a0\u00a0\u00a0\u00a0\u00a0\u00a0\u00a0\u00a0\u00a0\u00a0 <\/strong><\/p>\n<p><strong>\u00a0\u00a0\u00a0\u00a0\u00a0\u00a0\u00a0\u00a0\u00a0\u00a0\u00a0\u00a0\u00a0\u00a0\u00a0\u00a0\u00a0\u00a0\u00a0\u00a0\u00a0\u00a0\u00a0\u00a0\u00a0\u00a0\u00a0\u00a0\u00a0\u00a0\u00a0\u00a0\u00a0\u00a0\u00a0\u00a0\u00a0\u00a0\u00a0 <\/strong><strong>\u00a0<u>INTENCJE MSZY\u00a0 \u015aWI\u0118TYCH<\/u><\/strong><\/p>\n<p>&nbsp;<\/p>\n<p><strong><u>NIEDZIEL 27.X . 2019r.<\/u><\/strong><\/p>\n<p>Godz. 8:00 \u00a0&#8211;\u00a0 ++ Agnieszka P\u0142aza w 29r. \u015bmierci m\u0105\u017c J\u00f3\u017cef<\/p>\n<p>Godz.11:0\u00a0 &#8211;\u00a0 \u00a0\u00a0\u00a0\u00a0\u00a0\u00a0\u00a0O zdrowie i b\u0142. Bo\u017ce dla J\u00f3zefa i Zyty\u00a0 Michalc\u00f3w w 8r. \u015blubu<\/p>\n<p>Godz. 18\u00a0 \u00a0\u00a0&#8211; \u00a0\u00a0\u00a0\u00a0\u00a0\u00a0\u00a0O zdrowie i b\u0142. Bo\u017ce dla Antoniego i Marii Kaczmark\u00f3w w r. \u015blubu<\/p>\n<p><strong><u>PONIEDZIA\u0141EK \u00a028. X 2019r.<\/u><\/strong><\/p>\n<p>Godz. 17\u00a0\u00a0\u00a0 &#8211; \u00a0\u00a0\u00a0\u00a0+ W\u0142adys\u0142aw Mocek w 8r. \u015bmierci<\/p>\n<p><strong><u>WTOREK 29.X. 2019r.<\/u><\/strong><\/p>\n<p>Godz. 17 \u00a0&#8211;\u00a0\u00a0\u00a0 ++ Antoni i Maria S\u0142owikowie<\/p>\n<p><strong><u>\u015aRODA 30.X. 2019r.<\/u><\/strong><\/p>\n<p>Godz. 17\u00a0 &#8211;\u00a0\u00a0 \u00a0++ Helena i J\u00f3zef z rdodzin\u0105<\/p>\n<p><strong><u>CZWARTEK 31.X . 2019r.<\/u><\/strong><\/p>\n<p>Godz. 17 \u00a0&#8211;\u00a0\u00a0 \u00a0++ Jan Michalec \u017cona Anna<\/p>\n<p><strong><u>\u00a0PI\u0104TEK 1. XI. 2019r. UROCZYSTO\u015a\u0106 WSZYSTKICH \u015aWI\u0118TYCH<\/u><\/strong><\/p>\n<p>Godz. 8:00\u00a0\u00a0 &#8211; \u00a0\u00a0\u00a0\u00a0\u00a0\u00a0\u00a0\u00a0O zdrowie i b\u0142. Bo\u017ce dla Genowefy Dendys w 85r. urodzin<\/p>\n<p>Godz. 11\u00a0\u00a0\u00a0\u00a0\u00a0 &#8211;\u00a0\u00a0\u00a0\u00a0\u00a0\u00a0\u00a0\u00a0\u00a0 W intencji Parafian<\/p>\n<p>Godz. 14\u00a0\u00a0\u00a0\u00a0\u00a0 &#8211;\u00a0\u00a0 ++ Wojciech i Rozalia G\u00f3ra<\/p>\n<p><strong><u>Sobota 2. XI. 2019r. &#8211; <\/u><\/strong><strong><u>DZIE\u0143 ZADUSZNY<\/u><\/strong><\/p>\n<p>Godz. 7:00-\u00a0\u00a0\u00a0\u00a0\u00a0\u00a0\u00a0\u00a0\u00a0\u00a0 Za wszystkich wiernych zmar\u0142ych<\/p>\n<p>Godz. 8:30\u00a0\u00a0\u00a0\u00a0\u00a0\u00a0\u00a0\u00a0\u00a0\u00a0\u00a0\u00a0 W intencjach Ojca \u015bw.<\/p>\n<p>Godz. 17\u00a0 &#8211; \u00a0\u00a0\u00a0\u00a0\u00a0\u00a0\u00a0+\u00a0 Andrzej Kami\u0144ski<\/p>\n<p><strong><u>NIEDZIELA 3.XI. 2019r.<\/u><\/strong><\/p>\n<p>Godz.8:00 &#8211; \u00a0\u00a0++ \u00a0Czes\u0142aw Duraj rodzice Wojciech i Rozalia<\/p>\n<p>Godz. 11:0 &#8211;\u00a0 ++ J\u00f3zefa Majcherek m\u0105\u017c Franciszek<\/p>\n<p>Godz. 18 \u00a0&#8211;\u00a0\u00a0\u00a0 \u00a0\u00a0\u00a0\u00a0\u00a0\u00a0Dzi\u0119kczynna z pro\u015bb\u0105 o zdrowie i b\u0142. Bo\u017ce dla J\u00f3zefa G\u00f3ry w 70r. urodzin<\/p>\n","protected":false},"excerpt":{"rendered":"<p>&nbsp; \u00a0\u00a0\u00a0\u00a0\u00a0\u00a0\u00a0\u00a0\u00a0\u00a0\u00a0\u00a0\u00a0\u00a0\u00a0\u00a0\u00a0\u00a0\u00a0\u00a0\u00a0\u00a0\u00a0\u00a0\u00a0\u00a0\u00a0\u00a0\u00a0\u00a0\u00a0\u00a0\u00a0\u00a0\u00a0\u00a0\u00a0\u00a0\u00a0\u00a0\u00a0\u00a0\u00a0\u00a0\u00a0\u00a0\u00a0\u00a0\u00a0\u00a0\u00a0\u00a0\u00a0\u00a0\u00a0\u00a0\u00a0\u00a0\u00a0\u00a0\u00a0\u00a0\u00a0\u00a0\u00a0\u00a0\u00a0\u00a0\u00a0\u00a0\u00a0\u00a0\u00a0\u00a0\u00a0\u00a0\u00a0\u00a0 \u00a0\u00a0\u00a0\u00a0\u00a0\u00a0\u00a0\u00a0\u00a0\u00a0\u00a0\u00a0\u00a0\u00a0\u00a0\u00a0\u00a0\u00a0\u00a0\u00a0\u00a0\u00a0\u00a0\u00a0\u00a0\u00a0\u00a0\u00a0\u00a0\u00a0\u00a0\u00a0\u00a0\u00a0\u00a0\u00a0\u00a0\u00a0\u00a0 \u00a0INTENCJE MSZY\u00a0 \u015aWI\u0118TYCH &nbsp; NIEDZIEL 27.X . 2019r. Godz. 8:00 \u00a0&#8211;\u00a0 ++ Agnieszka P\u0142aza w 29r. \u015bmierci m\u0105\u017c J\u00f3\u017cef Godz.11:0\u00a0 &#8211;\u00a0 \u00a0\u00a0\u00a0\u00a0\u00a0\u00a0\u00a0O zdrowie i b\u0142. Bo\u017ce dla J\u00f3zefa i Zyty\u00a0 Michalc\u00f3w w 8r. \u015blubu Godz. 18\u00a0 \u00a0\u00a0&#8211; \u00a0\u00a0\u00a0\u00a0\u00a0\u00a0\u00a0O zdrowie i b\u0142. Bo\u017ce dla Antoniego i Marii Kaczmark\u00f3w w r. \u015blubu PONIEDZIA\u0141EK \u00a028. [&hellip;]<\/p>\n","protected":false},"author":0,"featured_media":0,"comment_status":"closed","ping_status":"closed","sticky":false,"template":"","format":"standard","meta":{"ngg_post_thumbnail":0,"footnotes":""},"categories":[7],"tags":[],"class_list":["post-1834","post","type-post","status-publish","format-standard","hentry","category-intencje"],"aioseo_notices":[],"_links":{"self":[{"href":"https:\/\/parafiakrzyzowa.pl\/index.php?rest_route=\/wp\/v2\/posts\/1834","targetHints":{"allow":["GET"]}}],"collection":[{"href":"https:\/\/parafiakrzyzowa.pl\/index.php?rest_route=\/wp\/v2\/posts"}],"about":[{"href":"https:\/\/parafiakrzyzowa.pl\/index.php?rest_route=\/wp\/v2\/types\/post"}],"replies":[{"embeddable":true,"href":"https:\/\/parafiakrzyzowa.pl\/index.php?rest_route=%2Fwp%2Fv2%2Fcomments&post=1834"}],"version-history":[{"count":1,"href":"https:\/\/parafiakrzyzowa.pl\/index.php?rest_route=\/wp\/v2\/posts\/1834\/revisions"}],"predecessor-version":[{"id":1835,"href":"https:\/\/parafiakrzyzowa.pl\/index.php?rest_route=\/wp\/v2\/posts\/1834\/revisions\/1835"}],"wp:attachment":[{"href":"https:\/\/parafiakrzyzowa.pl\/index.php?rest_route=%2Fwp%2Fv2%2Fmedia&parent=1834"}],"wp:term":[{"taxonomy":"category","embeddable":true,"href":"https:\/\/parafiakrzyzowa.pl\/index.php?rest_route=%2Fwp%2Fv2%2Fcategories&post=1834"},{"taxonomy":"post_tag","embeddable":true,"href":"https:\/\/parafiakrzyzowa.pl\/index.php?rest_route=%2Fwp%2Fv2%2Ftags&post=1834"}],"curies":[{"name":"wp","href":"https:\/\/api.w.org\/{rel}","templated":true}]}}