{"id":1863,"date":"2019-11-16T10:55:57","date_gmt":"2019-11-16T10:55:57","guid":{"rendered":"https:\/\/parafiakrzyzowa.pl\/?p=1863"},"modified":"2019-11-16T15:03:45","modified_gmt":"2019-11-16T15:03:45","slug":"1863","status":"publish","type":"post","link":"https:\/\/parafiakrzyzowa.pl\/?p=1863","title":{"rendered":""},"content":{"rendered":"<p>&nbsp;<\/p>\n<p><strong>\u00a0\u00a0\u00a0\u00a0\u00a0\u00a0\u00a0\u00a0\u00a0\u00a0\u00a0\u00a0\u00a0\u00a0\u00a0\u00a0\u00a0\u00a0\u00a0\u00a0\u00a0\u00a0\u00a0\u00a0\u00a0\u00a0\u00a0\u00a0\u00a0\u00a0\u00a0\u00a0\u00a0\u00a0\u00a0\u00a0\u00a0\u00a0\u00a0\u00a0\u00a0\u00a0\u00a0\u00a0\u00a0\u00a0\u00a0\u00a0\u00a0\u00a0\u00a0\u00a0\u00a0\u00a0\u00a0\u00a0\u00a0\u00a0\u00a0\u00a0\u00a0\u00a0\u00a0\u00a0\u00a0\u00a0\u00a0\u00a0\u00a0\u00a0\u00a0\u00a0\u00a0\u00a0\u00a0\u00a0\u00a0 \u00a0\u00a0\u00a0\u00a0\u00a0\u00a0\u00a0\u00a0\u00a0\u00a0\u00a0\u00a0\u00a0\u00a0\u00a0\u00a0\u00a0\u00a0\u00a0\u00a0\u00a0\u00a0\u00a0\u00a0\u00a0\u00a0\u00a0<\/strong><strong>Krzy\u017cowa dn. 17. XI. 2019r.<\/strong><\/p>\n<p><strong>\u00a0\u00a0\u00a0\u00a0\u00a0\u00a0\u00a0\u00a0\u00a0\u00a0\u00a0\u00a0\u00a0\u00a0\u00a0\u00a0\u00a0\u00a0\u00a0\u00a0\u00a0 \u00a0\u00a0\u00a0\u00a0\u00a0\u00a0\u00a0\u00a0<\/strong><strong>\u00a0<\/strong><\/p>\n<p><strong>\u00a0<\/strong><\/p>\n<p><strong>\u00a0 \u00a0 \u00a0 \u00a0 \u00a0 \u00a0 \u00a0 \u00a0 \u00a0 \u00a0 \u00a0 \u00a0 \u00a0 \u00a0 \u00a0 \u00a0 \u00a0 \u00a0 \u00a0 \u00a0 \u00a0 \u00a0 \u00a0 \u00a0<u>XXXIII \u00a0NIEDZIELA ZWYK\u0141A<\/u><\/strong><\/p>\n<p>Powoli rok liturgiczny dobiega ko\u0144ca. Za 2 tygodnie rozpocznie si\u0119 Adwent , a najbli\u017csza ostatnia niedziela starego roku ko\u015bcielnego to Uroczysto\u015b\u0107 Chrystusa Kr\u00f3la Wszech\u015bwiata . Na mszy \u015bwi\u0119tej o godz 11 za tydzie\u0144 b\u0119dzie przyj\u0119cie do grona ministrant\u00f3w kandydat\u00f3w\u00a0 W tym roku b\u0119dziemy mie\u0107 3 ch\u0142opc\u00f3w i 2 dziewczynki. Bardzo serdecznie zapraszam na t\u0119 msz\u0119 \u015bw. rodzic\u00f3w i rodze\u0144stwo nowych ministrant\u00f3w.<\/p>\n<p>W \u015brod\u0119 o godz. 16:30 r\u00f3\u017caniec w intencji trze\u017awo\u015bci Nowenna do Matki Bo\u017cej Nieustaj\u0105cej Pomocy. Serdecznie zapraszam.<\/p>\n<p>B\u00f3g zap\u0142a\u0107 za ofiary kt\u00f3re z\u0142o\u017cyli\u015bcie w ostatni\u0105 niedziel\u0119. Zebrano\u2026\u2026\u2026<\/p>\n<p>Dzi\u015b P. Teresa z\u0142o\u017cy sprawozdanie finansowe za\u00a0 2019 rok.<\/p>\n<p>Zach\u0119cam do nabywania prasy katolickiej<\/p>\n<p>B\u00f3g zap\u0142a\u0107 za sprz\u0105tanie ko\u015bcio\u0142a w tym tygodniu. Nast\u0119pne sprz\u0105tanie b\u0119dzie w sobot\u0119 o godz. 9:00 . Sprz\u0105taj\u0105 Panie: Barbara Pastor Katarzyna Witas Bo\u017cena J\u0119drzejas i Maria P\u0141aza. Nie kupujemy kwit\u00f3w.<\/p>\n<p>&nbsp;<\/p>\n<p>Kalendarz liturgiczny<\/p>\n<p>Poniedzia\u0142ek \u2013 wsp. b\u0142. Karoliny K\u00f3zk\u00f3wny dziewicy m\u0119czennicy<\/p>\n<p>\u015aroda \u2013 wsp. \u015bw. Rafa\u0142a Kalinowskiego<\/p>\n<p>Czwartek \u2013 wsp. Ofiarowania NM Panny<\/p>\n<p>Pi\u0105tek \u2013 wsp. \u015bw. Cecylii dziewicy m\u0119czennicy<\/p>\n<p>Spotkania w tym tygodniu. \u015aroda godz. 16 kandydaci na ministrant\u00f3w pi\u0105tek godz. 16 klasa III.<\/p>\n","protected":false},"excerpt":{"rendered":"<p>&nbsp; \u00a0\u00a0\u00a0\u00a0\u00a0\u00a0\u00a0\u00a0\u00a0\u00a0\u00a0\u00a0\u00a0\u00a0\u00a0\u00a0\u00a0\u00a0\u00a0\u00a0\u00a0\u00a0\u00a0\u00a0\u00a0\u00a0\u00a0\u00a0\u00a0\u00a0\u00a0\u00a0\u00a0\u00a0\u00a0\u00a0\u00a0\u00a0\u00a0\u00a0\u00a0\u00a0\u00a0\u00a0\u00a0\u00a0\u00a0\u00a0\u00a0\u00a0\u00a0\u00a0\u00a0\u00a0\u00a0\u00a0\u00a0\u00a0\u00a0\u00a0\u00a0\u00a0\u00a0\u00a0\u00a0\u00a0\u00a0\u00a0\u00a0\u00a0\u00a0\u00a0\u00a0\u00a0\u00a0\u00a0\u00a0 \u00a0\u00a0\u00a0\u00a0\u00a0\u00a0\u00a0\u00a0\u00a0\u00a0\u00a0\u00a0\u00a0\u00a0\u00a0\u00a0\u00a0\u00a0\u00a0\u00a0\u00a0\u00a0\u00a0\u00a0\u00a0\u00a0\u00a0Krzy\u017cowa dn. 17. XI. 2019r. \u00a0\u00a0\u00a0\u00a0\u00a0\u00a0\u00a0\u00a0\u00a0\u00a0\u00a0\u00a0\u00a0\u00a0\u00a0\u00a0\u00a0\u00a0\u00a0\u00a0\u00a0 \u00a0\u00a0\u00a0\u00a0\u00a0\u00a0\u00a0\u00a0\u00a0 \u00a0 \u00a0 \u00a0 \u00a0 \u00a0 \u00a0 \u00a0 \u00a0 \u00a0 \u00a0 \u00a0 \u00a0 \u00a0 \u00a0 \u00a0 \u00a0 \u00a0 \u00a0 \u00a0 \u00a0 \u00a0 \u00a0 \u00a0 \u00a0 \u00a0XXXIII \u00a0NIEDZIELA ZWYK\u0141A Powoli rok liturgiczny dobiega ko\u0144ca. Za 2 tygodnie rozpocznie si\u0119 Adwent , a najbli\u017csza ostatnia niedziela starego roku ko\u015bcielnego [&hellip;]<\/p>\n","protected":false},"author":0,"featured_media":0,"comment_status":"closed","ping_status":"closed","sticky":false,"template":"","format":"standard","meta":{"ngg_post_thumbnail":0,"footnotes":""},"categories":[3],"tags":[],"class_list":["post-1863","post","type-post","status-publish","format-standard","hentry","category-ogloszenia"],"aioseo_notices":[],"_links":{"self":[{"href":"https:\/\/parafiakrzyzowa.pl\/index.php?rest_route=\/wp\/v2\/posts\/1863","targetHints":{"allow":["GET"]}}],"collection":[{"href":"https:\/\/parafiakrzyzowa.pl\/index.php?rest_route=\/wp\/v2\/posts"}],"about":[{"href":"https:\/\/parafiakrzyzowa.pl\/index.php?rest_route=\/wp\/v2\/types\/post"}],"replies":[{"embeddable":true,"href":"https:\/\/parafiakrzyzowa.pl\/index.php?rest_route=%2Fwp%2Fv2%2Fcomments&post=1863"}],"version-history":[{"count":2,"href":"https:\/\/parafiakrzyzowa.pl\/index.php?rest_route=\/wp\/v2\/posts\/1863\/revisions"}],"predecessor-version":[{"id":1865,"href":"https:\/\/parafiakrzyzowa.pl\/index.php?rest_route=\/wp\/v2\/posts\/1863\/revisions\/1865"}],"wp:attachment":[{"href":"https:\/\/parafiakrzyzowa.pl\/index.php?rest_route=%2Fwp%2Fv2%2Fmedia&parent=1863"}],"wp:term":[{"taxonomy":"category","embeddable":true,"href":"https:\/\/parafiakrzyzowa.pl\/index.php?rest_route=%2Fwp%2Fv2%2Fcategories&post=1863"},{"taxonomy":"post_tag","embeddable":true,"href":"https:\/\/parafiakrzyzowa.pl\/index.php?rest_route=%2Fwp%2Fv2%2Ftags&post=1863"}],"curies":[{"name":"wp","href":"https:\/\/api.w.org\/{rel}","templated":true}]}}