{"id":1921,"date":"2019-12-28T19:37:01","date_gmt":"2019-12-28T19:37:01","guid":{"rendered":"https:\/\/parafiakrzyzowa.pl\/?p=1921"},"modified":"2019-12-28T19:37:08","modified_gmt":"2019-12-28T19:37:08","slug":"1921","status":"publish","type":"post","link":"https:\/\/parafiakrzyzowa.pl\/?p=1921","title":{"rendered":""},"content":{"rendered":"<p>&nbsp;<\/p>\n<p><strong>\u00a0\u00a0\u00a0\u00a0\u00a0\u00a0\u00a0\u00a0\u00a0\u00a0\u00a0\u00a0\u00a0\u00a0\u00a0\u00a0\u00a0\u00a0\u00a0\u00a0\u00a0\u00a0\u00a0\u00a0\u00a0\u00a0\u00a0\u00a0\u00a0\u00a0\u00a0\u00a0\u00a0\u00a0\u00a0\u00a0\u00a0\u00a0\u00a0\u00a0\u00a0\u00a0\u00a0\u00a0\u00a0\u00a0\u00a0\u00a0\u00a0\u00a0\u00a0\u00a0\u00a0\u00a0\u00a0\u00a0\u00a0\u00a0\u00a0\u00a0\u00a0\u00a0\u00a0\u00a0\u00a0\u00a0\u00a0\u00a0\u00a0\u00a0\u00a0\u00a0\u00a0\u00a0\u00a0\u00a0\u00a0 \u00a0\u00a0\u00a0\u00a0\u00a0\u00a0\u00a0\u00a0\u00a0\u00a0\u00a0\u00a0\u00a0\u00a0\u00a0\u00a0\u00a0\u00a0\u00a0\u00a0\u00a0\u00a0\u00a0\u00a0\u00a0\u00a0\u00a0<\/strong><strong>Krzy\u017cowa dn. 29. XII. 2019r.<\/strong><\/p>\n<p><strong>\u00a0\u00a0\u00a0\u00a0\u00a0\u00a0\u00a0\u00a0\u00a0\u00a0\u00a0\u00a0\u00a0\u00a0\u00a0\u00a0\u00a0\u00a0\u00a0\u00a0 \u00a0\u00a0\u00a0\u00a0\u00a0\u00a0\u00a0\u00a0\u00a0<\/strong><strong>\u00a0<\/strong><\/p>\n<p><strong>\u00a0<\/strong><\/p>\n<p><strong>\u00a0\u00a0\u00a0\u00a0\u00a0\u00a0\u00a0\u00a0\u00a0\u00a0\u00a0\u00a0\u00a0\u00a0\u00a0 <\/strong><strong><u>\u015aWI\u0118TO \u015aW. RODZINY JEZUSA MARYI I J\u00d3ZEFA<\/u><\/strong><\/p>\n<p>&nbsp;<\/p>\n<p>We wtorek\u00a0 przypada ostatni dzie\u0144 2019r. \u015bw. Sylwestra. Zapraszam bardzo serdecznie ca\u0142\u0105 parafi\u0119 na uroczyste nieszpory na zako\u0144czenie Starego Roku o godz. 17:00. Na nieszporach b\u0119dzie kazanie\u00a0 i podsumowanie duszpasterskie up\u0142ywaj\u0105cego roku. Wy\u015bpiewamy r\u00f3wnie\u017c radosne Ciebie Boga wys\u0142awiamy za wszystkie dobra kt\u00f3re otrzymali\u015bmy od Boga jak r\u00f3wnie\u017c Suplikacje na przeproszenie za nasze grzech osobiste naszych bliskich i ca\u0142ej naszej Parafii. Po nieszporach b\u0119dzie msza \u015bw. dzi\u0119kczynna.<\/p>\n<p>W \u015brod\u0119 b\u0119dzie Nowy Rok . Wspominamy wtedy Matk\u0119 Bo\u017c\u0105 Rodzicielk\u0119. Msze \u015bw. w porz\u0105dku niedzielnym.<\/p>\n<p>W tym tygodniu przypada I czwartek pi\u0105tek i sobota miesi\u0105ca. W czwartek msza \u015bw. o godz. 7:00 rano ze wzgl\u0119du na kol\u0119d\u0119. W pi\u0105tek spowied\u017a \u015bw. od 16 do 17 i Msza \u015bw. z nabo\u017ce\u0144stwem do Serca Jezusowego. W sobot\u0119 bardzo prosz\u0119 o R\u00f3\u017caniec przed msz\u0105 \u015bw. za nasz\u0105 parafi\u0119.<\/p>\n<p>Nie b\u0119dzie wizyty u chorych ze wzgl\u0119du na kol\u0119d\u0119.<\/p>\n<p>&nbsp;<\/p>\n<p>Bardzo dzi\u0119kuj\u0119 za sprz\u0105tanie ko\u015bcio\u0142a w tym tygodniu. Nast\u0119pne sprz\u0105tanie w sobot\u0119 o godz. 9:00. Sprz\u0105taj\u0105 Panie: Halina Z\u0105bek Krystyna Gracjas Bogus\u0142awa Widz. Regina Kami\u0144ska.<\/p>\n<p>&nbsp;<\/p>\n<p>W tym tygodniu kol\u0119da.<\/p>\n<p>Czwartek Krzy\u017cowa G\u00f3rna od. P, Niewdan\u00f3w JPII 330 do P. G\u00f3ra JPII 318.<\/p>\n<p>Pi\u0105tek od P. Marii G\u00f3ra ul. Weso\u0142a do P. Michalec ul. Babiog\u00f3rska<\/p>\n<p>Sobota od. P. Mylak\u00f3w ul. Weso\u0142a do P. G\u00f3ra JPII 286<\/p>\n<p>&nbsp;<\/p>\n<p>Zako\u0144czyli\u015bmy kol\u0119d\u0119 w Krzy\u017c\u00f3wkach. Sk\u0142adam wszystkim parafianom podzi\u0119kowanie za wielk\u0105 go\u015bcinno\u015b\u0107\u00a0 \u017cyczliwo\u015b\u0107 i za ofiary dla mnie i naszych ministrant\u00f3w.<\/p>\n","protected":false},"excerpt":{"rendered":"<p>&nbsp; \u00a0\u00a0\u00a0\u00a0\u00a0\u00a0\u00a0\u00a0\u00a0\u00a0\u00a0\u00a0\u00a0\u00a0\u00a0\u00a0\u00a0\u00a0\u00a0\u00a0\u00a0\u00a0\u00a0\u00a0\u00a0\u00a0\u00a0\u00a0\u00a0\u00a0\u00a0\u00a0\u00a0\u00a0\u00a0\u00a0\u00a0\u00a0\u00a0\u00a0\u00a0\u00a0\u00a0\u00a0\u00a0\u00a0\u00a0\u00a0\u00a0\u00a0\u00a0\u00a0\u00a0\u00a0\u00a0\u00a0\u00a0\u00a0\u00a0\u00a0\u00a0\u00a0\u00a0\u00a0\u00a0\u00a0\u00a0\u00a0\u00a0\u00a0\u00a0\u00a0\u00a0\u00a0\u00a0\u00a0\u00a0 \u00a0\u00a0\u00a0\u00a0\u00a0\u00a0\u00a0\u00a0\u00a0\u00a0\u00a0\u00a0\u00a0\u00a0\u00a0\u00a0\u00a0\u00a0\u00a0\u00a0\u00a0\u00a0\u00a0\u00a0\u00a0\u00a0\u00a0Krzy\u017cowa dn. 29. XII. 2019r. \u00a0\u00a0\u00a0\u00a0\u00a0\u00a0\u00a0\u00a0\u00a0\u00a0\u00a0\u00a0\u00a0\u00a0\u00a0\u00a0\u00a0\u00a0\u00a0\u00a0 \u00a0\u00a0\u00a0\u00a0\u00a0\u00a0\u00a0\u00a0\u00a0\u00a0 \u00a0 \u00a0\u00a0\u00a0\u00a0\u00a0\u00a0\u00a0\u00a0\u00a0\u00a0\u00a0\u00a0\u00a0\u00a0\u00a0 \u015aWI\u0118TO \u015aW. RODZINY JEZUSA MARYI I J\u00d3ZEFA &nbsp; We wtorek\u00a0 przypada ostatni dzie\u0144 2019r. \u015bw. Sylwestra. Zapraszam bardzo serdecznie ca\u0142\u0105 parafi\u0119 na uroczyste nieszpory na zako\u0144czenie Starego Roku o godz. 17:00. Na nieszporach b\u0119dzie kazanie\u00a0 i podsumowanie duszpasterskie up\u0142ywaj\u0105cego roku. Wy\u015bpiewamy r\u00f3wnie\u017c radosne Ciebie [&hellip;]<\/p>\n","protected":false},"author":0,"featured_media":0,"comment_status":"closed","ping_status":"closed","sticky":false,"template":"","format":"standard","meta":{"ngg_post_thumbnail":0,"footnotes":""},"categories":[3],"tags":[],"class_list":["post-1921","post","type-post","status-publish","format-standard","hentry","category-ogloszenia"],"aioseo_notices":[],"_links":{"self":[{"href":"https:\/\/parafiakrzyzowa.pl\/index.php?rest_route=\/wp\/v2\/posts\/1921","targetHints":{"allow":["GET"]}}],"collection":[{"href":"https:\/\/parafiakrzyzowa.pl\/index.php?rest_route=\/wp\/v2\/posts"}],"about":[{"href":"https:\/\/parafiakrzyzowa.pl\/index.php?rest_route=\/wp\/v2\/types\/post"}],"replies":[{"embeddable":true,"href":"https:\/\/parafiakrzyzowa.pl\/index.php?rest_route=%2Fwp%2Fv2%2Fcomments&post=1921"}],"version-history":[{"count":1,"href":"https:\/\/parafiakrzyzowa.pl\/index.php?rest_route=\/wp\/v2\/posts\/1921\/revisions"}],"predecessor-version":[{"id":1922,"href":"https:\/\/parafiakrzyzowa.pl\/index.php?rest_route=\/wp\/v2\/posts\/1921\/revisions\/1922"}],"wp:attachment":[{"href":"https:\/\/parafiakrzyzowa.pl\/index.php?rest_route=%2Fwp%2Fv2%2Fmedia&parent=1921"}],"wp:term":[{"taxonomy":"category","embeddable":true,"href":"https:\/\/parafiakrzyzowa.pl\/index.php?rest_route=%2Fwp%2Fv2%2Fcategories&post=1921"},{"taxonomy":"post_tag","embeddable":true,"href":"https:\/\/parafiakrzyzowa.pl\/index.php?rest_route=%2Fwp%2Fv2%2Ftags&post=1921"}],"curies":[{"name":"wp","href":"https:\/\/api.w.org\/{rel}","templated":true}]}}