{"id":1951,"date":"2020-01-25T13:25:43","date_gmt":"2020-01-25T13:25:43","guid":{"rendered":"https:\/\/parafiakrzyzowa.pl\/?p=1951"},"modified":"2020-01-25T13:25:50","modified_gmt":"2020-01-25T13:25:50","slug":"1951","status":"publish","type":"post","link":"https:\/\/parafiakrzyzowa.pl\/?p=1951","title":{"rendered":""},"content":{"rendered":"<p>&nbsp;<\/p>\n<p><strong>\u00a0\u00a0\u00a0\u00a0\u00a0\u00a0\u00a0\u00a0\u00a0\u00a0\u00a0\u00a0\u00a0\u00a0\u00a0\u00a0\u00a0\u00a0\u00a0\u00a0\u00a0\u00a0\u00a0\u00a0\u00a0\u00a0\u00a0\u00a0\u00a0\u00a0\u00a0\u00a0\u00a0\u00a0\u00a0\u00a0\u00a0\u00a0\u00a0\u00a0\u00a0\u00a0\u00a0\u00a0\u00a0\u00a0\u00a0\u00a0\u00a0\u00a0\u00a0\u00a0\u00a0\u00a0\u00a0\u00a0\u00a0\u00a0\u00a0\u00a0\u00a0\u00a0\u00a0\u00a0\u00a0\u00a0\u00a0\u00a0\u00a0\u00a0\u00a0\u00a0\u00a0\u00a0\u00a0\u00a0\u00a0\u00a0 <\/strong><\/p>\n<p><strong>\u00a0\u00a0\u00a0\u00a0\u00a0\u00a0\u00a0\u00a0\u00a0\u00a0\u00a0\u00a0\u00a0\u00a0\u00a0\u00a0\u00a0\u00a0\u00a0\u00a0\u00a0\u00a0\u00a0\u00a0\u00a0\u00a0\u00a0\u00a0\u00a0\u00a0\u00a0\u00a0\u00a0\u00a0\u00a0\u00a0\u00a0\u00a0\u00a0 <\/strong><strong>\u00a0<u>INTENCJE MSZY\u00a0 \u015aWI\u0118TYCH<\/u><\/strong><\/p>\n<p>&nbsp;<\/p>\n<p><strong><u>NIEDZIEL 26.I . 2020r.<\/u><\/strong><\/p>\n<p><strong><u>\u00a0<\/u><\/strong><\/p>\n<p>Godz. 8:00 \u00a0&#8211;\u00a0 \u00a0\u00a0\u00a0\u00a0\u00a0\u00a0O dary Ducha \u015bwi\u0119tego dla Dominika i Szymona<\/p>\n<p>&nbsp;<\/p>\n<p>Godz.11:0\u00a0 &#8211;\u00a0 \u00a0\u00a0\u00a0\u00a0\u00a0\u00a0\u00a0Dzi\u0119kczynna z pro\u015bb\u0105 o zdrowie i b\u0142. Bo\u017ce dla Janiny i Jana z okazji 30 r. \u015blubu<\/p>\n<p>&nbsp;<\/p>\n<p>Godz. 18\u00a0 \u00a0\u00a0&#8211; \u00a0\u00a0++\u00a0 Stanis\u0142aw J\u0119drzejas w 14r. \u015bmierci \u017cona Anna<\/p>\n<p><strong><u>\u00a0<\/u><\/strong><\/p>\n<p><strong><u>PONIEDZIA\u0141EK \u00a027. I 2020r.<\/u><\/strong><\/p>\n<p><strong><u>\u00a0<\/u><\/strong><\/p>\n<p>Godz. 17\u00a0\u00a0\u00a0\u00a0 &#8211;\u00a0\u00a0 \u00a0+ Rozalia S\u0142owik<\/p>\n<p><strong><u>\u00a0<\/u><\/strong><\/p>\n<p><strong><u>WTOREK 28.I. 2020r.<\/u><\/strong><\/p>\n<p>&nbsp;<\/p>\n<p>Godz. 7:00\u00a0 \u00a0\u00a0&#8211;\u00a0\u00a0\u00a0\u00a0\u00a0 W pewnej intencji<\/p>\n<p>&nbsp;<\/p>\n<p><strong><u>\u015aRODA\u00a0 29.I.\u00a0 2020r. <\/u><\/strong><\/p>\n<p>&nbsp;<\/p>\n<p>Godz. 17 \u00a0\u00a0\u00a0\u00a0\u00a0&#8211; \u00a0\u00a0+\u00a0 Jan Matejczyk w 18r. \u015bmierci<\/p>\n<p><strong><u>\u00a0<\/u><\/strong><\/p>\n<p><strong><u>CZWARTEK 30 .I. 2020r.<\/u><\/strong><\/p>\n<p>&nbsp;<\/p>\n<p>Godz. 7:00 &#8211;\u00a0\u00a0\u00a0\u00a0 + Tadeusz Walig\u00f3ra<\/p>\n<p><strong><u>\u00a0<\/u><\/strong><\/p>\n<p><strong><u>\u00a0<\/u><\/strong><strong><u>PI\u0104TEK 31. I. 2020r. <\/u><\/strong><\/p>\n<p>&nbsp;<\/p>\n<p>Godz. 17\u00a0 &#8211; \u00a0\u00a0\u00a0\u00a0\u00a0\u00a0+ Maria Michalec<\/p>\n<p><strong><u>\u00a0<\/u><\/strong><\/p>\n<p><strong><u>Sobota 1. II. 2020 r. <\/u><\/strong><\/p>\n<p>&nbsp;<\/p>\n<p>Godz. 17\u00a0 &#8211; \u00a0\u00a0\u00a0\u00a0\u00a0\u00a0+ \u00a0Rudolf Kwocza\u0142a w 6r. \u015bmierci<\/p>\n<p><strong><u>\u00a0<\/u><\/strong><\/p>\n<p><strong><u>NIEDZIELA 2. II . 2020r. \u2013 \u015aWI\u0118TO OFIAROWANIA PA\u0143SKIEGO<\/u><\/strong><\/p>\n<p>&nbsp;<\/p>\n<p>Godz.8:00 &#8211; \u00a0\u00a0\u00a0++ Adam Dendys\u00a0 oraz Anna i Franciszek Krzesakowie<\/p>\n<p>&nbsp;<\/p>\n<p>Godz. 11:0 &#8211; \u00a0\u00a0++\u00a0 W\u0142adys\u0142aw Krzesak w 3r. \u015bmierci \u017cona Anna<\/p>\n<p>&nbsp;<\/p>\n<p>Godz. 18 \u00a0&#8211;\u00a0\u00a0\u00a0 \u00a0\u00a0\u00a0+\u00a0 Maria Kami\u0144ska z okazji Imienin<\/p>\n","protected":false},"excerpt":{"rendered":"<p>&nbsp; \u00a0\u00a0\u00a0\u00a0\u00a0\u00a0\u00a0\u00a0\u00a0\u00a0\u00a0\u00a0\u00a0\u00a0\u00a0\u00a0\u00a0\u00a0\u00a0\u00a0\u00a0\u00a0\u00a0\u00a0\u00a0\u00a0\u00a0\u00a0\u00a0\u00a0\u00a0\u00a0\u00a0\u00a0\u00a0\u00a0\u00a0\u00a0\u00a0\u00a0\u00a0\u00a0\u00a0\u00a0\u00a0\u00a0\u00a0\u00a0\u00a0\u00a0\u00a0\u00a0\u00a0\u00a0\u00a0\u00a0\u00a0\u00a0\u00a0\u00a0\u00a0\u00a0\u00a0\u00a0\u00a0\u00a0\u00a0\u00a0\u00a0\u00a0\u00a0\u00a0\u00a0\u00a0\u00a0\u00a0\u00a0\u00a0 \u00a0\u00a0\u00a0\u00a0\u00a0\u00a0\u00a0\u00a0\u00a0\u00a0\u00a0\u00a0\u00a0\u00a0\u00a0\u00a0\u00a0\u00a0\u00a0\u00a0\u00a0\u00a0\u00a0\u00a0\u00a0\u00a0\u00a0\u00a0\u00a0\u00a0\u00a0\u00a0\u00a0\u00a0\u00a0\u00a0\u00a0\u00a0\u00a0 \u00a0INTENCJE MSZY\u00a0 \u015aWI\u0118TYCH &nbsp; NIEDZIEL 26.I . 2020r. \u00a0 Godz. 8:00 \u00a0&#8211;\u00a0 \u00a0\u00a0\u00a0\u00a0\u00a0\u00a0O dary Ducha \u015bwi\u0119tego dla Dominika i Szymona &nbsp; Godz.11:0\u00a0 &#8211;\u00a0 \u00a0\u00a0\u00a0\u00a0\u00a0\u00a0\u00a0Dzi\u0119kczynna z pro\u015bb\u0105 o zdrowie i b\u0142. Bo\u017ce dla Janiny i Jana z okazji 30 r. \u015blubu &nbsp; Godz. 18\u00a0 \u00a0\u00a0&#8211; \u00a0\u00a0++\u00a0 Stanis\u0142aw J\u0119drzejas w 14r. \u015bmierci \u017cona Anna [&hellip;]<\/p>\n","protected":false},"author":0,"featured_media":0,"comment_status":"closed","ping_status":"closed","sticky":false,"template":"","format":"standard","meta":{"ngg_post_thumbnail":0,"footnotes":""},"categories":[7],"tags":[],"class_list":["post-1951","post","type-post","status-publish","format-standard","hentry","category-intencje"],"aioseo_notices":[],"_links":{"self":[{"href":"https:\/\/parafiakrzyzowa.pl\/index.php?rest_route=\/wp\/v2\/posts\/1951","targetHints":{"allow":["GET"]}}],"collection":[{"href":"https:\/\/parafiakrzyzowa.pl\/index.php?rest_route=\/wp\/v2\/posts"}],"about":[{"href":"https:\/\/parafiakrzyzowa.pl\/index.php?rest_route=\/wp\/v2\/types\/post"}],"replies":[{"embeddable":true,"href":"https:\/\/parafiakrzyzowa.pl\/index.php?rest_route=%2Fwp%2Fv2%2Fcomments&post=1951"}],"version-history":[{"count":1,"href":"https:\/\/parafiakrzyzowa.pl\/index.php?rest_route=\/wp\/v2\/posts\/1951\/revisions"}],"predecessor-version":[{"id":1952,"href":"https:\/\/parafiakrzyzowa.pl\/index.php?rest_route=\/wp\/v2\/posts\/1951\/revisions\/1952"}],"wp:attachment":[{"href":"https:\/\/parafiakrzyzowa.pl\/index.php?rest_route=%2Fwp%2Fv2%2Fmedia&parent=1951"}],"wp:term":[{"taxonomy":"category","embeddable":true,"href":"https:\/\/parafiakrzyzowa.pl\/index.php?rest_route=%2Fwp%2Fv2%2Fcategories&post=1951"},{"taxonomy":"post_tag","embeddable":true,"href":"https:\/\/parafiakrzyzowa.pl\/index.php?rest_route=%2Fwp%2Fv2%2Ftags&post=1951"}],"curies":[{"name":"wp","href":"https:\/\/api.w.org\/{rel}","templated":true}]}}