{"id":1954,"date":"2020-01-25T13:26:53","date_gmt":"2020-01-25T13:26:53","guid":{"rendered":"https:\/\/parafiakrzyzowa.pl\/?p=1954"},"modified":"2020-01-25T13:27:01","modified_gmt":"2020-01-25T13:27:01","slug":"1954","status":"publish","type":"post","link":"https:\/\/parafiakrzyzowa.pl\/?p=1954","title":{"rendered":""},"content":{"rendered":"<p>&nbsp;<\/p>\n<p><strong>\u00a0\u00a0\u00a0\u00a0\u00a0\u00a0\u00a0\u00a0\u00a0\u00a0\u00a0\u00a0\u00a0\u00a0\u00a0\u00a0\u00a0\u00a0\u00a0\u00a0\u00a0\u00a0\u00a0\u00a0\u00a0\u00a0\u00a0\u00a0\u00a0\u00a0\u00a0\u00a0\u00a0\u00a0\u00a0\u00a0\u00a0\u00a0\u00a0\u00a0\u00a0\u00a0\u00a0\u00a0\u00a0\u00a0\u00a0\u00a0\u00a0\u00a0\u00a0\u00a0\u00a0\u00a0\u00a0\u00a0\u00a0\u00a0\u00a0\u00a0\u00a0\u00a0\u00a0\u00a0\u00a0\u00a0\u00a0\u00a0\u00a0\u00a0\u00a0\u00a0\u00a0\u00a0\u00a0\u00a0\u00a0 \u00a0\u00a0\u00a0\u00a0\u00a0\u00a0\u00a0\u00a0\u00a0\u00a0\u00a0\u00a0\u00a0\u00a0\u00a0\u00a0\u00a0\u00a0\u00a0\u00a0\u00a0\u00a0\u00a0\u00a0\u00a0\u00a0\u00a0<\/strong><strong>Krzy\u017cowa dn. 26. I. 2020 r.<\/strong><\/p>\n<p><strong>\u00a0\u00a0\u00a0\u00a0\u00a0\u00a0\u00a0\u00a0\u00a0\u00a0\u00a0\u00a0\u00a0\u00a0\u00a0\u00a0\u00a0\u00a0\u00a0\u00a0\u00a0 \u00a0\u00a0\u00a0\u00a0\u00a0\u00a0\u00a0\u00a0<\/strong><strong>\u00a0<\/strong><\/p>\n<p><strong>\u00a0<\/strong><\/p>\n<p><strong>\u00a0 \u00a0 \u00a0 \u00a0 \u00a0 \u00a0 \u00a0 \u00a0 \u00a0 \u00a0 \u00a0 \u00a0 \u00a0 \u00a0 \u00a0 \u00a0 \u00a0 \u00a0 \u00a0 \u00a0 \u00a0 \u00a0 \u00a0 \u00a0 \u00a0 \u00a0 \u00a0 \u00a0\u00a0<\/strong><strong><u>III NIEDZIELA ZWYK\u0141A<\/u><\/strong><\/p>\n<p>&nbsp;<\/p>\n<p>&nbsp;<\/p>\n<p>Sko\u0144czy\u0142y si\u0119 ferie zimowe dla dzieci i m\u0142odzie\u017cy. Rozpocz\u0105\u0142 si\u0119 czas pracy egzamin\u00f3w ko\u0144cowych dla klasy VIII , kt\u00f3re zadecyduj\u0105 do jakiej szko\u0142y \u015bredniej p\u00f3jd\u0105 absolwenci klasy VIII. \u017bycz\u0119 wszystkim si\u0142 do nauki systematyczno\u015bci i wytrwa\u0142o\u015bci w nauce. A nam starszym \u017cycz\u0119 , \u017ceby by\u0142o wi\u0119cej ciszy nad naszymi szko\u0142ami.<\/p>\n<p>&nbsp;<\/p>\n<p>Bardzo serdecznie dzi\u0119kuj\u0119 Radom naszej parafii za spotkanie w ostatni\u0105 \u015brod\u0119. Pan Jakubowski wyja\u015bni\u0142 nam jaki by\u0142 stan naszych organ\u00f3w. Na pewno nie by\u0142y remontowane generalne od samego pocz\u0105tku czyli od 50 lat. \u017beby organy by\u0142y d\u0142ugowieczne wymagaj\u0105 remontu generalnego co 15 lat.<\/p>\n<p>Rady zadecydowa\u0142y, \u017ce w lutym b\u0119d\u0105 zbiera\u0107 sk\u0142adk\u0119 na remont 9 lutego. Cena remontu si\u0119 nie zmieni.<\/p>\n<p>&nbsp;<\/p>\n<p>Zapraszam na codzienn\u0105 msz\u0119 \u015bw. do naszego ko\u015bcio\u0142a. W \u015brod\u0119 r\u00f3\u017caniec o trze\u017awo\u015b\u0107 a p\u00f3\u017aniej Nowenna do MB Nieustaj\u0105cej Pomocy.<\/p>\n<p>&nbsp;<\/p>\n<p>W sobot\u0119 bardzo prosz\u0119 o r\u00f3\u017caniec za parafi\u0119 o godz. 16:30.<\/p>\n<p>&nbsp;<\/p>\n<p>W \u015brod\u0119 po wieczornej mszy \u015bwi\u0119tej b\u0119dziemy rozbiera\u0107 choinki i szopk\u0119 . Bardzo serdecznie prosz\u0119 wszystkich lektor\u00f3w i ministrant\u00f3w o obecno\u015b\u0107.<\/p>\n<p>&nbsp;<\/p>\n<p>W pi\u0105tek po wieczornej mszy \u015bw. spotkanie z uczniami klasy VIII.<\/p>\n<p>&nbsp;<\/p>\n<p>W pi\u0105tek o godz. 16 spotkanie z dzie\u0107mi klasy III.<\/p>\n<p>&nbsp;<\/p>\n<p>Zach\u0119cam do nabywania prasy katolickiej.<\/p>\n<p>&nbsp;<\/p>\n<p>Dzi\u0119kuj\u0119 za sprz\u0105tanie ko\u015bcio\u0142a w tym tygodniu. Nast\u0119pne sprz\u0105tanie w sobot\u0119 o godz. 9:00. Sprz\u0105taj\u0105 Panie: Bernadetta Cudzich Ma\u0142gorzata Niewdana Stanis\u0142awa Pastor\u00a0 i Maria Krzy\u017cowska .<\/p>\n<p>&nbsp;<\/p>\n<p>Kalendarz liturgiczny<\/p>\n<p>&nbsp;<\/p>\n<p>\u015aroda \u2013 wsp. \u015bw. Agaty dziewicy m\u0119czennicy<\/p>\n<p>Czwartek \u2013 wsp. \u015bw. m\u0119czennik\u00f3w Paw\u0142a Miki i Towarzyszy<\/p>\n<p>Niedziela \u2013 Matki Bo\u017cej Gromniczej \/ przynosimy do ko\u015bcio\u0142a gromnice.\/<\/p>\n<p>&nbsp;<\/p>\n<p>Zgubiono pewn\u0105 sum\u0119 pieni\u0119dzy tydzie\u0144 temu w naszym ko\u015bciele . Mo\u017cna si\u0119 zg\u0142osi\u0107 po odbi\u00f3r zguby w zakrystii<\/p>\n<p>&nbsp;<\/p>\n","protected":false},"excerpt":{"rendered":"<p>&nbsp; \u00a0\u00a0\u00a0\u00a0\u00a0\u00a0\u00a0\u00a0\u00a0\u00a0\u00a0\u00a0\u00a0\u00a0\u00a0\u00a0\u00a0\u00a0\u00a0\u00a0\u00a0\u00a0\u00a0\u00a0\u00a0\u00a0\u00a0\u00a0\u00a0\u00a0\u00a0\u00a0\u00a0\u00a0\u00a0\u00a0\u00a0\u00a0\u00a0\u00a0\u00a0\u00a0\u00a0\u00a0\u00a0\u00a0\u00a0\u00a0\u00a0\u00a0\u00a0\u00a0\u00a0\u00a0\u00a0\u00a0\u00a0\u00a0\u00a0\u00a0\u00a0\u00a0\u00a0\u00a0\u00a0\u00a0\u00a0\u00a0\u00a0\u00a0\u00a0\u00a0\u00a0\u00a0\u00a0\u00a0\u00a0 \u00a0\u00a0\u00a0\u00a0\u00a0\u00a0\u00a0\u00a0\u00a0\u00a0\u00a0\u00a0\u00a0\u00a0\u00a0\u00a0\u00a0\u00a0\u00a0\u00a0\u00a0\u00a0\u00a0\u00a0\u00a0\u00a0\u00a0Krzy\u017cowa dn. 26. I. 2020 r. \u00a0\u00a0\u00a0\u00a0\u00a0\u00a0\u00a0\u00a0\u00a0\u00a0\u00a0\u00a0\u00a0\u00a0\u00a0\u00a0\u00a0\u00a0\u00a0\u00a0\u00a0 \u00a0\u00a0\u00a0\u00a0\u00a0\u00a0\u00a0\u00a0\u00a0 \u00a0 \u00a0 \u00a0 \u00a0 \u00a0 \u00a0 \u00a0 \u00a0 \u00a0 \u00a0 \u00a0 \u00a0 \u00a0 \u00a0 \u00a0 \u00a0 \u00a0 \u00a0 \u00a0 \u00a0 \u00a0 \u00a0 \u00a0 \u00a0 \u00a0 \u00a0 \u00a0 \u00a0 \u00a0\u00a0III NIEDZIELA ZWYK\u0141A &nbsp; &nbsp; Sko\u0144czy\u0142y si\u0119 ferie zimowe dla dzieci i m\u0142odzie\u017cy. Rozpocz\u0105\u0142 si\u0119 czas pracy [&hellip;]<\/p>\n","protected":false},"author":0,"featured_media":0,"comment_status":"closed","ping_status":"closed","sticky":false,"template":"","format":"standard","meta":{"ngg_post_thumbnail":0,"footnotes":""},"categories":[3],"tags":[],"class_list":["post-1954","post","type-post","status-publish","format-standard","hentry","category-ogloszenia"],"aioseo_notices":[],"_links":{"self":[{"href":"https:\/\/parafiakrzyzowa.pl\/index.php?rest_route=\/wp\/v2\/posts\/1954","targetHints":{"allow":["GET"]}}],"collection":[{"href":"https:\/\/parafiakrzyzowa.pl\/index.php?rest_route=\/wp\/v2\/posts"}],"about":[{"href":"https:\/\/parafiakrzyzowa.pl\/index.php?rest_route=\/wp\/v2\/types\/post"}],"replies":[{"embeddable":true,"href":"https:\/\/parafiakrzyzowa.pl\/index.php?rest_route=%2Fwp%2Fv2%2Fcomments&post=1954"}],"version-history":[{"count":1,"href":"https:\/\/parafiakrzyzowa.pl\/index.php?rest_route=\/wp\/v2\/posts\/1954\/revisions"}],"predecessor-version":[{"id":1955,"href":"https:\/\/parafiakrzyzowa.pl\/index.php?rest_route=\/wp\/v2\/posts\/1954\/revisions\/1955"}],"wp:attachment":[{"href":"https:\/\/parafiakrzyzowa.pl\/index.php?rest_route=%2Fwp%2Fv2%2Fmedia&parent=1954"}],"wp:term":[{"taxonomy":"category","embeddable":true,"href":"https:\/\/parafiakrzyzowa.pl\/index.php?rest_route=%2Fwp%2Fv2%2Fcategories&post=1954"},{"taxonomy":"post_tag","embeddable":true,"href":"https:\/\/parafiakrzyzowa.pl\/index.php?rest_route=%2Fwp%2Fv2%2Ftags&post=1954"}],"curies":[{"name":"wp","href":"https:\/\/api.w.org\/{rel}","templated":true}]}}