{"id":2094,"date":"2020-05-23T08:08:54","date_gmt":"2020-05-23T08:08:54","guid":{"rendered":"https:\/\/parafiakrzyzowa.pl\/?p=2094"},"modified":"2020-05-23T08:12:31","modified_gmt":"2020-05-23T08:12:31","slug":"2094","status":"publish","type":"post","link":"https:\/\/parafiakrzyzowa.pl\/?p=2094","title":{"rendered":""},"content":{"rendered":"<p><strong>\u00a0\u00a0\u00a0\u00a0\u00a0\u00a0\u00a0\u00a0\u00a0\u00a0\u00a0\u00a0\u00a0\u00a0\u00a0\u00a0\u00a0\u00a0\u00a0\u00a0\u00a0\u00a0\u00a0\u00a0\u00a0\u00a0\u00a0\u00a0\u00a0\u00a0\u00a0\u00a0\u00a0\u00a0\u00a0\u00a0\u00a0\u00a0\u00a0\u00a0\u00a0\u00a0\u00a0\u00a0\u00a0\u00a0\u00a0\u00a0\u00a0\u00a0\u00a0\u00a0\u00a0\u00a0\u00a0\u00a0\u00a0\u00a0\u00a0\u00a0\u00a0\u00a0\u00a0\u00a0\u00a0\u00a0\u00a0\u00a0\u00a0\u00a0\u00a0\u00a0\u00a0\u00a0\u00a0\u00a0\u00a0 \u00a0\u00a0\u00a0\u00a0\u00a0\u00a0\u00a0\u00a0\u00a0\u00a0\u00a0\u00a0\u00a0\u00a0\u00a0\u00a0\u00a0\u00a0\u00a0\u00a0\u00a0\u00a0\u00a0\u00a0\u00a0\u00a0\u00a0<\/strong><strong>Krzy\u017cowa dn. 24. V. 2020 r.<\/strong><\/p>\n<p><strong>\u00a0\u00a0\u00a0\u00a0\u00a0\u00a0\u00a0\u00a0\u00a0\u00a0\u00a0\u00a0\u00a0\u00a0\u00a0\u00a0\u00a0\u00a0 \u00a0\u00a0\u00a0\u00a0\u00a0\u00a0\u00a0\u00a0\u00a0\u00a0\u00a0<\/strong><strong>\u00a0<\/strong><\/p>\n<p><strong><u>\u00a0NIEDZIELA\u00a0 WIEBOWST\u0104PIENIA PA\u0143SKIEGO<\/u><\/strong><\/p>\n<p>&nbsp;<\/p>\n<p>Zapraszam jeszcze dzisiaj na nabo\u017ce\u0144stwo majowe o godz. 17:30. Trwa r\u00f3wnie\u017c Nowenna przed zes\u0142aniem Ducha \u015awi\u0119tego. W naszym ko\u015bciele \u00a0mo\u017ce by\u0107 obecnych na mszy \u015bw. 30 wiernych. Jest jednak pi\u0119kna pogoda i dodatkowa msza \u015bw. o godz. 9:30 dlatego coraz wi\u0119cej parafian mo\u017ce uczestniczy\u0107 w mszy \u015bw. do czego serdecznie zach\u0119cam.\u00a0 R\u00f3wnie\u017c zapraszam na codzienn\u0105 msz\u0119 \u015bw. i maj\u00f3wk\u0119\u00a0 . Mog\u0105 ju\u017c przychodzi\u0107 dzieci poni\u017cej 13 roku \u017cycia. Bardzo prosz\u0119. Aby dzieci komunijne przychodzi\u0142y z rodzicami na msze \u015bw. i maj\u00f3wki w dni powszednie.<\/p>\n<p>&nbsp;<\/p>\n<p>Dzi\u0119kuj\u0119 bardzo serdecznie za ofiary sk\u0142adane na utrzymanie parafii.<\/p>\n<p>&nbsp;<\/p>\n<p>B\u00f3g zap\u0142a\u0107 za sprz\u0105tanie ko\u015bcio\u0142a w tym tygodniu. Nast\u0119pne sprz\u0105tanie w sobot\u0119 o godz. 9:00. Sprz\u0105taj\u0105 Panie: Ewa Majcherek Helena Habzda Wies\u0142awa Wrzeszcz Monika Majcherek<\/p>\n<p>&nbsp;<\/p>\n<p>Liturgia pogrzeb\u00f3w wraca do normalno\u015bci czyli msza \u015bw. pogrzebowa jest odprawiana przy trumnie\u00a0 z cia\u0142em zmar\u0142ego .<\/p>\n<p>&nbsp;<\/p>\n<p>We wtorek przypada Dzie\u0144 Matki . B\u0119dziemy si\u0119 modli\u0107 za mamy na nabo\u017ce\u0144stwie majowym. Bardzo serdecznie zapraszam.<\/p>\n<p>Bardzo serdecznie dzi\u0119kuj\u0119 P. Andrzejowi G\u00f3rze za skoszenie trawy wok\u00f3\u0142 ko\u015bcio\u0142a i plebanii.<\/p>\n<p>&nbsp;<\/p>\n<p>Kalendarz liturgiczny<\/p>\n<p>&nbsp;<\/p>\n<p>Wtorek \u2013 wsp. \u015bw. Filipa Nereusza kap\u0142ana<\/p>\n<p>Pi\u0105tek \u2013 wsp. \u015bw. Urszuli Led\u00f3chowskiej dziewicy<\/p>\n<p>Sobota \u2013 wsp. \u015bw. Jana Sarkandra kap\u0142ana i m\u0119czennika patrona naszej diecezji Bielsko-\u017cywieckiej.<\/p>\n<p>&nbsp;<\/p>\n<p>W ostatnim tygodniu odszed\u0142 do Pana z naszej rodziny parafialnej \u015bp. J\u00f3zef Michalec<\/p>\n<p>Wieczny odpoczynek racz mu da\u0107 Panie\u2026\u2026\u2026\u2026\u2026..<\/p>\n<p>&nbsp;<\/p>\n","protected":false},"excerpt":{"rendered":"<p>\u00a0\u00a0\u00a0\u00a0\u00a0\u00a0\u00a0\u00a0\u00a0\u00a0\u00a0\u00a0\u00a0\u00a0\u00a0\u00a0\u00a0\u00a0\u00a0\u00a0\u00a0\u00a0\u00a0\u00a0\u00a0\u00a0\u00a0\u00a0\u00a0\u00a0\u00a0\u00a0\u00a0\u00a0\u00a0\u00a0\u00a0\u00a0\u00a0\u00a0\u00a0\u00a0\u00a0\u00a0\u00a0\u00a0\u00a0\u00a0\u00a0\u00a0\u00a0\u00a0\u00a0\u00a0\u00a0\u00a0\u00a0\u00a0\u00a0\u00a0\u00a0\u00a0\u00a0\u00a0\u00a0\u00a0\u00a0\u00a0\u00a0\u00a0\u00a0\u00a0\u00a0\u00a0\u00a0\u00a0\u00a0 \u00a0\u00a0\u00a0\u00a0\u00a0\u00a0\u00a0\u00a0\u00a0\u00a0\u00a0\u00a0\u00a0\u00a0\u00a0\u00a0\u00a0\u00a0\u00a0\u00a0\u00a0\u00a0\u00a0\u00a0\u00a0\u00a0\u00a0Krzy\u017cowa dn. 24. V. 2020 r. \u00a0\u00a0\u00a0\u00a0\u00a0\u00a0\u00a0\u00a0\u00a0\u00a0\u00a0\u00a0\u00a0\u00a0\u00a0\u00a0\u00a0\u00a0 \u00a0\u00a0\u00a0\u00a0\u00a0\u00a0\u00a0\u00a0\u00a0\u00a0\u00a0\u00a0 \u00a0NIEDZIELA\u00a0 WIEBOWST\u0104PIENIA PA\u0143SKIEGO &nbsp; Zapraszam jeszcze dzisiaj na nabo\u017ce\u0144stwo majowe o godz. 17:30. Trwa r\u00f3wnie\u017c Nowenna przed zes\u0142aniem Ducha \u015awi\u0119tego. W naszym ko\u015bciele \u00a0mo\u017ce by\u0107 obecnych na mszy \u015bw. 30 wiernych. Jest jednak pi\u0119kna pogoda i dodatkowa msza \u015bw. o godz. 9:30 dlatego coraz wi\u0119cej parafian [&hellip;]<\/p>\n","protected":false},"author":0,"featured_media":0,"comment_status":"closed","ping_status":"closed","sticky":false,"template":"","format":"standard","meta":{"ngg_post_thumbnail":0,"footnotes":""},"categories":[3],"tags":[],"class_list":["post-2094","post","type-post","status-publish","format-standard","hentry","category-ogloszenia"],"aioseo_notices":[],"_links":{"self":[{"href":"https:\/\/parafiakrzyzowa.pl\/index.php?rest_route=\/wp\/v2\/posts\/2094","targetHints":{"allow":["GET"]}}],"collection":[{"href":"https:\/\/parafiakrzyzowa.pl\/index.php?rest_route=\/wp\/v2\/posts"}],"about":[{"href":"https:\/\/parafiakrzyzowa.pl\/index.php?rest_route=\/wp\/v2\/types\/post"}],"replies":[{"embeddable":true,"href":"https:\/\/parafiakrzyzowa.pl\/index.php?rest_route=%2Fwp%2Fv2%2Fcomments&post=2094"}],"version-history":[{"count":3,"href":"https:\/\/parafiakrzyzowa.pl\/index.php?rest_route=\/wp\/v2\/posts\/2094\/revisions"}],"predecessor-version":[{"id":2097,"href":"https:\/\/parafiakrzyzowa.pl\/index.php?rest_route=\/wp\/v2\/posts\/2094\/revisions\/2097"}],"wp:attachment":[{"href":"https:\/\/parafiakrzyzowa.pl\/index.php?rest_route=%2Fwp%2Fv2%2Fmedia&parent=2094"}],"wp:term":[{"taxonomy":"category","embeddable":true,"href":"https:\/\/parafiakrzyzowa.pl\/index.php?rest_route=%2Fwp%2Fv2%2Fcategories&post=2094"},{"taxonomy":"post_tag","embeddable":true,"href":"https:\/\/parafiakrzyzowa.pl\/index.php?rest_route=%2Fwp%2Fv2%2Ftags&post=2094"}],"curies":[{"name":"wp","href":"https:\/\/api.w.org\/{rel}","templated":true}]}}