{"id":2105,"date":"2020-06-06T05:05:27","date_gmt":"2020-06-06T05:05:27","guid":{"rendered":"https:\/\/parafiakrzyzowa.pl\/?p=2105"},"modified":"2020-06-06T05:05:34","modified_gmt":"2020-06-06T05:05:34","slug":"2105","status":"publish","type":"post","link":"https:\/\/parafiakrzyzowa.pl\/?p=2105","title":{"rendered":""},"content":{"rendered":"<p>&nbsp;<\/p>\n<p><strong>\u00a0\u00a0\u00a0\u00a0\u00a0\u00a0\u00a0\u00a0\u00a0\u00a0\u00a0\u00a0\u00a0\u00a0\u00a0\u00a0\u00a0\u00a0\u00a0\u00a0\u00a0\u00a0\u00a0\u00a0\u00a0\u00a0\u00a0\u00a0\u00a0\u00a0\u00a0\u00a0\u00a0\u00a0\u00a0\u00a0\u00a0\u00a0\u00a0\u00a0\u00a0\u00a0\u00a0\u00a0\u00a0\u00a0\u00a0\u00a0\u00a0\u00a0\u00a0\u00a0\u00a0\u00a0\u00a0\u00a0\u00a0\u00a0\u00a0\u00a0\u00a0\u00a0\u00a0\u00a0\u00a0\u00a0\u00a0\u00a0\u00a0\u00a0\u00a0\u00a0\u00a0\u00a0\u00a0\u00a0\u00a0\u00a0 <\/strong><\/p>\n<p><strong>\u00a0\u00a0\u00a0\u00a0\u00a0\u00a0\u00a0\u00a0\u00a0\u00a0\u00a0\u00a0\u00a0\u00a0\u00a0\u00a0\u00a0\u00a0\u00a0\u00a0\u00a0\u00a0\u00a0\u00a0\u00a0\u00a0\u00a0\u00a0\u00a0\u00a0\u00a0\u00a0\u00a0\u00a0\u00a0\u00a0\u00a0\u00a0\u00a0 <\/strong><strong>\u00a0<u>INTENCJE MSZY\u00a0 \u015aWI\u0118TYCH<\/u><\/strong><\/p>\n<p>&nbsp;<\/p>\n<p><strong><u>NIEDZIELA \u00a07.VI . 2020r.<\/u><\/strong><\/p>\n<p>Godz. 8:00 \u00a0\u00a0&#8211;\u00a0\u00a0\u00a0 + W\u0142adys\u0142aw J\u0119drzejas<\/p>\n<p>Godz.11:00\u00a0 &#8211;\u00a0 \u00a0\u00a0+ W\u0142adys\u0142aw Ryczek w 5r. \u015bmierci<\/p>\n<p>Godz. 18\u00a0\u00a0 \u00a0\u00a0\u00a0&#8211; \u00a0\u00a0\u00a0+ W\u0142adys\u0142aw Hernas w 3r. \u015bmierci<\/p>\n<p><u>\u00a0<strong>PONIEDZIA\u0141EK \u00a08.VI. 2020r.<\/strong>\u00a0\u00a0\u00a0\u00a0\u00a0\u00a0\u00a0\u00a0\u00a0\u00a0\u00a0 <\/u><\/p>\n<p>Godz. 18 \u00a0\u00a0&#8211;\u00a0\u00a0\u00a0\u00a0\u00a0\u00a0 + J\u00f3zef Michalec<\/p>\n<p><strong><u>WTOREK 9.VI. 2020r.<\/u><\/strong><\/p>\n<p>Godz. 7:00 &#8211;\u00a0\u00a0\u00a0\u00a0\u00a0 \u00a0\u00a0\u00a0W pewnej intencji<\/p>\n<p><strong><u>\u015aRODA\u00a0 10 .VI.\u00a0 2020r.<\/u><\/strong><\/p>\n<p>Godz. 18 \u00a0\u00a0\u00a0&#8211;\u00a0\u00a0\u00a0\u00a0 \u00a0\u00a0+\u00a0 Joanna Hubka od r. S\u0142owiaczek<\/p>\n<p><strong><u>\u00a0<\/u><\/strong><strong><u>CZWARTEK 11 .VI. 2020r. BO\u017bE CIA\u0141O<\/u><\/strong><\/p>\n<p>Godz. 8 :00\u00a0 &#8211;\u00a0 ++ Marianna Majcherek m\u0105\u017c Wojciech<\/p>\n<p>Godz. 11\u00a0\u00a0\u00a0\u00a0\u00a0 &#8211;\u00a0\u00a0\u00a0\u00a0 + J\u00f3zef Walig\u00f3ra w 26r. \u015bmierci<\/p>\n<p>Godz. 18\u00a0\u00a0\u00a0\u00a0\u00a0 &#8211;\u00a0\u00a0\u00a0\u00a0\u00a0\u00a0\u00a0 W intencji Parafii<\/p>\n<p><strong><u>\u00a0<\/u><\/strong><strong><u>PI\u0104TEK \u00a012 .VI. 2020r. <\/u><\/strong><\/p>\n<p>Godz. 18\u00a0\u00a0 &#8211; \u00a0\u00a0\u00a0\u00a0\u00a0\u00a0\u00a0\u00a0\u00a0\u00a0O zdrowie i b\u0142. Bo\u017ce dla cz\u0142onki\u0144 R\u00f3\u017cy \u015bw. Anny i wieczny pok\u00f3j dla zmar\u0142ych<\/p>\n<p><strong><u>\u00a0<\/u><\/strong><strong><u>SOBOTA 13 .VI. 2020 r.<\/u><\/strong><\/p>\n<p>Godz. 18 \u00a0\u00a0&#8211; \u00a0\u00a0\u00a0\u00a0++ Wojciech Majcherek \u017cona Karolina syn J\u00f3zef<\/p>\n<p>Godz. 19\u00a0\u00a0 &#8211; Krzy\u017c\u00f3wki\u00a0 + Maria Niewdana w 2r. \u015bmierci<\/p>\n<p><strong><u>NIEDZIELA 14. VI . 2020r. <\/u><\/strong><\/p>\n<p>Godz.8:00 \u00a0\u00a0&#8211;\u00a0 \u00a0\u00a0\u00a0\u00a0+\u00a0 J\u00f3zef Pastor w 18r. \u015bmierci<\/p>\n<p>Godz.11:00 &#8211; \u00a0\u00a0\u00a0\u00a0\u00a0+\u00a0 Kazimierz Strza\u0142ka w 6r. \u015bmierci<\/p>\n<p>Godz. 18 \u00a0\u00a0\u00a0\u00a0&#8211; \u00a0\u00a0\u00a0++ Zofia S\u0142owik m\u0105\u017c W\u0142adys\u0142aw<\/p>\n<p>&nbsp;<\/p>\n","protected":false},"excerpt":{"rendered":"<p>&nbsp; \u00a0\u00a0\u00a0\u00a0\u00a0\u00a0\u00a0\u00a0\u00a0\u00a0\u00a0\u00a0\u00a0\u00a0\u00a0\u00a0\u00a0\u00a0\u00a0\u00a0\u00a0\u00a0\u00a0\u00a0\u00a0\u00a0\u00a0\u00a0\u00a0\u00a0\u00a0\u00a0\u00a0\u00a0\u00a0\u00a0\u00a0\u00a0\u00a0\u00a0\u00a0\u00a0\u00a0\u00a0\u00a0\u00a0\u00a0\u00a0\u00a0\u00a0\u00a0\u00a0\u00a0\u00a0\u00a0\u00a0\u00a0\u00a0\u00a0\u00a0\u00a0\u00a0\u00a0\u00a0\u00a0\u00a0\u00a0\u00a0\u00a0\u00a0\u00a0\u00a0\u00a0\u00a0\u00a0\u00a0\u00a0\u00a0 \u00a0\u00a0\u00a0\u00a0\u00a0\u00a0\u00a0\u00a0\u00a0\u00a0\u00a0\u00a0\u00a0\u00a0\u00a0\u00a0\u00a0\u00a0\u00a0\u00a0\u00a0\u00a0\u00a0\u00a0\u00a0\u00a0\u00a0\u00a0\u00a0\u00a0\u00a0\u00a0\u00a0\u00a0\u00a0\u00a0\u00a0\u00a0\u00a0 \u00a0INTENCJE MSZY\u00a0 \u015aWI\u0118TYCH &nbsp; NIEDZIELA \u00a07.VI . 2020r. Godz. 8:00 \u00a0\u00a0&#8211;\u00a0\u00a0\u00a0 + W\u0142adys\u0142aw J\u0119drzejas Godz.11:00\u00a0 &#8211;\u00a0 \u00a0\u00a0+ W\u0142adys\u0142aw Ryczek w 5r. \u015bmierci Godz. 18\u00a0\u00a0 \u00a0\u00a0\u00a0&#8211; \u00a0\u00a0\u00a0+ W\u0142adys\u0142aw Hernas w 3r. \u015bmierci \u00a0PONIEDZIA\u0141EK \u00a08.VI. 2020r.\u00a0\u00a0\u00a0\u00a0\u00a0\u00a0\u00a0\u00a0\u00a0\u00a0\u00a0 Godz. 18 \u00a0\u00a0&#8211;\u00a0\u00a0\u00a0\u00a0\u00a0\u00a0 + J\u00f3zef Michalec WTOREK 9.VI. 2020r. Godz. 7:00 &#8211;\u00a0\u00a0\u00a0\u00a0\u00a0 \u00a0\u00a0\u00a0W pewnej intencji \u015aRODA\u00a0 10 .VI.\u00a0 [&hellip;]<\/p>\n","protected":false},"author":0,"featured_media":0,"comment_status":"closed","ping_status":"closed","sticky":false,"template":"","format":"standard","meta":{"ngg_post_thumbnail":0,"footnotes":""},"categories":[7],"tags":[],"class_list":["post-2105","post","type-post","status-publish","format-standard","hentry","category-intencje"],"aioseo_notices":[],"_links":{"self":[{"href":"https:\/\/parafiakrzyzowa.pl\/index.php?rest_route=\/wp\/v2\/posts\/2105","targetHints":{"allow":["GET"]}}],"collection":[{"href":"https:\/\/parafiakrzyzowa.pl\/index.php?rest_route=\/wp\/v2\/posts"}],"about":[{"href":"https:\/\/parafiakrzyzowa.pl\/index.php?rest_route=\/wp\/v2\/types\/post"}],"replies":[{"embeddable":true,"href":"https:\/\/parafiakrzyzowa.pl\/index.php?rest_route=%2Fwp%2Fv2%2Fcomments&post=2105"}],"version-history":[{"count":1,"href":"https:\/\/parafiakrzyzowa.pl\/index.php?rest_route=\/wp\/v2\/posts\/2105\/revisions"}],"predecessor-version":[{"id":2106,"href":"https:\/\/parafiakrzyzowa.pl\/index.php?rest_route=\/wp\/v2\/posts\/2105\/revisions\/2106"}],"wp:attachment":[{"href":"https:\/\/parafiakrzyzowa.pl\/index.php?rest_route=%2Fwp%2Fv2%2Fmedia&parent=2105"}],"wp:term":[{"taxonomy":"category","embeddable":true,"href":"https:\/\/parafiakrzyzowa.pl\/index.php?rest_route=%2Fwp%2Fv2%2Fcategories&post=2105"},{"taxonomy":"post_tag","embeddable":true,"href":"https:\/\/parafiakrzyzowa.pl\/index.php?rest_route=%2Fwp%2Fv2%2Ftags&post=2105"}],"curies":[{"name":"wp","href":"https:\/\/api.w.org\/{rel}","templated":true}]}}