{"id":2108,"date":"2020-06-06T05:09:23","date_gmt":"2020-06-06T05:09:23","guid":{"rendered":"https:\/\/parafiakrzyzowa.pl\/?p=2108"},"modified":"2020-06-06T05:09:31","modified_gmt":"2020-06-06T05:09:31","slug":"2108","status":"publish","type":"post","link":"https:\/\/parafiakrzyzowa.pl\/?p=2108","title":{"rendered":""},"content":{"rendered":"<p>&nbsp;<\/p>\n<p><strong>Krzy\u017cowa dn. 7. VI. 2020 r.<\/strong><\/p>\n<p><strong>\u00a0\u00a0\u00a0\u00a0\u00a0\u00a0\u00a0\u00a0\u00a0\u00a0\u00a0\u00a0\u00a0\u00a0\u00a0\u00a0\u00a0\u00a0\u00a0\u00a0\u00a0\u00a0\u00a0\u00a0\u00a0\u00a0\u00a0\u00a0\u00a0 <\/strong><strong>\u00a0<\/strong><\/p>\n<p><strong><u>\u00a0UROCZYSTO\u015a\u0106 \u015aWI\u0118TEJ TR\u00d3JCY<\/u><\/strong><\/p>\n<p>&nbsp;<\/p>\n<p>Dzi\u015b przypada I niedziela miesi\u0105ca . Po ka\u017cdej mszy \u015bw. adoracja Pana Jezusa w Naj\u015bwi\u0119tszym Sakramencie.<\/p>\n<p>Zapraszam bardzo serdecznie jeszcze dzisiaj na nabo\u017ce\u0144stwo czerwcowe.<\/p>\n<p>Przypominam, \u017ce nabo\u017ce\u0144stwa czerwcowe w dni powszednie s\u0105 po mszach \u015bw. a w niedziele i \u015bwi\u0119ta przed wieczorn\u0105 Eucharysti\u0105 . Bardzo serdecznie zapraszam.<\/p>\n<p>W \u015brod\u0119 bardzo serdecznie prosz\u0119 o r\u00f3\u017caniec w intencji naszej Ojczyzny przed wyborami prezydenckimi.<\/p>\n<p>W czwartek przypada uroczysto\u015b\u0107 Bo\u017cego Cia\u0142a. Po mszy \u015bw. o godz.11 procesja do 4 o\u0142tarzy. Bardzo prosz\u0119 , aby stra\u017cacy nie\u015bli baldachim . Niestety dziewczynki nie b\u0119d\u0105 sypa\u0107 kwiat\u00f3w r\u00f3wnie\u017c\u00a0 \u00a0 \u00a0 \u00a0 \u00a0 \u00a0 w oktawie Bo\u017cego Cia\u0142a w czasie procesji wok\u00f3\u0142 ko\u015bcio\u0142a. Pami\u0119tamy, \u017ce w ko\u015bciele mamy maseczki i r\u00f3wnie\u017c w czasie procesji nosimy maseczki poniewa\u017c nie b\u0119dziemy mogli zachowa\u0107 2 metrowej odleg\u0142o\u015bci mi\u0119dzy sob\u0105.<\/p>\n<p>W poniedzia\u0142ek po wieczornej mszy \u015bw. spotkanie z kandydatami do bierzmowania ze \u015bwiadkami\u00a0 \u00a0 \u00a0 \u00a0i rodzicami kt\u00f3rzy b\u0119d\u0105 wita\u0107 ks. Biskupa.<\/p>\n<p>Zach\u0119cam do nabywania prasy katolickiej.<\/p>\n<p>B\u00f3g zap\u0142a\u0107 za ofiary na rodzin\u0119 syryjsk\u0105.<\/p>\n<p>B\u00f3g zap\u0142a\u0107 za sprz\u0105tanie ko\u015bcio\u0142a w tym tygodniu. Nast\u0119pne sprz\u0105tanie b\u0119dzie w sobot\u0119 o godz. 9:00. Sprz\u0105taj\u0105 Panie: Halina Cima\u0142a Bernadeta Cima\u0142a \u017banna Pi\u00f3recka Maria J\u0119drzejas. Nie kupujemy kwiat\u00f3w.<\/p>\n<p>Bardzo dzi\u0119kuj\u0119 Panu Kazimierzowi Wyr\u00f3dowi, \u017ce nam zrobi\u0142 przy parkingu tablice na kt\u00f3rej mo\u017cna wywiesza\u0107 jakie\u015b informacje i niestety klepsydry<\/p>\n<p>W czwartek w Bo\u017ce Cia\u0142o Rady naszej parafii b\u0119d\u0105 zbiera\u0107 ostatni\u0105 ofiar\u0119 na sp\u0142acenie d\u0142ugu za remont organ\u00f3w.<\/p>\n<p>Spotkanie ca\u0142ej s\u0142u\u017cby liturgicznej o\u0142tarza b\u0119dzie w \u015brod\u0119 po wieczornej mszy \u015bwi\u0119tej. Jestem dumny ,\u017ce nasza s\u0142u\u017cba nie przel\u0119k\u0142a si\u0119 wirusa i dzielnie s\u0142u\u017cy\u0142a Panu Jezusowi w czasie epidemii.Przypominam o obowi\u0105zku uczestniczenia we mszy \u015bw. niedzielnej dzieci przygotowuj\u0105cych si\u0119 do I Komunii \u015bw. z rodzicami. Bez mszy \u015bw. niedzielnej mo\u017cna przygotowa\u0107 dzieci do przedstawienia pt. I komunia \u015bw. ale nie do spotkania dzieci z \u017cywym Chrystusem w Eucharystii.<\/p>\n<p>Bardzo dzi\u0119kuj\u0119 Panu Andrzejowi G\u00f3rze i Karolkowi za skoszenie trawy przy ko\u015bciele.<\/p>\n<p>&nbsp;<\/p>\n<p>Kalendarz liturgiczny<\/p>\n<p>Czwartek \u2013 Uroczysto\u015b\u0107 Naj\u015bwi\u0119tszego Cia\u0142a i Krwi Pana Jezusa<\/p>\n<p>Sobota \u2013 wsp. \u015bw. Antoniego z Padwy kap\u0142ana i Doktora Ko\u015bcio\u0142a<\/p>\n<p>W ostatnim tygodniu odszed\u0142 do Pana z naszej rodziny parafialnej po wieczn\u0105 nagrod\u0119 \u015bp. J\u00f3zef Majcherek\u00a0\u00a0\u00a0\u00a0\u00a0\u00a0 wieczny odpoczynek racz mu da\u0107 Panie\u2026\u2026.<\/p>\n<p>&nbsp;<\/p>\n","protected":false},"excerpt":{"rendered":"<p>&nbsp; Krzy\u017cowa dn. 7. VI. 2020 r. \u00a0\u00a0\u00a0\u00a0\u00a0\u00a0\u00a0\u00a0\u00a0\u00a0\u00a0\u00a0\u00a0\u00a0\u00a0\u00a0\u00a0\u00a0\u00a0\u00a0\u00a0\u00a0\u00a0\u00a0\u00a0\u00a0\u00a0\u00a0\u00a0 \u00a0 \u00a0UROCZYSTO\u015a\u0106 \u015aWI\u0118TEJ TR\u00d3JCY &nbsp; Dzi\u015b przypada I niedziela miesi\u0105ca . Po ka\u017cdej mszy \u015bw. adoracja Pana Jezusa w Naj\u015bwi\u0119tszym Sakramencie. Zapraszam bardzo serdecznie jeszcze dzisiaj na nabo\u017ce\u0144stwo czerwcowe. Przypominam, \u017ce nabo\u017ce\u0144stwa czerwcowe w dni powszednie s\u0105 po mszach \u015bw. a w niedziele i \u015bwi\u0119ta przed wieczorn\u0105 [&hellip;]<\/p>\n","protected":false},"author":0,"featured_media":0,"comment_status":"closed","ping_status":"closed","sticky":false,"template":"","format":"standard","meta":{"ngg_post_thumbnail":0,"footnotes":""},"categories":[3],"tags":[],"class_list":["post-2108","post","type-post","status-publish","format-standard","hentry","category-ogloszenia"],"aioseo_notices":[],"_links":{"self":[{"href":"https:\/\/parafiakrzyzowa.pl\/index.php?rest_route=\/wp\/v2\/posts\/2108","targetHints":{"allow":["GET"]}}],"collection":[{"href":"https:\/\/parafiakrzyzowa.pl\/index.php?rest_route=\/wp\/v2\/posts"}],"about":[{"href":"https:\/\/parafiakrzyzowa.pl\/index.php?rest_route=\/wp\/v2\/types\/post"}],"replies":[{"embeddable":true,"href":"https:\/\/parafiakrzyzowa.pl\/index.php?rest_route=%2Fwp%2Fv2%2Fcomments&post=2108"}],"version-history":[{"count":1,"href":"https:\/\/parafiakrzyzowa.pl\/index.php?rest_route=\/wp\/v2\/posts\/2108\/revisions"}],"predecessor-version":[{"id":2109,"href":"https:\/\/parafiakrzyzowa.pl\/index.php?rest_route=\/wp\/v2\/posts\/2108\/revisions\/2109"}],"wp:attachment":[{"href":"https:\/\/parafiakrzyzowa.pl\/index.php?rest_route=%2Fwp%2Fv2%2Fmedia&parent=2108"}],"wp:term":[{"taxonomy":"category","embeddable":true,"href":"https:\/\/parafiakrzyzowa.pl\/index.php?rest_route=%2Fwp%2Fv2%2Fcategories&post=2108"},{"taxonomy":"post_tag","embeddable":true,"href":"https:\/\/parafiakrzyzowa.pl\/index.php?rest_route=%2Fwp%2Fv2%2Ftags&post=2108"}],"curies":[{"name":"wp","href":"https:\/\/api.w.org\/{rel}","templated":true}]}}